{"id":3713,"date":"2024-10-29T02:23:39","date_gmt":"2024-10-29T02:23:39","guid":{"rendered":"http:\/\/www.vuce.gob.ve\/?p=3713"},"modified":"2025-04-18T11:23:57","modified_gmt":"2025-04-18T11:23:57","slug":"presidente-instruye-sustituir-importaciones-impulsar-las-exportaciones-y-satisfacer-el-mercado-nacional","status":"publish","type":"post","link":"http:\/\/www.vuce.gob.ve\/index.php\/2024\/10\/29\/presidente-instruye-sustituir-importaciones-impulsar-las-exportaciones-y-satisfacer-el-mercado-nacional\/","title":{"rendered":"Presidente instruye sustituir importaciones, impulsar las exportaciones y satisfacer el mercado nacional"},"content":{"rendered":"\n<p>El presidente de la Rep\u00fablica, Nicol\u00e1s Maduro, instruy\u00f3 sustituir \u201ccon un buen plan\u201d las importaciones de Venezuela para \u201cseguir satisfaciendo, con un mercado interno fuerte, con productos nacionales\u201d. <\/p>\n\n\n\n<p>\u201cPor ejemplo, todos los cr\u00e9ditos que se dan a los emprendedores hay que garantizar el producto nacional, para que no tengan que esperar importaciones para los productos que realizan\u201d, recalc\u00f3 el mandatario nacional este lunes durante la transmisi\u00f3n N\u00b0 64 del programa Con Maduro +. <\/p>\n\n\n\n<p>Calific\u00f3 como un logro sacar a la econom\u00eda de la diatriba y el conflicto pol\u00edtico. Tambi\u00e9n resalt\u00f3 las buenas relaciones de di\u00e1logo y trabajo con todos los actores econ\u00f3micos y empresarios del pa\u00eds. <\/p>\n\n\n\n<p>Asimismo, afirm\u00f3 que los empresarios del pa\u00eds saben que cuentan con su apoyo como presidente para impulsar el desarrollo econ\u00f3mico de todas sus empresas y \u201cen un todo de la econom\u00eda nacional\u201d. <\/p>\n\n\n\n<p>Reiter\u00f3 de ahora en adelante uno de los grandes motores es generar miles de emprendimientos para que la gente produzca sus propias actividades. <\/p>\n\n\n\n<p><strong>Venezuela presente en Ferias Internacionales <\/strong><\/p>\n\n\n\n<p>Por su parte, Daniela Cabello, presidenta de Marca Pa\u00eds, destac\u00f3 que en noviembre Venezuela participar\u00e1 en tres ferias: La Feria de la Habana, del 4 al 9; La Feria de Importaciones de Shangh\u00e1i del 5 al 10; y en la feria MUSIAD de T\u00fcrkiye del 26 al 29. \u201cTodos mercados aliados de Venezuela con relaciones bilaterales fuertes que usted ha construido y que los demostr\u00f3 en su reciente viaje internacional\u201d, subray\u00f3 Cabello.<\/p>\n","protected":false},"excerpt":{"rendered":"<p>El presidente de la Rep\u00fablica, Nicol\u00e1s Maduro, instruy\u00f3 sustituir \u201ccon un buen plan\u201d las importaciones de Venezuela para \u201cseguir satisfaciendo, con un mercado interno fuerte, con productos nacionales\u201d. <\/p>\n","protected":false},"author":1,"featured_media":3714,"comment_status":"closed","ping_status":"open","sticky":false,"template":"","format":"standard","meta":{"site-sidebar-layout":"default","site-content-layout":"default","ast-global-header-display":"","ast-main-header-display":"","ast-hfb-above-header-display":"","ast-hfb-below-header-display":"","ast-hfb-mobile-header-display":"","site-post-title":"","ast-breadcrumbs-content":"","ast-featured-img":"","footer-sml-layout":"","theme-transparent-header-meta":"","adv-header-id-meta":"","stick-header-meta":"","header-above-stick-meta":"","header-main-stick-meta":"","header-below-stick-meta":"","footnotes":""},"categories":[10],"tags":[11,21,12],"class_list":["post-3713","post","type-post","status-publish","format-standard","has-post-thumbnail","hentry","category-noticias","tag-exportacion","tag-nicolas-maduro","tag-venezuela"],"yoast_head":"<!-- This site is optimized with the Yoast SEO plugin v25.7 - https:\/\/yoast.com\/wordpress\/plugins\/seo\/ -->\n<title>Presidente instruye sustituir importaciones, impulsar las exportaciones y satisfacer el mercado nacional<\/title>\n<meta name=\"description\" content=\"El presidente de la Rep\u00fablica, Nicol\u00e1s Maduro, instruy\u00f3 sustituir \u201ccon un buen plan\u201d las importaciones de Venezuela para \u201cseguir satisfaciendo, con un mercado interno fuerte, con productos nacionales\u201d.\" \/>\n<meta name=\"robots\" content=\"index, follow, max-snippet:-1, max-image-preview:large, max-video-preview:-1\" \/>\n<link rel=\"canonical\" href=\"http:\/\/www.vuce.gob.ve\/index.php\/2024\/10\/29\/presidente-instruye-sustituir-importaciones-impulsar-las-exportaciones-y-satisfacer-el-mercado-nacional\/\" \/>\n<meta property=\"og:locale\" content=\"es_ES\" \/>\n<meta property=\"og:type\" content=\"article\" \/>\n<meta property=\"og:title\" content=\"Presidente instruye sustituir importaciones, impulsar las exportaciones y satisfacer el mercado nacional\" \/>\n<meta property=\"og:description\" content=\"El presidente de la Rep\u00fablica, Nicol\u00e1s Maduro, instruy\u00f3 sustituir \u201ccon un buen plan\u201d las importaciones de Venezuela para \u201cseguir satisfaciendo, con un mercado interno fuerte, con productos nacionales\u201d.\" \/>\n<meta property=\"og:url\" content=\"http:\/\/www.vuce.gob.ve\/index.php\/2024\/10\/29\/presidente-instruye-sustituir-importaciones-impulsar-las-exportaciones-y-satisfacer-el-mercado-nacional\/\" \/>\n<meta property=\"og:site_name\" content=\"Portal VUCE\" \/>\n<meta property=\"article:publisher\" content=\"https:\/\/www.instagram.com\/vucevzla\/\" \/>\n<meta property=\"article:published_time\" content=\"2024-10-29T02:23:39+00:00\" \/>\n<meta property=\"article:modified_time\" content=\"2025-04-18T11:23:57+00:00\" \/>\n<meta property=\"og:image\" content=\"http:\/\/www.vuce.gob.ve\/wp-content\/uploads\/2024\/10\/6d9c4925-bb44-4eb8-9173-4f9d3d0fe79c.jpg\" \/>\n\t<meta property=\"og:image:width\" content=\"800\" \/>\n\t<meta property=\"og:image:height\" content=\"533\" \/>\n\t<meta property=\"og:image:type\" content=\"image\/jpeg\" \/>\n<meta name=\"author\" content=\"prensaVuce\" \/>\n<meta name=\"twitter:card\" content=\"summary_large_image\" \/>\n<meta name=\"twitter:label1\" content=\"Escrito por\" \/>\n\t<meta name=\"twitter:data1\" content=\"prensaVuce\" \/>\n\t<meta name=\"twitter:label2\" content=\"Tiempo de lectura\" \/>\n\t<meta name=\"twitter:data2\" content=\"1 minuto\" \/>\n<script type=\"application\/ld+json\" class=\"yoast-schema-graph\">{\"@context\":\"https:\/\/schema.org\",\"@graph\":[{\"@type\":\"Article\",\"@id\":\"http:\/\/www.vuce.gob.ve\/index.php\/2024\/10\/29\/presidente-instruye-sustituir-importaciones-impulsar-las-exportaciones-y-satisfacer-el-mercado-nacional\/#article\",\"isPartOf\":{\"@id\":\"http:\/\/www.vuce.gob.ve\/index.php\/2024\/10\/29\/presidente-instruye-sustituir-importaciones-impulsar-las-exportaciones-y-satisfacer-el-mercado-nacional\/\"},\"author\":{\"name\":\"prensaVuce\",\"@id\":\"http:\/\/www.vuce.gob.ve\/#\/schema\/person\/9948ccf612f79fdf2574612b10a3ed07\"},\"headline\":\"Presidente instruye sustituir importaciones, impulsar las exportaciones y satisfacer el mercado nacional\",\"datePublished\":\"2024-10-29T02:23:39+00:00\",\"dateModified\":\"2025-04-18T11:23:57+00:00\",\"mainEntityOfPage\":{\"@id\":\"http:\/\/www.vuce.gob.ve\/index.php\/2024\/10\/29\/presidente-instruye-sustituir-importaciones-impulsar-las-exportaciones-y-satisfacer-el-mercado-nacional\/\"},\"wordCount\":258,\"publisher\":{\"@id\":\"http:\/\/www.vuce.gob.ve\/#organization\"},\"image\":{\"@id\":\"http:\/\/www.vuce.gob.ve\/index.php\/2024\/10\/29\/presidente-instruye-sustituir-importaciones-impulsar-las-exportaciones-y-satisfacer-el-mercado-nacional\/#primaryimage\"},\"thumbnailUrl\":\"http:\/\/www.vuce.gob.ve\/wp-content\/uploads\/2024\/10\/6d9c4925-bb44-4eb8-9173-4f9d3d0fe79c.jpg\",\"keywords\":[\"exportaci\u00f3n\",\"Nicolas Maduro\",\"venezuela\"],\"articleSection\":[\"Noticias\"],\"inLanguage\":\"es\"},{\"@type\":\"WebPage\",\"@id\":\"http:\/\/www.vuce.gob.ve\/index.php\/2024\/10\/29\/presidente-instruye-sustituir-importaciones-impulsar-las-exportaciones-y-satisfacer-el-mercado-nacional\/\",\"url\":\"http:\/\/www.vuce.gob.ve\/index.php\/2024\/10\/29\/presidente-instruye-sustituir-importaciones-impulsar-las-exportaciones-y-satisfacer-el-mercado-nacional\/\",\"name\":\"Presidente instruye sustituir importaciones, impulsar las exportaciones y satisfacer el mercado nacional\",\"isPartOf\":{\"@id\":\"http:\/\/www.vuce.gob.ve\/#website\"},\"primaryImageOfPage\":{\"@id\":\"http:\/\/www.vuce.gob.ve\/index.php\/2024\/10\/29\/presidente-instruye-sustituir-importaciones-impulsar-las-exportaciones-y-satisfacer-el-mercado-nacional\/#primaryimage\"},\"image\":{\"@id\":\"http:\/\/www.vuce.gob.ve\/index.php\/2024\/10\/29\/presidente-instruye-sustituir-importaciones-impulsar-las-exportaciones-y-satisfacer-el-mercado-nacional\/#primaryimage\"},\"thumbnailUrl\":\"http:\/\/www.vuce.gob.ve\/wp-content\/uploads\/2024\/10\/6d9c4925-bb44-4eb8-9173-4f9d3d0fe79c.jpg\",\"datePublished\":\"2024-10-29T02:23:39+00:00\",\"dateModified\":\"2025-04-18T11:23:57+00:00\",\"description\":\"El presidente de la Rep\u00fablica, Nicol\u00e1s Maduro, instruy\u00f3 sustituir \u201ccon un buen plan\u201d las importaciones de Venezuela para \u201cseguir satisfaciendo, con un mercado interno fuerte, con productos nacionales\u201d.\",\"breadcrumb\":{\"@id\":\"http:\/\/www.vuce.gob.ve\/index.php\/2024\/10\/29\/presidente-instruye-sustituir-importaciones-impulsar-las-exportaciones-y-satisfacer-el-mercado-nacional\/#breadcrumb\"},\"inLanguage\":\"es\",\"potentialAction\":[{\"@type\":\"ReadAction\",\"target\":[\"http:\/\/www.vuce.gob.ve\/index.php\/2024\/10\/29\/presidente-instruye-sustituir-importaciones-impulsar-las-exportaciones-y-satisfacer-el-mercado-nacional\/\"]}]},{\"@type\":\"ImageObject\",\"inLanguage\":\"es\",\"@id\":\"http:\/\/www.vuce.gob.ve\/index.php\/2024\/10\/29\/presidente-instruye-sustituir-importaciones-impulsar-las-exportaciones-y-satisfacer-el-mercado-nacional\/#primaryimage\",\"url\":\"http:\/\/www.vuce.gob.ve\/wp-content\/uploads\/2024\/10\/6d9c4925-bb44-4eb8-9173-4f9d3d0fe79c.jpg\",\"contentUrl\":\"http:\/\/www.vuce.gob.ve\/wp-content\/uploads\/2024\/10\/6d9c4925-bb44-4eb8-9173-4f9d3d0fe79c.jpg\",\"width\":800,\"height\":533},{\"@type\":\"BreadcrumbList\",\"@id\":\"http:\/\/www.vuce.gob.ve\/index.php\/2024\/10\/29\/presidente-instruye-sustituir-importaciones-impulsar-las-exportaciones-y-satisfacer-el-mercado-nacional\/#breadcrumb\",\"itemListElement\":[{\"@type\":\"ListItem\",\"position\":1,\"name\":\"Portada\",\"item\":\"http:\/\/www.vuce.gob.ve\/\"},{\"@type\":\"ListItem\",\"position\":2,\"name\":\"Presidente instruye sustituir importaciones, impulsar las exportaciones y satisfacer el mercado nacional\"}]},{\"@type\":\"WebSite\",\"@id\":\"http:\/\/www.vuce.gob.ve\/#website\",\"url\":\"http:\/\/www.vuce.gob.ve\/\",\"name\":\"Portal VUCE\",\"description\":\"Ventanilla \u00danica de Comercio Exterior\",\"publisher\":{\"@id\":\"http:\/\/www.vuce.gob.ve\/#organization\"},\"potentialAction\":[{\"@type\":\"SearchAction\",\"target\":{\"@type\":\"EntryPoint\",\"urlTemplate\":\"http:\/\/www.vuce.gob.ve\/?s={search_term_string}\"},\"query-input\":{\"@type\":\"PropertyValueSpecification\",\"valueRequired\":true,\"valueName\":\"search_term_string\"}}],\"inLanguage\":\"es\"},{\"@type\":\"Organization\",\"@id\":\"http:\/\/www.vuce.gob.ve\/#organization\",\"name\":\"Portal VUCE\",\"url\":\"http:\/\/www.vuce.gob.ve\/\",\"logo\":{\"@type\":\"ImageObject\",\"inLanguage\":\"es\",\"@id\":\"http:\/\/www.vuce.gob.ve\/#\/schema\/logo\/image\/\",\"url\":\"http:\/\/www.vuce.gob.ve\/wp-content\/uploads\/2022\/04\/logo-1.png\",\"contentUrl\":\"http:\/\/www.vuce.gob.ve\/wp-content\/uploads\/2022\/04\/logo-1.png\",\"width\":625,\"height\":130,\"caption\":\"Portal VUCE\"},\"image\":{\"@id\":\"http:\/\/www.vuce.gob.ve\/#\/schema\/logo\/image\/\"},\"sameAs\":[\"https:\/\/www.instagram.com\/vucevzla\/\"]},{\"@type\":\"Person\",\"@id\":\"http:\/\/www.vuce.gob.ve\/#\/schema\/person\/9948ccf612f79fdf2574612b10a3ed07\",\"name\":\"prensaVuce\",\"image\":{\"@type\":\"ImageObject\",\"inLanguage\":\"es\",\"@id\":\"http:\/\/www.vuce.gob.ve\/#\/schema\/person\/image\/\",\"url\":\"http:\/\/www.vuce.gob.ve\/wp-content\/litespeed\/avatar\/aa32f7598b0f2a0b2a870e50d786d9f3.jpg?ver=1777417623\",\"contentUrl\":\"http:\/\/www.vuce.gob.ve\/wp-content\/litespeed\/avatar\/aa32f7598b0f2a0b2a870e50d786d9f3.jpg?ver=1777417623\",\"caption\":\"prensaVuce\"},\"sameAs\":[\"http:\/\/172.30.211.18\/wordpress\"]}]}<\/script>\n<!-- \/ Yoast SEO plugin. -->","yoast_head_json":{"title":"Presidente instruye sustituir importaciones, impulsar las exportaciones y satisfacer el mercado nacional","description":"El presidente de la Rep\u00fablica, Nicol\u00e1s Maduro, instruy\u00f3 sustituir \u201ccon un buen plan\u201d las importaciones de Venezuela para \u201cseguir satisfaciendo, con un mercado interno fuerte, con productos nacionales\u201d.","robots":{"index":"index","follow":"follow","max-snippet":"max-snippet:-1","max-image-preview":"max-image-preview:large","max-video-preview":"max-video-preview:-1"},"canonical":"http:\/\/www.vuce.gob.ve\/index.php\/2024\/10\/29\/presidente-instruye-sustituir-importaciones-impulsar-las-exportaciones-y-satisfacer-el-mercado-nacional\/","og_locale":"es_ES","og_type":"article","og_title":"Presidente instruye sustituir importaciones, impulsar las exportaciones y satisfacer el mercado nacional","og_description":"El presidente de la Rep\u00fablica, Nicol\u00e1s Maduro, instruy\u00f3 sustituir \u201ccon un buen plan\u201d las importaciones de Venezuela para \u201cseguir satisfaciendo, con un mercado interno fuerte, con productos nacionales\u201d.","og_url":"http:\/\/www.vuce.gob.ve\/index.php\/2024\/10\/29\/presidente-instruye-sustituir-importaciones-impulsar-las-exportaciones-y-satisfacer-el-mercado-nacional\/","og_site_name":"Portal VUCE","article_publisher":"https:\/\/www.instagram.com\/vucevzla\/","article_published_time":"2024-10-29T02:23:39+00:00","article_modified_time":"2025-04-18T11:23:57+00:00","og_image":[{"width":800,"height":533,"url":"http:\/\/www.vuce.gob.ve\/wp-content\/uploads\/2024\/10\/6d9c4925-bb44-4eb8-9173-4f9d3d0fe79c.jpg","type":"image\/jpeg"}],"author":"prensaVuce","twitter_card":"summary_large_image","twitter_misc":{"Escrito por":"prensaVuce","Tiempo de lectura":"1 minuto"},"schema":{"@context":"https:\/\/schema.org","@graph":[{"@type":"Article","@id":"http:\/\/www.vuce.gob.ve\/index.php\/2024\/10\/29\/presidente-instruye-sustituir-importaciones-impulsar-las-exportaciones-y-satisfacer-el-mercado-nacional\/#article","isPartOf":{"@id":"http:\/\/www.vuce.gob.ve\/index.php\/2024\/10\/29\/presidente-instruye-sustituir-importaciones-impulsar-las-exportaciones-y-satisfacer-el-mercado-nacional\/"},"author":{"name":"prensaVuce","@id":"http:\/\/www.vuce.gob.ve\/#\/schema\/person\/9948ccf612f79fdf2574612b10a3ed07"},"headline":"Presidente instruye sustituir importaciones, impulsar las exportaciones y satisfacer el mercado nacional","datePublished":"2024-10-29T02:23:39+00:00","dateModified":"2025-04-18T11:23:57+00:00","mainEntityOfPage":{"@id":"http:\/\/www.vuce.gob.ve\/index.php\/2024\/10\/29\/presidente-instruye-sustituir-importaciones-impulsar-las-exportaciones-y-satisfacer-el-mercado-nacional\/"},"wordCount":258,"publisher":{"@id":"http:\/\/www.vuce.gob.ve\/#organization"},"image":{"@id":"http:\/\/www.vuce.gob.ve\/index.php\/2024\/10\/29\/presidente-instruye-sustituir-importaciones-impulsar-las-exportaciones-y-satisfacer-el-mercado-nacional\/#primaryimage"},"thumbnailUrl":"http:\/\/www.vuce.gob.ve\/wp-content\/uploads\/2024\/10\/6d9c4925-bb44-4eb8-9173-4f9d3d0fe79c.jpg","keywords":["exportaci\u00f3n","Nicolas Maduro","venezuela"],"articleSection":["Noticias"],"inLanguage":"es"},{"@type":"WebPage","@id":"http:\/\/www.vuce.gob.ve\/index.php\/2024\/10\/29\/presidente-instruye-sustituir-importaciones-impulsar-las-exportaciones-y-satisfacer-el-mercado-nacional\/","url":"http:\/\/www.vuce.gob.ve\/index.php\/2024\/10\/29\/presidente-instruye-sustituir-importaciones-impulsar-las-exportaciones-y-satisfacer-el-mercado-nacional\/","name":"Presidente instruye sustituir importaciones, impulsar las exportaciones y satisfacer el mercado nacional","isPartOf":{"@id":"http:\/\/www.vuce.gob.ve\/#website"},"primaryImageOfPage":{"@id":"http:\/\/www.vuce.gob.ve\/index.php\/2024\/10\/29\/presidente-instruye-sustituir-importaciones-impulsar-las-exportaciones-y-satisfacer-el-mercado-nacional\/#primaryimage"},"image":{"@id":"http:\/\/www.vuce.gob.ve\/index.php\/2024\/10\/29\/presidente-instruye-sustituir-importaciones-impulsar-las-exportaciones-y-satisfacer-el-mercado-nacional\/#primaryimage"},"thumbnailUrl":"http:\/\/www.vuce.gob.ve\/wp-content\/uploads\/2024\/10\/6d9c4925-bb44-4eb8-9173-4f9d3d0fe79c.jpg","datePublished":"2024-10-29T02:23:39+00:00","dateModified":"2025-04-18T11:23:57+00:00","description":"El presidente de la Rep\u00fablica, Nicol\u00e1s Maduro, instruy\u00f3 sustituir \u201ccon un buen plan\u201d las importaciones de Venezuela para \u201cseguir satisfaciendo, con un mercado interno fuerte, con productos nacionales\u201d.","breadcrumb":{"@id":"http:\/\/www.vuce.gob.ve\/index.php\/2024\/10\/29\/presidente-instruye-sustituir-importaciones-impulsar-las-exportaciones-y-satisfacer-el-mercado-nacional\/#breadcrumb"},"inLanguage":"es","potentialAction":[{"@type":"ReadAction","target":["http:\/\/www.vuce.gob.ve\/index.php\/2024\/10\/29\/presidente-instruye-sustituir-importaciones-impulsar-las-exportaciones-y-satisfacer-el-mercado-nacional\/"]}]},{"@type":"ImageObject","inLanguage":"es","@id":"http:\/\/www.vuce.gob.ve\/index.php\/2024\/10\/29\/presidente-instruye-sustituir-importaciones-impulsar-las-exportaciones-y-satisfacer-el-mercado-nacional\/#primaryimage","url":"http:\/\/www.vuce.gob.ve\/wp-content\/uploads\/2024\/10\/6d9c4925-bb44-4eb8-9173-4f9d3d0fe79c.jpg","contentUrl":"http:\/\/www.vuce.gob.ve\/wp-content\/uploads\/2024\/10\/6d9c4925-bb44-4eb8-9173-4f9d3d0fe79c.jpg","width":800,"height":533},{"@type":"BreadcrumbList","@id":"http:\/\/www.vuce.gob.ve\/index.php\/2024\/10\/29\/presidente-instruye-sustituir-importaciones-impulsar-las-exportaciones-y-satisfacer-el-mercado-nacional\/#breadcrumb","itemListElement":[{"@type":"ListItem","position":1,"name":"Portada","item":"http:\/\/www.vuce.gob.ve\/"},{"@type":"ListItem","position":2,"name":"Presidente instruye sustituir importaciones, impulsar las exportaciones y satisfacer el mercado nacional"}]},{"@type":"WebSite","@id":"http:\/\/www.vuce.gob.ve\/#website","url":"http:\/\/www.vuce.gob.ve\/","name":"Portal VUCE","description":"Ventanilla \u00danica de Comercio Exterior","publisher":{"@id":"http:\/\/www.vuce.gob.ve\/#organization"},"potentialAction":[{"@type":"SearchAction","target":{"@type":"EntryPoint","urlTemplate":"http:\/\/www.vuce.gob.ve\/?s={search_term_string}"},"query-input":{"@type":"PropertyValueSpecification","valueRequired":true,"valueName":"search_term_string"}}],"inLanguage":"es"},{"@type":"Organization","@id":"http:\/\/www.vuce.gob.ve\/#organization","name":"Portal VUCE","url":"http:\/\/www.vuce.gob.ve\/","logo":{"@type":"ImageObject","inLanguage":"es","@id":"http:\/\/www.vuce.gob.ve\/#\/schema\/logo\/image\/","url":"http:\/\/www.vuce.gob.ve\/wp-content\/uploads\/2022\/04\/logo-1.png","contentUrl":"http:\/\/www.vuce.gob.ve\/wp-content\/uploads\/2022\/04\/logo-1.png","width":625,"height":130,"caption":"Portal VUCE"},"image":{"@id":"http:\/\/www.vuce.gob.ve\/#\/schema\/logo\/image\/"},"sameAs":["https:\/\/www.instagram.com\/vucevzla\/"]},{"@type":"Person","@id":"http:\/\/www.vuce.gob.ve\/#\/schema\/person\/9948ccf612f79fdf2574612b10a3ed07","name":"prensaVuce","image":{"@type":"ImageObject","inLanguage":"es","@id":"http:\/\/www.vuce.gob.ve\/#\/schema\/person\/image\/","url":"http:\/\/www.vuce.gob.ve\/wp-content\/litespeed\/avatar\/aa32f7598b0f2a0b2a870e50d786d9f3.jpg?ver=1777417623","contentUrl":"http:\/\/www.vuce.gob.ve\/wp-content\/litespeed\/avatar\/aa32f7598b0f2a0b2a870e50d786d9f3.jpg?ver=1777417623","caption":"prensaVuce"},"sameAs":["http:\/\/172.30.211.18\/wordpress"]}]}},"_links":{"self":[{"href":"http:\/\/www.vuce.gob.ve\/index.php\/wp-json\/wp\/v2\/posts\/3713","targetHints":{"allow":["GET"]}}],"collection":[{"href":"http:\/\/www.vuce.gob.ve\/index.php\/wp-json\/wp\/v2\/posts"}],"about":[{"href":"http:\/\/www.vuce.gob.ve\/index.php\/wp-json\/wp\/v2\/types\/post"}],"author":[{"embeddable":true,"href":"http:\/\/www.vuce.gob.ve\/index.php\/wp-json\/wp\/v2\/users\/1"}],"replies":[{"embeddable":true,"href":"http:\/\/www.vuce.gob.ve\/index.php\/wp-json\/wp\/v2\/comments?post=3713"}],"version-history":[{"count":1,"href":"http:\/\/www.vuce.gob.ve\/index.php\/wp-json\/wp\/v2\/posts\/3713\/revisions"}],"predecessor-version":[{"id":3715,"href":"http:\/\/www.vuce.gob.ve\/index.php\/wp-json\/wp\/v2\/posts\/3713\/revisions\/3715"}],"wp:featuredmedia":[{"embeddable":true,"href":"http:\/\/www.vuce.gob.ve\/index.php\/wp-json\/wp\/v2\/media\/3714"}],"wp:attachment":[{"href":"http:\/\/www.vuce.gob.ve\/index.php\/wp-json\/wp\/v2\/media?parent=3713"}],"wp:term":[{"taxonomy":"category","embeddable":true,"href":"http:\/\/www.vuce.gob.ve\/index.php\/wp-json\/wp\/v2\/categories?post=3713"},{"taxonomy":"post_tag","embeddable":true,"href":"http:\/\/www.vuce.gob.ve\/index.php\/wp-json\/wp\/v2\/tags?post=3713"}],"curies":[{"name":"wp","href":"https:\/\/api.w.org\/{rel}","templated":true}]}}