{"id":3623,"date":"2024-07-09T23:07:27","date_gmt":"2024-07-09T23:07:27","guid":{"rendered":"http:\/\/www.vuce.gob.ve\/?p=3623"},"modified":"2025-04-18T11:23:58","modified_gmt":"2025-04-18T11:23:58","slug":"empresarios-de-turkiye-apuestan-a-la-inversion-comercial-y-exportaciones-en-venezuela","status":"publish","type":"post","link":"http:\/\/www.vuce.gob.ve\/index.php\/2024\/07\/09\/empresarios-de-turkiye-apuestan-a-la-inversion-comercial-y-exportaciones-en-venezuela\/","title":{"rendered":"Empresarios de T\u00fcrkiye apuestan a la inversi\u00f3n comercial y exportaciones en Venezuela"},"content":{"rendered":"\n<p>Una delegaci\u00f3n de empresarios de la Rep\u00fablica de T\u00fcrkiye, visit\u00f3 Venezuela para fortalecer las relaciones econ\u00f3micas y comerciales con el Gobierno del presidente Nicol\u00e1s Maduro.<\/p>\n\n\n\n<p>Como parte de las estrategias de desarrollo econ\u00f3mico, que impulsa el Gobierno Bolivariano de Venezuela para avanzar en materia econ\u00f3mica, el viceministro de Comercio Exterior y Promoci\u00f3n de Inversiones, Johann \u00c1lvarez M\u00e1rquez, encabez\u00f3 un encuentro con esta delegaci\u00f3n empresarial.<\/p>\n\n\n\n<p>En la reuni\u00f3n, efectuada este lunes en Caracas, se llegaron a varios acuerdos entre ellos, impulsar la inversi\u00f3n en el sector p\u00fablico y privado, y continuar el proceso de exportaci\u00f3n de rubros espec\u00edficos como los productos del mar, caf\u00e9, harinas, aceite de oliva, pasta, harina y chocolate.<\/p>\n\n\n\n<p>El viceministro \u00c1lvarez afirm\u00f3, que la relaci\u00f3n entre ambas naciones es estrat\u00e9gica en materia de comercio internacional, y forma parte de las pol\u00edticas de recuperaci\u00f3n, prosperidad y estabilidad econ\u00f3mica promovida por el presidente Maduro.<\/p>\n\n\n\n<p>\u00abLa exportaci\u00f3n de productos del mar ha sido positiva, por lo que vemos efectivo, impulsar la exportaci\u00f3n de caf\u00e9 y cacao, e importar la materia prima para el sector textil\u00bb, agreg\u00f3.<\/p>\n\n\n\n<p>Destac\u00f3 que el Gobierno Nacional trabajar\u00e1 en conjunto con las autoridades de T\u00fcrkiye, de cara a la Reuni\u00f3n B2B, que se llevar\u00e1 a cabo el pr\u00f3ximo 15 de agosto en la capital de Venezuela.<\/p>\n\n\n\n<p>Por su parte, el Secretario General Adjunto de la Asociaci\u00f3n de Exportadores del Sudeste de Anatolia, Ahmet Sahbudak, detall\u00f3 que m\u00e1s de 20 empresarios turcos est\u00e1n interesados en mostrar sus productos en el mercado venezolano.<\/p>\n","protected":false},"excerpt":{"rendered":"<p>Una delegaci\u00f3n de empresarios de la Rep\u00fablica de T\u00fcrkiye, visit\u00f3 Venezuela para fortalecer las relaciones econ\u00f3micas y comerciales con el Gobierno del presidente Nicol\u00e1s Maduro. Como parte de las estrategias de desarrollo econ\u00f3mico, que impulsa el Gobierno Bolivariano de Venezuela para avanzar en materia econ\u00f3mica, el viceministro de Comercio Exterior y Promoci\u00f3n de Inversiones, Johann &hellip;<\/p>\n<p class=\"read-more\"> <a class=\"\" href=\"http:\/\/www.vuce.gob.ve\/index.php\/2024\/07\/09\/empresarios-de-turkiye-apuestan-a-la-inversion-comercial-y-exportaciones-en-venezuela\/\"> <span class=\"screen-reader-text\">Empresarios de T\u00fcrkiye apuestan a la inversi\u00f3n comercial y exportaciones en Venezuela<\/span> Leer m\u00e1s &raquo;<\/a><\/p>\n","protected":false},"author":1,"featured_media":3624,"comment_status":"closed","ping_status":"open","sticky":false,"template":"","format":"standard","meta":{"site-sidebar-layout":"default","site-content-layout":"default","ast-global-header-display":"","ast-main-header-display":"","ast-hfb-above-header-display":"","ast-hfb-below-header-display":"","ast-hfb-mobile-header-display":"","site-post-title":"","ast-breadcrumbs-content":"","ast-featured-img":"","footer-sml-layout":"","theme-transparent-header-meta":"","adv-header-id-meta":"","stick-header-meta":"","header-above-stick-meta":"","header-main-stick-meta":"","header-below-stick-meta":"","footnotes":""},"categories":[10],"tags":[],"class_list":["post-3623","post","type-post","status-publish","format-standard","has-post-thumbnail","hentry","category-noticias"],"yoast_head":"<!-- This site is optimized with the Yoast SEO plugin v25.7 - https:\/\/yoast.com\/wordpress\/plugins\/seo\/ -->\n<title>Empresarios de T\u00fcrkiye apuestan a la inversi\u00f3n comercial y exportaciones en Venezuela<\/title>\n<meta name=\"description\" content=\"Una delegaci\u00f3n de empresarios de la Rep\u00fablica de T\u00fcrkiye, visit\u00f3 Venezuela para fortalecer las relaciones econ\u00f3micas y comerciales con el Gobierno del\" \/>\n<meta name=\"robots\" content=\"index, follow, max-snippet:-1, max-image-preview:large, max-video-preview:-1\" \/>\n<link rel=\"canonical\" href=\"http:\/\/www.vuce.gob.ve\/index.php\/2024\/07\/09\/empresarios-de-turkiye-apuestan-a-la-inversion-comercial-y-exportaciones-en-venezuela\/\" \/>\n<meta property=\"og:locale\" content=\"es_ES\" \/>\n<meta property=\"og:type\" content=\"article\" \/>\n<meta property=\"og:title\" content=\"Empresarios de T\u00fcrkiye apuestan a la inversi\u00f3n comercial y exportaciones en Venezuela\" \/>\n<meta property=\"og:description\" content=\"Una delegaci\u00f3n de empresarios de la Rep\u00fablica de T\u00fcrkiye, visit\u00f3 Venezuela para fortalecer las relaciones econ\u00f3micas y comerciales con el Gobierno del\" \/>\n<meta property=\"og:url\" content=\"http:\/\/www.vuce.gob.ve\/index.php\/2024\/07\/09\/empresarios-de-turkiye-apuestan-a-la-inversion-comercial-y-exportaciones-en-venezuela\/\" \/>\n<meta property=\"og:site_name\" content=\"Portal VUCE\" \/>\n<meta property=\"article:publisher\" content=\"https:\/\/www.instagram.com\/vucevzla\/\" \/>\n<meta property=\"article:published_time\" content=\"2024-07-09T23:07:27+00:00\" \/>\n<meta property=\"article:modified_time\" content=\"2025-04-18T11:23:58+00:00\" \/>\n<meta property=\"og:image\" content=\"http:\/\/www.vuce.gob.ve\/wp-content\/uploads\/2024\/07\/WhatsApp-Image-2024-07-09-at-10.42.15-AM-1-990x556-1.jpeg\" \/>\n\t<meta property=\"og:image:width\" content=\"990\" \/>\n\t<meta property=\"og:image:height\" content=\"556\" \/>\n\t<meta property=\"og:image:type\" content=\"image\/jpeg\" \/>\n<meta name=\"author\" content=\"prensaVuce\" \/>\n<meta name=\"twitter:card\" content=\"summary_large_image\" \/>\n<meta name=\"twitter:label1\" content=\"Escrito por\" \/>\n\t<meta name=\"twitter:data1\" content=\"prensaVuce\" \/>\n\t<meta name=\"twitter:label2\" content=\"Tiempo de lectura\" \/>\n\t<meta name=\"twitter:data2\" content=\"1 minuto\" \/>\n<script type=\"application\/ld+json\" class=\"yoast-schema-graph\">{\"@context\":\"https:\/\/schema.org\",\"@graph\":[{\"@type\":\"Article\",\"@id\":\"http:\/\/www.vuce.gob.ve\/index.php\/2024\/07\/09\/empresarios-de-turkiye-apuestan-a-la-inversion-comercial-y-exportaciones-en-venezuela\/#article\",\"isPartOf\":{\"@id\":\"http:\/\/www.vuce.gob.ve\/index.php\/2024\/07\/09\/empresarios-de-turkiye-apuestan-a-la-inversion-comercial-y-exportaciones-en-venezuela\/\"},\"author\":{\"name\":\"prensaVuce\",\"@id\":\"http:\/\/www.vuce.gob.ve\/#\/schema\/person\/9948ccf612f79fdf2574612b10a3ed07\"},\"headline\":\"Empresarios de T\u00fcrkiye apuestan a la inversi\u00f3n comercial y exportaciones en Venezuela\",\"datePublished\":\"2024-07-09T23:07:27+00:00\",\"dateModified\":\"2025-04-18T11:23:58+00:00\",\"mainEntityOfPage\":{\"@id\":\"http:\/\/www.vuce.gob.ve\/index.php\/2024\/07\/09\/empresarios-de-turkiye-apuestan-a-la-inversion-comercial-y-exportaciones-en-venezuela\/\"},\"wordCount\":286,\"publisher\":{\"@id\":\"http:\/\/www.vuce.gob.ve\/#organization\"},\"image\":{\"@id\":\"http:\/\/www.vuce.gob.ve\/index.php\/2024\/07\/09\/empresarios-de-turkiye-apuestan-a-la-inversion-comercial-y-exportaciones-en-venezuela\/#primaryimage\"},\"thumbnailUrl\":\"http:\/\/www.vuce.gob.ve\/wp-content\/uploads\/2024\/07\/WhatsApp-Image-2024-07-09-at-10.42.15-AM-1-990x556-1.jpeg\",\"articleSection\":[\"Noticias\"],\"inLanguage\":\"es\"},{\"@type\":\"WebPage\",\"@id\":\"http:\/\/www.vuce.gob.ve\/index.php\/2024\/07\/09\/empresarios-de-turkiye-apuestan-a-la-inversion-comercial-y-exportaciones-en-venezuela\/\",\"url\":\"http:\/\/www.vuce.gob.ve\/index.php\/2024\/07\/09\/empresarios-de-turkiye-apuestan-a-la-inversion-comercial-y-exportaciones-en-venezuela\/\",\"name\":\"Empresarios de T\u00fcrkiye apuestan a la inversi\u00f3n comercial y exportaciones en Venezuela\",\"isPartOf\":{\"@id\":\"http:\/\/www.vuce.gob.ve\/#website\"},\"primaryImageOfPage\":{\"@id\":\"http:\/\/www.vuce.gob.ve\/index.php\/2024\/07\/09\/empresarios-de-turkiye-apuestan-a-la-inversion-comercial-y-exportaciones-en-venezuela\/#primaryimage\"},\"image\":{\"@id\":\"http:\/\/www.vuce.gob.ve\/index.php\/2024\/07\/09\/empresarios-de-turkiye-apuestan-a-la-inversion-comercial-y-exportaciones-en-venezuela\/#primaryimage\"},\"thumbnailUrl\":\"http:\/\/www.vuce.gob.ve\/wp-content\/uploads\/2024\/07\/WhatsApp-Image-2024-07-09-at-10.42.15-AM-1-990x556-1.jpeg\",\"datePublished\":\"2024-07-09T23:07:27+00:00\",\"dateModified\":\"2025-04-18T11:23:58+00:00\",\"description\":\"Una delegaci\u00f3n de empresarios de la Rep\u00fablica de T\u00fcrkiye, visit\u00f3 Venezuela para fortalecer las relaciones econ\u00f3micas y comerciales con el Gobierno del\",\"breadcrumb\":{\"@id\":\"http:\/\/www.vuce.gob.ve\/index.php\/2024\/07\/09\/empresarios-de-turkiye-apuestan-a-la-inversion-comercial-y-exportaciones-en-venezuela\/#breadcrumb\"},\"inLanguage\":\"es\",\"potentialAction\":[{\"@type\":\"ReadAction\",\"target\":[\"http:\/\/www.vuce.gob.ve\/index.php\/2024\/07\/09\/empresarios-de-turkiye-apuestan-a-la-inversion-comercial-y-exportaciones-en-venezuela\/\"]}]},{\"@type\":\"ImageObject\",\"inLanguage\":\"es\",\"@id\":\"http:\/\/www.vuce.gob.ve\/index.php\/2024\/07\/09\/empresarios-de-turkiye-apuestan-a-la-inversion-comercial-y-exportaciones-en-venezuela\/#primaryimage\",\"url\":\"http:\/\/www.vuce.gob.ve\/wp-content\/uploads\/2024\/07\/WhatsApp-Image-2024-07-09-at-10.42.15-AM-1-990x556-1.jpeg\",\"contentUrl\":\"http:\/\/www.vuce.gob.ve\/wp-content\/uploads\/2024\/07\/WhatsApp-Image-2024-07-09-at-10.42.15-AM-1-990x556-1.jpeg\",\"width\":990,\"height\":556},{\"@type\":\"BreadcrumbList\",\"@id\":\"http:\/\/www.vuce.gob.ve\/index.php\/2024\/07\/09\/empresarios-de-turkiye-apuestan-a-la-inversion-comercial-y-exportaciones-en-venezuela\/#breadcrumb\",\"itemListElement\":[{\"@type\":\"ListItem\",\"position\":1,\"name\":\"Portada\",\"item\":\"http:\/\/www.vuce.gob.ve\/\"},{\"@type\":\"ListItem\",\"position\":2,\"name\":\"Empresarios de T\u00fcrkiye apuestan a la inversi\u00f3n comercial y exportaciones en Venezuela\"}]},{\"@type\":\"WebSite\",\"@id\":\"http:\/\/www.vuce.gob.ve\/#website\",\"url\":\"http:\/\/www.vuce.gob.ve\/\",\"name\":\"Portal VUCE\",\"description\":\"Ventanilla \u00danica de Comercio Exterior\",\"publisher\":{\"@id\":\"http:\/\/www.vuce.gob.ve\/#organization\"},\"potentialAction\":[{\"@type\":\"SearchAction\",\"target\":{\"@type\":\"EntryPoint\",\"urlTemplate\":\"http:\/\/www.vuce.gob.ve\/?s={search_term_string}\"},\"query-input\":{\"@type\":\"PropertyValueSpecification\",\"valueRequired\":true,\"valueName\":\"search_term_string\"}}],\"inLanguage\":\"es\"},{\"@type\":\"Organization\",\"@id\":\"http:\/\/www.vuce.gob.ve\/#organization\",\"name\":\"Portal VUCE\",\"url\":\"http:\/\/www.vuce.gob.ve\/\",\"logo\":{\"@type\":\"ImageObject\",\"inLanguage\":\"es\",\"@id\":\"http:\/\/www.vuce.gob.ve\/#\/schema\/logo\/image\/\",\"url\":\"http:\/\/www.vuce.gob.ve\/wp-content\/uploads\/2022\/04\/logo-1.png\",\"contentUrl\":\"http:\/\/www.vuce.gob.ve\/wp-content\/uploads\/2022\/04\/logo-1.png\",\"width\":625,\"height\":130,\"caption\":\"Portal VUCE\"},\"image\":{\"@id\":\"http:\/\/www.vuce.gob.ve\/#\/schema\/logo\/image\/\"},\"sameAs\":[\"https:\/\/www.instagram.com\/vucevzla\/\"]},{\"@type\":\"Person\",\"@id\":\"http:\/\/www.vuce.gob.ve\/#\/schema\/person\/9948ccf612f79fdf2574612b10a3ed07\",\"name\":\"prensaVuce\",\"image\":{\"@type\":\"ImageObject\",\"inLanguage\":\"es\",\"@id\":\"http:\/\/www.vuce.gob.ve\/#\/schema\/person\/image\/\",\"url\":\"http:\/\/www.vuce.gob.ve\/wp-content\/litespeed\/avatar\/aa32f7598b0f2a0b2a870e50d786d9f3.jpg?ver=1777417623\",\"contentUrl\":\"http:\/\/www.vuce.gob.ve\/wp-content\/litespeed\/avatar\/aa32f7598b0f2a0b2a870e50d786d9f3.jpg?ver=1777417623\",\"caption\":\"prensaVuce\"},\"sameAs\":[\"http:\/\/172.30.211.18\/wordpress\"]}]}<\/script>\n<!-- \/ Yoast SEO plugin. -->","yoast_head_json":{"title":"Empresarios de T\u00fcrkiye apuestan a la inversi\u00f3n comercial y exportaciones en Venezuela","description":"Una delegaci\u00f3n de empresarios de la Rep\u00fablica de T\u00fcrkiye, visit\u00f3 Venezuela para fortalecer las relaciones econ\u00f3micas y comerciales con el Gobierno del","robots":{"index":"index","follow":"follow","max-snippet":"max-snippet:-1","max-image-preview":"max-image-preview:large","max-video-preview":"max-video-preview:-1"},"canonical":"http:\/\/www.vuce.gob.ve\/index.php\/2024\/07\/09\/empresarios-de-turkiye-apuestan-a-la-inversion-comercial-y-exportaciones-en-venezuela\/","og_locale":"es_ES","og_type":"article","og_title":"Empresarios de T\u00fcrkiye apuestan a la inversi\u00f3n comercial y exportaciones en Venezuela","og_description":"Una delegaci\u00f3n de empresarios de la Rep\u00fablica de T\u00fcrkiye, visit\u00f3 Venezuela para fortalecer las relaciones econ\u00f3micas y comerciales con el Gobierno del","og_url":"http:\/\/www.vuce.gob.ve\/index.php\/2024\/07\/09\/empresarios-de-turkiye-apuestan-a-la-inversion-comercial-y-exportaciones-en-venezuela\/","og_site_name":"Portal VUCE","article_publisher":"https:\/\/www.instagram.com\/vucevzla\/","article_published_time":"2024-07-09T23:07:27+00:00","article_modified_time":"2025-04-18T11:23:58+00:00","og_image":[{"width":990,"height":556,"url":"http:\/\/www.vuce.gob.ve\/wp-content\/uploads\/2024\/07\/WhatsApp-Image-2024-07-09-at-10.42.15-AM-1-990x556-1.jpeg","type":"image\/jpeg"}],"author":"prensaVuce","twitter_card":"summary_large_image","twitter_misc":{"Escrito por":"prensaVuce","Tiempo de lectura":"1 minuto"},"schema":{"@context":"https:\/\/schema.org","@graph":[{"@type":"Article","@id":"http:\/\/www.vuce.gob.ve\/index.php\/2024\/07\/09\/empresarios-de-turkiye-apuestan-a-la-inversion-comercial-y-exportaciones-en-venezuela\/#article","isPartOf":{"@id":"http:\/\/www.vuce.gob.ve\/index.php\/2024\/07\/09\/empresarios-de-turkiye-apuestan-a-la-inversion-comercial-y-exportaciones-en-venezuela\/"},"author":{"name":"prensaVuce","@id":"http:\/\/www.vuce.gob.ve\/#\/schema\/person\/9948ccf612f79fdf2574612b10a3ed07"},"headline":"Empresarios de T\u00fcrkiye apuestan a la inversi\u00f3n comercial y exportaciones en Venezuela","datePublished":"2024-07-09T23:07:27+00:00","dateModified":"2025-04-18T11:23:58+00:00","mainEntityOfPage":{"@id":"http:\/\/www.vuce.gob.ve\/index.php\/2024\/07\/09\/empresarios-de-turkiye-apuestan-a-la-inversion-comercial-y-exportaciones-en-venezuela\/"},"wordCount":286,"publisher":{"@id":"http:\/\/www.vuce.gob.ve\/#organization"},"image":{"@id":"http:\/\/www.vuce.gob.ve\/index.php\/2024\/07\/09\/empresarios-de-turkiye-apuestan-a-la-inversion-comercial-y-exportaciones-en-venezuela\/#primaryimage"},"thumbnailUrl":"http:\/\/www.vuce.gob.ve\/wp-content\/uploads\/2024\/07\/WhatsApp-Image-2024-07-09-at-10.42.15-AM-1-990x556-1.jpeg","articleSection":["Noticias"],"inLanguage":"es"},{"@type":"WebPage","@id":"http:\/\/www.vuce.gob.ve\/index.php\/2024\/07\/09\/empresarios-de-turkiye-apuestan-a-la-inversion-comercial-y-exportaciones-en-venezuela\/","url":"http:\/\/www.vuce.gob.ve\/index.php\/2024\/07\/09\/empresarios-de-turkiye-apuestan-a-la-inversion-comercial-y-exportaciones-en-venezuela\/","name":"Empresarios de T\u00fcrkiye apuestan a la inversi\u00f3n comercial y exportaciones en Venezuela","isPartOf":{"@id":"http:\/\/www.vuce.gob.ve\/#website"},"primaryImageOfPage":{"@id":"http:\/\/www.vuce.gob.ve\/index.php\/2024\/07\/09\/empresarios-de-turkiye-apuestan-a-la-inversion-comercial-y-exportaciones-en-venezuela\/#primaryimage"},"image":{"@id":"http:\/\/www.vuce.gob.ve\/index.php\/2024\/07\/09\/empresarios-de-turkiye-apuestan-a-la-inversion-comercial-y-exportaciones-en-venezuela\/#primaryimage"},"thumbnailUrl":"http:\/\/www.vuce.gob.ve\/wp-content\/uploads\/2024\/07\/WhatsApp-Image-2024-07-09-at-10.42.15-AM-1-990x556-1.jpeg","datePublished":"2024-07-09T23:07:27+00:00","dateModified":"2025-04-18T11:23:58+00:00","description":"Una delegaci\u00f3n de empresarios de la Rep\u00fablica de T\u00fcrkiye, visit\u00f3 Venezuela para fortalecer las relaciones econ\u00f3micas y comerciales con el Gobierno del","breadcrumb":{"@id":"http:\/\/www.vuce.gob.ve\/index.php\/2024\/07\/09\/empresarios-de-turkiye-apuestan-a-la-inversion-comercial-y-exportaciones-en-venezuela\/#breadcrumb"},"inLanguage":"es","potentialAction":[{"@type":"ReadAction","target":["http:\/\/www.vuce.gob.ve\/index.php\/2024\/07\/09\/empresarios-de-turkiye-apuestan-a-la-inversion-comercial-y-exportaciones-en-venezuela\/"]}]},{"@type":"ImageObject","inLanguage":"es","@id":"http:\/\/www.vuce.gob.ve\/index.php\/2024\/07\/09\/empresarios-de-turkiye-apuestan-a-la-inversion-comercial-y-exportaciones-en-venezuela\/#primaryimage","url":"http:\/\/www.vuce.gob.ve\/wp-content\/uploads\/2024\/07\/WhatsApp-Image-2024-07-09-at-10.42.15-AM-1-990x556-1.jpeg","contentUrl":"http:\/\/www.vuce.gob.ve\/wp-content\/uploads\/2024\/07\/WhatsApp-Image-2024-07-09-at-10.42.15-AM-1-990x556-1.jpeg","width":990,"height":556},{"@type":"BreadcrumbList","@id":"http:\/\/www.vuce.gob.ve\/index.php\/2024\/07\/09\/empresarios-de-turkiye-apuestan-a-la-inversion-comercial-y-exportaciones-en-venezuela\/#breadcrumb","itemListElement":[{"@type":"ListItem","position":1,"name":"Portada","item":"http:\/\/www.vuce.gob.ve\/"},{"@type":"ListItem","position":2,"name":"Empresarios de T\u00fcrkiye apuestan a la inversi\u00f3n comercial y exportaciones en Venezuela"}]},{"@type":"WebSite","@id":"http:\/\/www.vuce.gob.ve\/#website","url":"http:\/\/www.vuce.gob.ve\/","name":"Portal VUCE","description":"Ventanilla \u00danica de Comercio Exterior","publisher":{"@id":"http:\/\/www.vuce.gob.ve\/#organization"},"potentialAction":[{"@type":"SearchAction","target":{"@type":"EntryPoint","urlTemplate":"http:\/\/www.vuce.gob.ve\/?s={search_term_string}"},"query-input":{"@type":"PropertyValueSpecification","valueRequired":true,"valueName":"search_term_string"}}],"inLanguage":"es"},{"@type":"Organization","@id":"http:\/\/www.vuce.gob.ve\/#organization","name":"Portal VUCE","url":"http:\/\/www.vuce.gob.ve\/","logo":{"@type":"ImageObject","inLanguage":"es","@id":"http:\/\/www.vuce.gob.ve\/#\/schema\/logo\/image\/","url":"http:\/\/www.vuce.gob.ve\/wp-content\/uploads\/2022\/04\/logo-1.png","contentUrl":"http:\/\/www.vuce.gob.ve\/wp-content\/uploads\/2022\/04\/logo-1.png","width":625,"height":130,"caption":"Portal VUCE"},"image":{"@id":"http:\/\/www.vuce.gob.ve\/#\/schema\/logo\/image\/"},"sameAs":["https:\/\/www.instagram.com\/vucevzla\/"]},{"@type":"Person","@id":"http:\/\/www.vuce.gob.ve\/#\/schema\/person\/9948ccf612f79fdf2574612b10a3ed07","name":"prensaVuce","image":{"@type":"ImageObject","inLanguage":"es","@id":"http:\/\/www.vuce.gob.ve\/#\/schema\/person\/image\/","url":"http:\/\/www.vuce.gob.ve\/wp-content\/litespeed\/avatar\/aa32f7598b0f2a0b2a870e50d786d9f3.jpg?ver=1777417623","contentUrl":"http:\/\/www.vuce.gob.ve\/wp-content\/litespeed\/avatar\/aa32f7598b0f2a0b2a870e50d786d9f3.jpg?ver=1777417623","caption":"prensaVuce"},"sameAs":["http:\/\/172.30.211.18\/wordpress"]}]}},"_links":{"self":[{"href":"http:\/\/www.vuce.gob.ve\/index.php\/wp-json\/wp\/v2\/posts\/3623","targetHints":{"allow":["GET"]}}],"collection":[{"href":"http:\/\/www.vuce.gob.ve\/index.php\/wp-json\/wp\/v2\/posts"}],"about":[{"href":"http:\/\/www.vuce.gob.ve\/index.php\/wp-json\/wp\/v2\/types\/post"}],"author":[{"embeddable":true,"href":"http:\/\/www.vuce.gob.ve\/index.php\/wp-json\/wp\/v2\/users\/1"}],"replies":[{"embeddable":true,"href":"http:\/\/www.vuce.gob.ve\/index.php\/wp-json\/wp\/v2\/comments?post=3623"}],"version-history":[{"count":1,"href":"http:\/\/www.vuce.gob.ve\/index.php\/wp-json\/wp\/v2\/posts\/3623\/revisions"}],"predecessor-version":[{"id":3625,"href":"http:\/\/www.vuce.gob.ve\/index.php\/wp-json\/wp\/v2\/posts\/3623\/revisions\/3625"}],"wp:featuredmedia":[{"embeddable":true,"href":"http:\/\/www.vuce.gob.ve\/index.php\/wp-json\/wp\/v2\/media\/3624"}],"wp:attachment":[{"href":"http:\/\/www.vuce.gob.ve\/index.php\/wp-json\/wp\/v2\/media?parent=3623"}],"wp:term":[{"taxonomy":"category","embeddable":true,"href":"http:\/\/www.vuce.gob.ve\/index.php\/wp-json\/wp\/v2\/categories?post=3623"},{"taxonomy":"post_tag","embeddable":true,"href":"http:\/\/www.vuce.gob.ve\/index.php\/wp-json\/wp\/v2\/tags?post=3623"}],"curies":[{"name":"wp","href":"https:\/\/api.w.org\/{rel}","templated":true}]}}