{"id":3487,"date":"2023-12-13T11:58:05","date_gmt":"2023-12-13T11:58:05","guid":{"rendered":"http:\/\/www.vuce.gob.ve\/?p=3487"},"modified":"2025-04-18T11:23:59","modified_gmt":"2025-04-18T11:23:59","slug":"exportaciones-de-venezuela-a-colombia-crecieron-53","status":"publish","type":"post","link":"http:\/\/www.vuce.gob.ve\/index.php\/2023\/12\/13\/exportaciones-de-venezuela-a-colombia-crecieron-53\/","title":{"rendered":"Exportaciones de Venezuela a Colombia crecieron 53%"},"content":{"rendered":"\n<p>Las exportaciones de Venezuela a Colombia crecieron 53% desde enero a septiembre de 2023, inform\u00f3 el presidente de la C\u00e1mara Venezolana-Colombiana (Cavecol), Luis Alberto Russi\u00e1n.<\/p>\n\n\n\n<p><br>\u201cEl salto m\u00e1s grande en cuanto a cifras es de las exportaciones de Venezuela, crecieron 53%, entonces los ganadores son los que est\u00e1n apostando a exportar desde Venezuela a Colombia\u201d, expres\u00f3 Russi\u00e1n.<br><\/p>\n\n\n\n<p>El empresario detall\u00f3 que el comercio binacional formal creci\u00f3 9%, entre enero y septiembre; y las importaciones desde Colombia aumentaron 3%, en ese mismo per\u00edodo.<br><\/p>\n\n\n\n<p>Destac\u00f3 la voluntad de trabajo de ambos pa\u00edses en la recuperaci\u00f3n de las relaciones comerciales. \u201cLa comunicaci\u00f3n constante, los espacios de encuentro, y el compromiso en la reinstitucionalizaci\u00f3n es evidente, nosotros siempre lo hemos pedido, pero este a\u00f1o hemos visto que ha habido esfuerzos respecto a eso\u201d, indic\u00f3.<br><\/p>\n\n\n\n<p>El 18 de noviembre, los presidentes Nicol\u00e1s Maduro y Gustavo Petro sostuvieron un encuentro en Caracas, en el que resaltaron el incremento del comercio tras la apertura total de la frontera entre Venezuela y Colombia.<\/p>\n","protected":false},"excerpt":{"rendered":"<p>Las exportaciones de Venezuela a Colombia crecieron 53% desde enero a septiembre de 2023, inform\u00f3 el presidente de la C\u00e1mara Venezolana-Colombiana (Cavecol), Luis Alberto Russi\u00e1n.<\/p>\n","protected":false},"author":1,"featured_media":3488,"comment_status":"closed","ping_status":"open","sticky":false,"template":"","format":"standard","meta":{"site-sidebar-layout":"default","site-content-layout":"default","ast-global-header-display":"","ast-main-header-display":"","ast-hfb-above-header-display":"","ast-hfb-below-header-display":"","ast-hfb-mobile-header-display":"","site-post-title":"","ast-breadcrumbs-content":"","ast-featured-img":"","footer-sml-layout":"","theme-transparent-header-meta":"","adv-header-id-meta":"","stick-header-meta":"","header-above-stick-meta":"","header-main-stick-meta":"","header-below-stick-meta":"","footnotes":""},"categories":[10],"tags":[13,31,12],"class_list":["post-3487","post","type-post","status-publish","format-standard","has-post-thumbnail","hentry","category-noticias","tag-colombia","tag-exportaciones","tag-venezuela"],"yoast_head":"<!-- This site is optimized with the Yoast SEO plugin v25.7 - https:\/\/yoast.com\/wordpress\/plugins\/seo\/ -->\n<title>Exportaciones de Venezuela a Colombia crecieron 53%<\/title>\n<meta name=\"description\" content=\"Las exportaciones de Venezuela a Colombia crecieron 53% desde enero a septiembre de 2023, inform\u00f3 el presidente de la C\u00e1mara Venezolana-Colombiana (Cavecol), Luis Alberto Russi\u00e1n.\" \/>\n<meta name=\"robots\" content=\"index, follow, max-snippet:-1, max-image-preview:large, max-video-preview:-1\" \/>\n<link rel=\"canonical\" href=\"http:\/\/www.vuce.gob.ve\/index.php\/2023\/12\/13\/exportaciones-de-venezuela-a-colombia-crecieron-53\/\" \/>\n<meta property=\"og:locale\" content=\"es_ES\" \/>\n<meta property=\"og:type\" content=\"article\" \/>\n<meta property=\"og:title\" content=\"Exportaciones de Venezuela a Colombia crecieron 53%\" \/>\n<meta property=\"og:description\" content=\"Las exportaciones de Venezuela a Colombia crecieron 53% desde enero a septiembre de 2023, inform\u00f3 el presidente de la C\u00e1mara Venezolana-Colombiana (Cavecol), Luis Alberto Russi\u00e1n.\" \/>\n<meta property=\"og:url\" content=\"http:\/\/www.vuce.gob.ve\/index.php\/2023\/12\/13\/exportaciones-de-venezuela-a-colombia-crecieron-53\/\" \/>\n<meta property=\"og:site_name\" content=\"Portal VUCE\" \/>\n<meta property=\"article:publisher\" content=\"https:\/\/www.instagram.com\/vucevzla\/\" \/>\n<meta property=\"article:published_time\" content=\"2023-12-13T11:58:05+00:00\" \/>\n<meta property=\"article:modified_time\" content=\"2025-04-18T11:23:59+00:00\" \/>\n<meta property=\"og:image\" content=\"http:\/\/www.vuce.gob.ve\/wp-content\/uploads\/2023\/12\/containers-04-960-512.jpg\" \/>\n\t<meta property=\"og:image:width\" content=\"960\" \/>\n\t<meta property=\"og:image:height\" content=\"512\" \/>\n\t<meta property=\"og:image:type\" content=\"image\/jpeg\" \/>\n<meta name=\"author\" content=\"prensaVuce\" \/>\n<meta name=\"twitter:card\" content=\"summary_large_image\" \/>\n<meta name=\"twitter:label1\" content=\"Escrito por\" \/>\n\t<meta name=\"twitter:data1\" content=\"prensaVuce\" \/>\n\t<meta name=\"twitter:label2\" content=\"Tiempo de lectura\" \/>\n\t<meta name=\"twitter:data2\" content=\"1 minuto\" \/>\n<script type=\"application\/ld+json\" class=\"yoast-schema-graph\">{\"@context\":\"https:\/\/schema.org\",\"@graph\":[{\"@type\":\"Article\",\"@id\":\"http:\/\/www.vuce.gob.ve\/index.php\/2023\/12\/13\/exportaciones-de-venezuela-a-colombia-crecieron-53\/#article\",\"isPartOf\":{\"@id\":\"http:\/\/www.vuce.gob.ve\/index.php\/2023\/12\/13\/exportaciones-de-venezuela-a-colombia-crecieron-53\/\"},\"author\":{\"name\":\"prensaVuce\",\"@id\":\"http:\/\/www.vuce.gob.ve\/#\/schema\/person\/9948ccf612f79fdf2574612b10a3ed07\"},\"headline\":\"Exportaciones de Venezuela a Colombia crecieron 53%\",\"datePublished\":\"2023-12-13T11:58:05+00:00\",\"dateModified\":\"2025-04-18T11:23:59+00:00\",\"mainEntityOfPage\":{\"@id\":\"http:\/\/www.vuce.gob.ve\/index.php\/2023\/12\/13\/exportaciones-de-venezuela-a-colombia-crecieron-53\/\"},\"wordCount\":177,\"publisher\":{\"@id\":\"http:\/\/www.vuce.gob.ve\/#organization\"},\"image\":{\"@id\":\"http:\/\/www.vuce.gob.ve\/index.php\/2023\/12\/13\/exportaciones-de-venezuela-a-colombia-crecieron-53\/#primaryimage\"},\"thumbnailUrl\":\"http:\/\/www.vuce.gob.ve\/wp-content\/uploads\/2023\/12\/containers-04-960-512.jpg\",\"keywords\":[\"colombia\",\"exportaciones\",\"venezuela\"],\"articleSection\":[\"Noticias\"],\"inLanguage\":\"es\"},{\"@type\":\"WebPage\",\"@id\":\"http:\/\/www.vuce.gob.ve\/index.php\/2023\/12\/13\/exportaciones-de-venezuela-a-colombia-crecieron-53\/\",\"url\":\"http:\/\/www.vuce.gob.ve\/index.php\/2023\/12\/13\/exportaciones-de-venezuela-a-colombia-crecieron-53\/\",\"name\":\"Exportaciones de Venezuela a Colombia crecieron 53%\",\"isPartOf\":{\"@id\":\"http:\/\/www.vuce.gob.ve\/#website\"},\"primaryImageOfPage\":{\"@id\":\"http:\/\/www.vuce.gob.ve\/index.php\/2023\/12\/13\/exportaciones-de-venezuela-a-colombia-crecieron-53\/#primaryimage\"},\"image\":{\"@id\":\"http:\/\/www.vuce.gob.ve\/index.php\/2023\/12\/13\/exportaciones-de-venezuela-a-colombia-crecieron-53\/#primaryimage\"},\"thumbnailUrl\":\"http:\/\/www.vuce.gob.ve\/wp-content\/uploads\/2023\/12\/containers-04-960-512.jpg\",\"datePublished\":\"2023-12-13T11:58:05+00:00\",\"dateModified\":\"2025-04-18T11:23:59+00:00\",\"description\":\"Las exportaciones de Venezuela a Colombia crecieron 53% desde enero a septiembre de 2023, inform\u00f3 el presidente de la C\u00e1mara Venezolana-Colombiana (Cavecol), Luis Alberto Russi\u00e1n.\",\"breadcrumb\":{\"@id\":\"http:\/\/www.vuce.gob.ve\/index.php\/2023\/12\/13\/exportaciones-de-venezuela-a-colombia-crecieron-53\/#breadcrumb\"},\"inLanguage\":\"es\",\"potentialAction\":[{\"@type\":\"ReadAction\",\"target\":[\"http:\/\/www.vuce.gob.ve\/index.php\/2023\/12\/13\/exportaciones-de-venezuela-a-colombia-crecieron-53\/\"]}]},{\"@type\":\"ImageObject\",\"inLanguage\":\"es\",\"@id\":\"http:\/\/www.vuce.gob.ve\/index.php\/2023\/12\/13\/exportaciones-de-venezuela-a-colombia-crecieron-53\/#primaryimage\",\"url\":\"http:\/\/www.vuce.gob.ve\/wp-content\/uploads\/2023\/12\/containers-04-960-512.jpg\",\"contentUrl\":\"http:\/\/www.vuce.gob.ve\/wp-content\/uploads\/2023\/12\/containers-04-960-512.jpg\",\"width\":960,\"height\":512},{\"@type\":\"BreadcrumbList\",\"@id\":\"http:\/\/www.vuce.gob.ve\/index.php\/2023\/12\/13\/exportaciones-de-venezuela-a-colombia-crecieron-53\/#breadcrumb\",\"itemListElement\":[{\"@type\":\"ListItem\",\"position\":1,\"name\":\"Portada\",\"item\":\"http:\/\/www.vuce.gob.ve\/\"},{\"@type\":\"ListItem\",\"position\":2,\"name\":\"Exportaciones de Venezuela a Colombia crecieron 53%\"}]},{\"@type\":\"WebSite\",\"@id\":\"http:\/\/www.vuce.gob.ve\/#website\",\"url\":\"http:\/\/www.vuce.gob.ve\/\",\"name\":\"Portal VUCE\",\"description\":\"Ventanilla \u00danica de Comercio Exterior\",\"publisher\":{\"@id\":\"http:\/\/www.vuce.gob.ve\/#organization\"},\"potentialAction\":[{\"@type\":\"SearchAction\",\"target\":{\"@type\":\"EntryPoint\",\"urlTemplate\":\"http:\/\/www.vuce.gob.ve\/?s={search_term_string}\"},\"query-input\":{\"@type\":\"PropertyValueSpecification\",\"valueRequired\":true,\"valueName\":\"search_term_string\"}}],\"inLanguage\":\"es\"},{\"@type\":\"Organization\",\"@id\":\"http:\/\/www.vuce.gob.ve\/#organization\",\"name\":\"Portal VUCE\",\"url\":\"http:\/\/www.vuce.gob.ve\/\",\"logo\":{\"@type\":\"ImageObject\",\"inLanguage\":\"es\",\"@id\":\"http:\/\/www.vuce.gob.ve\/#\/schema\/logo\/image\/\",\"url\":\"http:\/\/www.vuce.gob.ve\/wp-content\/uploads\/2022\/04\/logo-1.png\",\"contentUrl\":\"http:\/\/www.vuce.gob.ve\/wp-content\/uploads\/2022\/04\/logo-1.png\",\"width\":625,\"height\":130,\"caption\":\"Portal VUCE\"},\"image\":{\"@id\":\"http:\/\/www.vuce.gob.ve\/#\/schema\/logo\/image\/\"},\"sameAs\":[\"https:\/\/www.instagram.com\/vucevzla\/\"]},{\"@type\":\"Person\",\"@id\":\"http:\/\/www.vuce.gob.ve\/#\/schema\/person\/9948ccf612f79fdf2574612b10a3ed07\",\"name\":\"prensaVuce\",\"image\":{\"@type\":\"ImageObject\",\"inLanguage\":\"es\",\"@id\":\"http:\/\/www.vuce.gob.ve\/#\/schema\/person\/image\/\",\"url\":\"http:\/\/www.vuce.gob.ve\/wp-content\/litespeed\/avatar\/aa32f7598b0f2a0b2a870e50d786d9f3.jpg?ver=1777417623\",\"contentUrl\":\"http:\/\/www.vuce.gob.ve\/wp-content\/litespeed\/avatar\/aa32f7598b0f2a0b2a870e50d786d9f3.jpg?ver=1777417623\",\"caption\":\"prensaVuce\"},\"sameAs\":[\"http:\/\/172.30.211.18\/wordpress\"]}]}<\/script>\n<!-- \/ Yoast SEO plugin. -->","yoast_head_json":{"title":"Exportaciones de Venezuela a Colombia crecieron 53%","description":"Las exportaciones de Venezuela a Colombia crecieron 53% desde enero a septiembre de 2023, inform\u00f3 el presidente de la C\u00e1mara Venezolana-Colombiana (Cavecol), Luis Alberto Russi\u00e1n.","robots":{"index":"index","follow":"follow","max-snippet":"max-snippet:-1","max-image-preview":"max-image-preview:large","max-video-preview":"max-video-preview:-1"},"canonical":"http:\/\/www.vuce.gob.ve\/index.php\/2023\/12\/13\/exportaciones-de-venezuela-a-colombia-crecieron-53\/","og_locale":"es_ES","og_type":"article","og_title":"Exportaciones de Venezuela a Colombia crecieron 53%","og_description":"Las exportaciones de Venezuela a Colombia crecieron 53% desde enero a septiembre de 2023, inform\u00f3 el presidente de la C\u00e1mara Venezolana-Colombiana (Cavecol), Luis Alberto Russi\u00e1n.","og_url":"http:\/\/www.vuce.gob.ve\/index.php\/2023\/12\/13\/exportaciones-de-venezuela-a-colombia-crecieron-53\/","og_site_name":"Portal VUCE","article_publisher":"https:\/\/www.instagram.com\/vucevzla\/","article_published_time":"2023-12-13T11:58:05+00:00","article_modified_time":"2025-04-18T11:23:59+00:00","og_image":[{"width":960,"height":512,"url":"http:\/\/www.vuce.gob.ve\/wp-content\/uploads\/2023\/12\/containers-04-960-512.jpg","type":"image\/jpeg"}],"author":"prensaVuce","twitter_card":"summary_large_image","twitter_misc":{"Escrito por":"prensaVuce","Tiempo de lectura":"1 minuto"},"schema":{"@context":"https:\/\/schema.org","@graph":[{"@type":"Article","@id":"http:\/\/www.vuce.gob.ve\/index.php\/2023\/12\/13\/exportaciones-de-venezuela-a-colombia-crecieron-53\/#article","isPartOf":{"@id":"http:\/\/www.vuce.gob.ve\/index.php\/2023\/12\/13\/exportaciones-de-venezuela-a-colombia-crecieron-53\/"},"author":{"name":"prensaVuce","@id":"http:\/\/www.vuce.gob.ve\/#\/schema\/person\/9948ccf612f79fdf2574612b10a3ed07"},"headline":"Exportaciones de Venezuela a Colombia crecieron 53%","datePublished":"2023-12-13T11:58:05+00:00","dateModified":"2025-04-18T11:23:59+00:00","mainEntityOfPage":{"@id":"http:\/\/www.vuce.gob.ve\/index.php\/2023\/12\/13\/exportaciones-de-venezuela-a-colombia-crecieron-53\/"},"wordCount":177,"publisher":{"@id":"http:\/\/www.vuce.gob.ve\/#organization"},"image":{"@id":"http:\/\/www.vuce.gob.ve\/index.php\/2023\/12\/13\/exportaciones-de-venezuela-a-colombia-crecieron-53\/#primaryimage"},"thumbnailUrl":"http:\/\/www.vuce.gob.ve\/wp-content\/uploads\/2023\/12\/containers-04-960-512.jpg","keywords":["colombia","exportaciones","venezuela"],"articleSection":["Noticias"],"inLanguage":"es"},{"@type":"WebPage","@id":"http:\/\/www.vuce.gob.ve\/index.php\/2023\/12\/13\/exportaciones-de-venezuela-a-colombia-crecieron-53\/","url":"http:\/\/www.vuce.gob.ve\/index.php\/2023\/12\/13\/exportaciones-de-venezuela-a-colombia-crecieron-53\/","name":"Exportaciones de Venezuela a Colombia crecieron 53%","isPartOf":{"@id":"http:\/\/www.vuce.gob.ve\/#website"},"primaryImageOfPage":{"@id":"http:\/\/www.vuce.gob.ve\/index.php\/2023\/12\/13\/exportaciones-de-venezuela-a-colombia-crecieron-53\/#primaryimage"},"image":{"@id":"http:\/\/www.vuce.gob.ve\/index.php\/2023\/12\/13\/exportaciones-de-venezuela-a-colombia-crecieron-53\/#primaryimage"},"thumbnailUrl":"http:\/\/www.vuce.gob.ve\/wp-content\/uploads\/2023\/12\/containers-04-960-512.jpg","datePublished":"2023-12-13T11:58:05+00:00","dateModified":"2025-04-18T11:23:59+00:00","description":"Las exportaciones de Venezuela a Colombia crecieron 53% desde enero a septiembre de 2023, inform\u00f3 el presidente de la C\u00e1mara Venezolana-Colombiana (Cavecol), Luis Alberto Russi\u00e1n.","breadcrumb":{"@id":"http:\/\/www.vuce.gob.ve\/index.php\/2023\/12\/13\/exportaciones-de-venezuela-a-colombia-crecieron-53\/#breadcrumb"},"inLanguage":"es","potentialAction":[{"@type":"ReadAction","target":["http:\/\/www.vuce.gob.ve\/index.php\/2023\/12\/13\/exportaciones-de-venezuela-a-colombia-crecieron-53\/"]}]},{"@type":"ImageObject","inLanguage":"es","@id":"http:\/\/www.vuce.gob.ve\/index.php\/2023\/12\/13\/exportaciones-de-venezuela-a-colombia-crecieron-53\/#primaryimage","url":"http:\/\/www.vuce.gob.ve\/wp-content\/uploads\/2023\/12\/containers-04-960-512.jpg","contentUrl":"http:\/\/www.vuce.gob.ve\/wp-content\/uploads\/2023\/12\/containers-04-960-512.jpg","width":960,"height":512},{"@type":"BreadcrumbList","@id":"http:\/\/www.vuce.gob.ve\/index.php\/2023\/12\/13\/exportaciones-de-venezuela-a-colombia-crecieron-53\/#breadcrumb","itemListElement":[{"@type":"ListItem","position":1,"name":"Portada","item":"http:\/\/www.vuce.gob.ve\/"},{"@type":"ListItem","position":2,"name":"Exportaciones de Venezuela a Colombia crecieron 53%"}]},{"@type":"WebSite","@id":"http:\/\/www.vuce.gob.ve\/#website","url":"http:\/\/www.vuce.gob.ve\/","name":"Portal VUCE","description":"Ventanilla \u00danica de Comercio Exterior","publisher":{"@id":"http:\/\/www.vuce.gob.ve\/#organization"},"potentialAction":[{"@type":"SearchAction","target":{"@type":"EntryPoint","urlTemplate":"http:\/\/www.vuce.gob.ve\/?s={search_term_string}"},"query-input":{"@type":"PropertyValueSpecification","valueRequired":true,"valueName":"search_term_string"}}],"inLanguage":"es"},{"@type":"Organization","@id":"http:\/\/www.vuce.gob.ve\/#organization","name":"Portal VUCE","url":"http:\/\/www.vuce.gob.ve\/","logo":{"@type":"ImageObject","inLanguage":"es","@id":"http:\/\/www.vuce.gob.ve\/#\/schema\/logo\/image\/","url":"http:\/\/www.vuce.gob.ve\/wp-content\/uploads\/2022\/04\/logo-1.png","contentUrl":"http:\/\/www.vuce.gob.ve\/wp-content\/uploads\/2022\/04\/logo-1.png","width":625,"height":130,"caption":"Portal VUCE"},"image":{"@id":"http:\/\/www.vuce.gob.ve\/#\/schema\/logo\/image\/"},"sameAs":["https:\/\/www.instagram.com\/vucevzla\/"]},{"@type":"Person","@id":"http:\/\/www.vuce.gob.ve\/#\/schema\/person\/9948ccf612f79fdf2574612b10a3ed07","name":"prensaVuce","image":{"@type":"ImageObject","inLanguage":"es","@id":"http:\/\/www.vuce.gob.ve\/#\/schema\/person\/image\/","url":"http:\/\/www.vuce.gob.ve\/wp-content\/litespeed\/avatar\/aa32f7598b0f2a0b2a870e50d786d9f3.jpg?ver=1777417623","contentUrl":"http:\/\/www.vuce.gob.ve\/wp-content\/litespeed\/avatar\/aa32f7598b0f2a0b2a870e50d786d9f3.jpg?ver=1777417623","caption":"prensaVuce"},"sameAs":["http:\/\/172.30.211.18\/wordpress"]}]}},"_links":{"self":[{"href":"http:\/\/www.vuce.gob.ve\/index.php\/wp-json\/wp\/v2\/posts\/3487","targetHints":{"allow":["GET"]}}],"collection":[{"href":"http:\/\/www.vuce.gob.ve\/index.php\/wp-json\/wp\/v2\/posts"}],"about":[{"href":"http:\/\/www.vuce.gob.ve\/index.php\/wp-json\/wp\/v2\/types\/post"}],"author":[{"embeddable":true,"href":"http:\/\/www.vuce.gob.ve\/index.php\/wp-json\/wp\/v2\/users\/1"}],"replies":[{"embeddable":true,"href":"http:\/\/www.vuce.gob.ve\/index.php\/wp-json\/wp\/v2\/comments?post=3487"}],"version-history":[{"count":1,"href":"http:\/\/www.vuce.gob.ve\/index.php\/wp-json\/wp\/v2\/posts\/3487\/revisions"}],"predecessor-version":[{"id":3489,"href":"http:\/\/www.vuce.gob.ve\/index.php\/wp-json\/wp\/v2\/posts\/3487\/revisions\/3489"}],"wp:featuredmedia":[{"embeddable":true,"href":"http:\/\/www.vuce.gob.ve\/index.php\/wp-json\/wp\/v2\/media\/3488"}],"wp:attachment":[{"href":"http:\/\/www.vuce.gob.ve\/index.php\/wp-json\/wp\/v2\/media?parent=3487"}],"wp:term":[{"taxonomy":"category","embeddable":true,"href":"http:\/\/www.vuce.gob.ve\/index.php\/wp-json\/wp\/v2\/categories?post=3487"},{"taxonomy":"post_tag","embeddable":true,"href":"http:\/\/www.vuce.gob.ve\/index.php\/wp-json\/wp\/v2\/tags?post=3487"}],"curies":[{"name":"wp","href":"https:\/\/api.w.org\/{rel}","templated":true}]}}