{"id":3280,"date":"2023-09-21T21:32:15","date_gmt":"2023-09-21T21:32:15","guid":{"rendered":"http:\/\/www.vuce.gob.ve\/?p=3280"},"modified":"2025-04-18T11:24:02","modified_gmt":"2025-04-18T11:24:02","slug":"empresarios-turcos-visitaron-zee-de-la-guaira","status":"publish","type":"post","link":"http:\/\/www.vuce.gob.ve\/index.php\/2023\/09\/21\/empresarios-turcos-visitaron-zee-de-la-guaira\/","title":{"rendered":"Empresarios turcos visitaron ZEE de La Guaira"},"content":{"rendered":"\n<p>Empresarios turcos que est\u00e1n de visita en el pa\u00eds recorrieron este jueves la Ciudad Vacacional Los Caracas para conocer la oferta de desarrollo en La Guaira, en el marco de las Zonas Econ\u00f3micas Especiales (ZEE).<\/p>\n\n\n\n<p>Alrededor de treinta representantes de empresas provenientes de Turqu\u00eda, realizaron un encuentro como parte de la Expoferia de Productos de Exportaci\u00f3n de T\u00fcrkiye, que se realizar\u00e1 en Poliedro de Caracas del 20 al 24 de septiembre.<\/p>\n\n\n\n<p>\u201cHemos tenido una reuni\u00f3n extraordinaria con m\u00e1s de 30 empresarios que vienen desde Turqu\u00eda que est\u00e1n muy interesados en La Guaira y conocer nuestra Zona Econ\u00f3mica Especial, por eso hemos explicado los detalles, los incentivos que el Presidente de la Rep\u00fablica, Nicol\u00e1s Maduro ha creado en el ordenamiento jur\u00eddico venezolano para atraer inversiones hacia Venezuela y de manera especial hacia La Guaira\u201d, indico el Gobernador de La Guaira, Jos\u00e9 Alejando Ter\u00e1n.<\/p>\n\n\n\n<p>El Gobernador de La Guaira, estuvo acompa\u00f1ado de Marcos Mel\u00e9ndez, autoridad \u00fanica de la Zona Econ\u00f3mica de La Guaira, representante del sector productivo del litoral guaire\u00f1o, junto al Embajador de Turqu\u00eda en Caracas, su excelencia Ayudan karmanoglu, refiere RNV.<\/p>\n\n\n\n<p>Entre las \u00e1reas de inter\u00e9s de desarrollo por parte de Turqu\u00eda en La Guaira, destacan los sectores alimentaci\u00f3n, bebidas y tecnolog\u00eda por lo que han desarrollado un sistema de incentivos como la posibilidad de tercerizar costos a trav\u00e9s de la ubicaci\u00f3n geogr\u00e1fica de La Guaira.<\/p>\n\n\n\n<p>\u201cTenemos una infraestructura con disponibilidad para parque industrial de industrias livianas que est\u00e1 a 10 minutos del puerto y a 5 minutos del aeropuerto\u201d, expres\u00f3 la autoridad \u00fanica de la Zona Econ\u00f3mica de La Guaira.<\/p>\n","protected":false},"excerpt":{"rendered":"<p>Empresarios turcos que est\u00e1n de visita en el pa\u00eds recorrieron este jueves la Ciudad Vacacional Los Caracas para conocer la oferta de desarrollo en La Guaira, en el marco de las Zonas Econ\u00f3micas Especiales (ZEE).<\/p>\n","protected":false},"author":1,"featured_media":3281,"comment_status":"closed","ping_status":"open","sticky":false,"template":"","format":"standard","meta":{"site-sidebar-layout":"default","site-content-layout":"default","ast-global-header-display":"","ast-main-header-display":"","ast-hfb-above-header-display":"","ast-hfb-below-header-display":"","ast-hfb-mobile-header-display":"","site-post-title":"","ast-breadcrumbs-content":"","ast-featured-img":"","footer-sml-layout":"","theme-transparent-header-meta":"","adv-header-id-meta":"","stick-header-meta":"","header-above-stick-meta":"","header-main-stick-meta":"","header-below-stick-meta":"","footnotes":""},"categories":[10],"tags":[156,154,57],"class_list":["post-3280","post","type-post","status-publish","format-standard","has-post-thumbnail","hentry","category-noticias","tag-la-guaira","tag-turquia","tag-zonas-economicas-especiales"],"yoast_head":"<!-- This site is optimized with the Yoast SEO plugin v25.7 - https:\/\/yoast.com\/wordpress\/plugins\/seo\/ -->\n<title>Empresarios turcos visitaron ZEE de La Guaira<\/title>\n<meta name=\"description\" content=\"Empresarios turcos que est\u00e1n de visita en el pa\u00eds recorrieron este jueves la Ciudad Vacacional Los Caracas para conocer la oferta de desarrollo en La Guaira, en el marco de las Zonas Econ\u00f3micas Especiales (ZEE).\" \/>\n<meta name=\"robots\" content=\"index, follow, max-snippet:-1, max-image-preview:large, max-video-preview:-1\" \/>\n<link rel=\"canonical\" href=\"http:\/\/www.vuce.gob.ve\/index.php\/2023\/09\/21\/empresarios-turcos-visitaron-zee-de-la-guaira\/\" \/>\n<meta property=\"og:locale\" content=\"es_ES\" \/>\n<meta property=\"og:type\" content=\"article\" \/>\n<meta property=\"og:title\" content=\"Empresarios turcos visitaron ZEE de La Guaira\" \/>\n<meta property=\"og:description\" content=\"Empresarios turcos que est\u00e1n de visita en el pa\u00eds recorrieron este jueves la Ciudad Vacacional Los Caracas para conocer la oferta de desarrollo en La Guaira, en el marco de las Zonas Econ\u00f3micas Especiales (ZEE).\" \/>\n<meta property=\"og:url\" content=\"http:\/\/www.vuce.gob.ve\/index.php\/2023\/09\/21\/empresarios-turcos-visitaron-zee-de-la-guaira\/\" \/>\n<meta property=\"og:site_name\" content=\"Portal VUCE\" \/>\n<meta property=\"article:publisher\" content=\"https:\/\/www.instagram.com\/vucevzla\/\" \/>\n<meta property=\"article:published_time\" content=\"2023-09-21T21:32:15+00:00\" \/>\n<meta property=\"article:modified_time\" content=\"2025-04-18T11:24:02+00:00\" \/>\n<meta property=\"og:image\" content=\"http:\/\/www.vuce.gob.ve\/wp-content\/uploads\/2023\/09\/IMG-20230920-WA0069-800x445-1.jpg\" \/>\n\t<meta property=\"og:image:width\" content=\"800\" \/>\n\t<meta property=\"og:image:height\" content=\"445\" \/>\n\t<meta property=\"og:image:type\" content=\"image\/jpeg\" \/>\n<meta name=\"author\" content=\"prensaVuce\" \/>\n<meta name=\"twitter:card\" content=\"summary_large_image\" \/>\n<meta name=\"twitter:label1\" content=\"Escrito por\" \/>\n\t<meta name=\"twitter:data1\" content=\"prensaVuce\" \/>\n\t<meta name=\"twitter:label2\" content=\"Tiempo de lectura\" \/>\n\t<meta name=\"twitter:data2\" content=\"1 minuto\" \/>\n<script type=\"application\/ld+json\" class=\"yoast-schema-graph\">{\"@context\":\"https:\/\/schema.org\",\"@graph\":[{\"@type\":\"Article\",\"@id\":\"http:\/\/www.vuce.gob.ve\/index.php\/2023\/09\/21\/empresarios-turcos-visitaron-zee-de-la-guaira\/#article\",\"isPartOf\":{\"@id\":\"http:\/\/www.vuce.gob.ve\/index.php\/2023\/09\/21\/empresarios-turcos-visitaron-zee-de-la-guaira\/\"},\"author\":{\"name\":\"prensaVuce\",\"@id\":\"http:\/\/www.vuce.gob.ve\/#\/schema\/person\/9948ccf612f79fdf2574612b10a3ed07\"},\"headline\":\"Empresarios turcos visitaron ZEE de La Guaira\",\"datePublished\":\"2023-09-21T21:32:15+00:00\",\"dateModified\":\"2025-04-18T11:24:02+00:00\",\"mainEntityOfPage\":{\"@id\":\"http:\/\/www.vuce.gob.ve\/index.php\/2023\/09\/21\/empresarios-turcos-visitaron-zee-de-la-guaira\/\"},\"wordCount\":291,\"publisher\":{\"@id\":\"http:\/\/www.vuce.gob.ve\/#organization\"},\"image\":{\"@id\":\"http:\/\/www.vuce.gob.ve\/index.php\/2023\/09\/21\/empresarios-turcos-visitaron-zee-de-la-guaira\/#primaryimage\"},\"thumbnailUrl\":\"http:\/\/www.vuce.gob.ve\/wp-content\/uploads\/2023\/09\/IMG-20230920-WA0069-800x445-1.jpg\",\"keywords\":[\"La Guaira\",\"Turqu\u00eda\",\"zonas econ\u00f3micas especiales\"],\"articleSection\":[\"Noticias\"],\"inLanguage\":\"es\"},{\"@type\":\"WebPage\",\"@id\":\"http:\/\/www.vuce.gob.ve\/index.php\/2023\/09\/21\/empresarios-turcos-visitaron-zee-de-la-guaira\/\",\"url\":\"http:\/\/www.vuce.gob.ve\/index.php\/2023\/09\/21\/empresarios-turcos-visitaron-zee-de-la-guaira\/\",\"name\":\"Empresarios turcos visitaron ZEE de La Guaira\",\"isPartOf\":{\"@id\":\"http:\/\/www.vuce.gob.ve\/#website\"},\"primaryImageOfPage\":{\"@id\":\"http:\/\/www.vuce.gob.ve\/index.php\/2023\/09\/21\/empresarios-turcos-visitaron-zee-de-la-guaira\/#primaryimage\"},\"image\":{\"@id\":\"http:\/\/www.vuce.gob.ve\/index.php\/2023\/09\/21\/empresarios-turcos-visitaron-zee-de-la-guaira\/#primaryimage\"},\"thumbnailUrl\":\"http:\/\/www.vuce.gob.ve\/wp-content\/uploads\/2023\/09\/IMG-20230920-WA0069-800x445-1.jpg\",\"datePublished\":\"2023-09-21T21:32:15+00:00\",\"dateModified\":\"2025-04-18T11:24:02+00:00\",\"description\":\"Empresarios turcos que est\u00e1n de visita en el pa\u00eds recorrieron este jueves la Ciudad Vacacional Los Caracas para conocer la oferta de desarrollo en La Guaira, en el marco de las Zonas Econ\u00f3micas Especiales (ZEE).\",\"breadcrumb\":{\"@id\":\"http:\/\/www.vuce.gob.ve\/index.php\/2023\/09\/21\/empresarios-turcos-visitaron-zee-de-la-guaira\/#breadcrumb\"},\"inLanguage\":\"es\",\"potentialAction\":[{\"@type\":\"ReadAction\",\"target\":[\"http:\/\/www.vuce.gob.ve\/index.php\/2023\/09\/21\/empresarios-turcos-visitaron-zee-de-la-guaira\/\"]}]},{\"@type\":\"ImageObject\",\"inLanguage\":\"es\",\"@id\":\"http:\/\/www.vuce.gob.ve\/index.php\/2023\/09\/21\/empresarios-turcos-visitaron-zee-de-la-guaira\/#primaryimage\",\"url\":\"http:\/\/www.vuce.gob.ve\/wp-content\/uploads\/2023\/09\/IMG-20230920-WA0069-800x445-1.jpg\",\"contentUrl\":\"http:\/\/www.vuce.gob.ve\/wp-content\/uploads\/2023\/09\/IMG-20230920-WA0069-800x445-1.jpg\",\"width\":800,\"height\":445},{\"@type\":\"BreadcrumbList\",\"@id\":\"http:\/\/www.vuce.gob.ve\/index.php\/2023\/09\/21\/empresarios-turcos-visitaron-zee-de-la-guaira\/#breadcrumb\",\"itemListElement\":[{\"@type\":\"ListItem\",\"position\":1,\"name\":\"Portada\",\"item\":\"http:\/\/www.vuce.gob.ve\/\"},{\"@type\":\"ListItem\",\"position\":2,\"name\":\"Empresarios turcos visitaron ZEE de La Guaira\"}]},{\"@type\":\"WebSite\",\"@id\":\"http:\/\/www.vuce.gob.ve\/#website\",\"url\":\"http:\/\/www.vuce.gob.ve\/\",\"name\":\"Portal VUCE\",\"description\":\"Ventanilla \u00danica de Comercio Exterior\",\"publisher\":{\"@id\":\"http:\/\/www.vuce.gob.ve\/#organization\"},\"potentialAction\":[{\"@type\":\"SearchAction\",\"target\":{\"@type\":\"EntryPoint\",\"urlTemplate\":\"http:\/\/www.vuce.gob.ve\/?s={search_term_string}\"},\"query-input\":{\"@type\":\"PropertyValueSpecification\",\"valueRequired\":true,\"valueName\":\"search_term_string\"}}],\"inLanguage\":\"es\"},{\"@type\":\"Organization\",\"@id\":\"http:\/\/www.vuce.gob.ve\/#organization\",\"name\":\"Portal VUCE\",\"url\":\"http:\/\/www.vuce.gob.ve\/\",\"logo\":{\"@type\":\"ImageObject\",\"inLanguage\":\"es\",\"@id\":\"http:\/\/www.vuce.gob.ve\/#\/schema\/logo\/image\/\",\"url\":\"http:\/\/www.vuce.gob.ve\/wp-content\/uploads\/2022\/04\/logo-1.png\",\"contentUrl\":\"http:\/\/www.vuce.gob.ve\/wp-content\/uploads\/2022\/04\/logo-1.png\",\"width\":625,\"height\":130,\"caption\":\"Portal VUCE\"},\"image\":{\"@id\":\"http:\/\/www.vuce.gob.ve\/#\/schema\/logo\/image\/\"},\"sameAs\":[\"https:\/\/www.instagram.com\/vucevzla\/\"]},{\"@type\":\"Person\",\"@id\":\"http:\/\/www.vuce.gob.ve\/#\/schema\/person\/9948ccf612f79fdf2574612b10a3ed07\",\"name\":\"prensaVuce\",\"image\":{\"@type\":\"ImageObject\",\"inLanguage\":\"es\",\"@id\":\"http:\/\/www.vuce.gob.ve\/#\/schema\/person\/image\/\",\"url\":\"http:\/\/www.vuce.gob.ve\/wp-content\/litespeed\/avatar\/aa32f7598b0f2a0b2a870e50d786d9f3.jpg?ver=1777417623\",\"contentUrl\":\"http:\/\/www.vuce.gob.ve\/wp-content\/litespeed\/avatar\/aa32f7598b0f2a0b2a870e50d786d9f3.jpg?ver=1777417623\",\"caption\":\"prensaVuce\"},\"sameAs\":[\"http:\/\/172.30.211.18\/wordpress\"]}]}<\/script>\n<!-- \/ Yoast SEO plugin. -->","yoast_head_json":{"title":"Empresarios turcos visitaron ZEE de La Guaira","description":"Empresarios turcos que est\u00e1n de visita en el pa\u00eds recorrieron este jueves la Ciudad Vacacional Los Caracas para conocer la oferta de desarrollo en La Guaira, en el marco de las Zonas Econ\u00f3micas Especiales (ZEE).","robots":{"index":"index","follow":"follow","max-snippet":"max-snippet:-1","max-image-preview":"max-image-preview:large","max-video-preview":"max-video-preview:-1"},"canonical":"http:\/\/www.vuce.gob.ve\/index.php\/2023\/09\/21\/empresarios-turcos-visitaron-zee-de-la-guaira\/","og_locale":"es_ES","og_type":"article","og_title":"Empresarios turcos visitaron ZEE de La Guaira","og_description":"Empresarios turcos que est\u00e1n de visita en el pa\u00eds recorrieron este jueves la Ciudad Vacacional Los Caracas para conocer la oferta de desarrollo en La Guaira, en el marco de las Zonas Econ\u00f3micas Especiales (ZEE).","og_url":"http:\/\/www.vuce.gob.ve\/index.php\/2023\/09\/21\/empresarios-turcos-visitaron-zee-de-la-guaira\/","og_site_name":"Portal VUCE","article_publisher":"https:\/\/www.instagram.com\/vucevzla\/","article_published_time":"2023-09-21T21:32:15+00:00","article_modified_time":"2025-04-18T11:24:02+00:00","og_image":[{"width":800,"height":445,"url":"http:\/\/www.vuce.gob.ve\/wp-content\/uploads\/2023\/09\/IMG-20230920-WA0069-800x445-1.jpg","type":"image\/jpeg"}],"author":"prensaVuce","twitter_card":"summary_large_image","twitter_misc":{"Escrito por":"prensaVuce","Tiempo de lectura":"1 minuto"},"schema":{"@context":"https:\/\/schema.org","@graph":[{"@type":"Article","@id":"http:\/\/www.vuce.gob.ve\/index.php\/2023\/09\/21\/empresarios-turcos-visitaron-zee-de-la-guaira\/#article","isPartOf":{"@id":"http:\/\/www.vuce.gob.ve\/index.php\/2023\/09\/21\/empresarios-turcos-visitaron-zee-de-la-guaira\/"},"author":{"name":"prensaVuce","@id":"http:\/\/www.vuce.gob.ve\/#\/schema\/person\/9948ccf612f79fdf2574612b10a3ed07"},"headline":"Empresarios turcos visitaron ZEE de La Guaira","datePublished":"2023-09-21T21:32:15+00:00","dateModified":"2025-04-18T11:24:02+00:00","mainEntityOfPage":{"@id":"http:\/\/www.vuce.gob.ve\/index.php\/2023\/09\/21\/empresarios-turcos-visitaron-zee-de-la-guaira\/"},"wordCount":291,"publisher":{"@id":"http:\/\/www.vuce.gob.ve\/#organization"},"image":{"@id":"http:\/\/www.vuce.gob.ve\/index.php\/2023\/09\/21\/empresarios-turcos-visitaron-zee-de-la-guaira\/#primaryimage"},"thumbnailUrl":"http:\/\/www.vuce.gob.ve\/wp-content\/uploads\/2023\/09\/IMG-20230920-WA0069-800x445-1.jpg","keywords":["La Guaira","Turqu\u00eda","zonas econ\u00f3micas especiales"],"articleSection":["Noticias"],"inLanguage":"es"},{"@type":"WebPage","@id":"http:\/\/www.vuce.gob.ve\/index.php\/2023\/09\/21\/empresarios-turcos-visitaron-zee-de-la-guaira\/","url":"http:\/\/www.vuce.gob.ve\/index.php\/2023\/09\/21\/empresarios-turcos-visitaron-zee-de-la-guaira\/","name":"Empresarios turcos visitaron ZEE de La Guaira","isPartOf":{"@id":"http:\/\/www.vuce.gob.ve\/#website"},"primaryImageOfPage":{"@id":"http:\/\/www.vuce.gob.ve\/index.php\/2023\/09\/21\/empresarios-turcos-visitaron-zee-de-la-guaira\/#primaryimage"},"image":{"@id":"http:\/\/www.vuce.gob.ve\/index.php\/2023\/09\/21\/empresarios-turcos-visitaron-zee-de-la-guaira\/#primaryimage"},"thumbnailUrl":"http:\/\/www.vuce.gob.ve\/wp-content\/uploads\/2023\/09\/IMG-20230920-WA0069-800x445-1.jpg","datePublished":"2023-09-21T21:32:15+00:00","dateModified":"2025-04-18T11:24:02+00:00","description":"Empresarios turcos que est\u00e1n de visita en el pa\u00eds recorrieron este jueves la Ciudad Vacacional Los Caracas para conocer la oferta de desarrollo en La Guaira, en el marco de las Zonas Econ\u00f3micas Especiales (ZEE).","breadcrumb":{"@id":"http:\/\/www.vuce.gob.ve\/index.php\/2023\/09\/21\/empresarios-turcos-visitaron-zee-de-la-guaira\/#breadcrumb"},"inLanguage":"es","potentialAction":[{"@type":"ReadAction","target":["http:\/\/www.vuce.gob.ve\/index.php\/2023\/09\/21\/empresarios-turcos-visitaron-zee-de-la-guaira\/"]}]},{"@type":"ImageObject","inLanguage":"es","@id":"http:\/\/www.vuce.gob.ve\/index.php\/2023\/09\/21\/empresarios-turcos-visitaron-zee-de-la-guaira\/#primaryimage","url":"http:\/\/www.vuce.gob.ve\/wp-content\/uploads\/2023\/09\/IMG-20230920-WA0069-800x445-1.jpg","contentUrl":"http:\/\/www.vuce.gob.ve\/wp-content\/uploads\/2023\/09\/IMG-20230920-WA0069-800x445-1.jpg","width":800,"height":445},{"@type":"BreadcrumbList","@id":"http:\/\/www.vuce.gob.ve\/index.php\/2023\/09\/21\/empresarios-turcos-visitaron-zee-de-la-guaira\/#breadcrumb","itemListElement":[{"@type":"ListItem","position":1,"name":"Portada","item":"http:\/\/www.vuce.gob.ve\/"},{"@type":"ListItem","position":2,"name":"Empresarios turcos visitaron ZEE de La Guaira"}]},{"@type":"WebSite","@id":"http:\/\/www.vuce.gob.ve\/#website","url":"http:\/\/www.vuce.gob.ve\/","name":"Portal VUCE","description":"Ventanilla \u00danica de Comercio Exterior","publisher":{"@id":"http:\/\/www.vuce.gob.ve\/#organization"},"potentialAction":[{"@type":"SearchAction","target":{"@type":"EntryPoint","urlTemplate":"http:\/\/www.vuce.gob.ve\/?s={search_term_string}"},"query-input":{"@type":"PropertyValueSpecification","valueRequired":true,"valueName":"search_term_string"}}],"inLanguage":"es"},{"@type":"Organization","@id":"http:\/\/www.vuce.gob.ve\/#organization","name":"Portal VUCE","url":"http:\/\/www.vuce.gob.ve\/","logo":{"@type":"ImageObject","inLanguage":"es","@id":"http:\/\/www.vuce.gob.ve\/#\/schema\/logo\/image\/","url":"http:\/\/www.vuce.gob.ve\/wp-content\/uploads\/2022\/04\/logo-1.png","contentUrl":"http:\/\/www.vuce.gob.ve\/wp-content\/uploads\/2022\/04\/logo-1.png","width":625,"height":130,"caption":"Portal VUCE"},"image":{"@id":"http:\/\/www.vuce.gob.ve\/#\/schema\/logo\/image\/"},"sameAs":["https:\/\/www.instagram.com\/vucevzla\/"]},{"@type":"Person","@id":"http:\/\/www.vuce.gob.ve\/#\/schema\/person\/9948ccf612f79fdf2574612b10a3ed07","name":"prensaVuce","image":{"@type":"ImageObject","inLanguage":"es","@id":"http:\/\/www.vuce.gob.ve\/#\/schema\/person\/image\/","url":"http:\/\/www.vuce.gob.ve\/wp-content\/litespeed\/avatar\/aa32f7598b0f2a0b2a870e50d786d9f3.jpg?ver=1777417623","contentUrl":"http:\/\/www.vuce.gob.ve\/wp-content\/litespeed\/avatar\/aa32f7598b0f2a0b2a870e50d786d9f3.jpg?ver=1777417623","caption":"prensaVuce"},"sameAs":["http:\/\/172.30.211.18\/wordpress"]}]}},"_links":{"self":[{"href":"http:\/\/www.vuce.gob.ve\/index.php\/wp-json\/wp\/v2\/posts\/3280","targetHints":{"allow":["GET"]}}],"collection":[{"href":"http:\/\/www.vuce.gob.ve\/index.php\/wp-json\/wp\/v2\/posts"}],"about":[{"href":"http:\/\/www.vuce.gob.ve\/index.php\/wp-json\/wp\/v2\/types\/post"}],"author":[{"embeddable":true,"href":"http:\/\/www.vuce.gob.ve\/index.php\/wp-json\/wp\/v2\/users\/1"}],"replies":[{"embeddable":true,"href":"http:\/\/www.vuce.gob.ve\/index.php\/wp-json\/wp\/v2\/comments?post=3280"}],"version-history":[{"count":1,"href":"http:\/\/www.vuce.gob.ve\/index.php\/wp-json\/wp\/v2\/posts\/3280\/revisions"}],"predecessor-version":[{"id":3282,"href":"http:\/\/www.vuce.gob.ve\/index.php\/wp-json\/wp\/v2\/posts\/3280\/revisions\/3282"}],"wp:featuredmedia":[{"embeddable":true,"href":"http:\/\/www.vuce.gob.ve\/index.php\/wp-json\/wp\/v2\/media\/3281"}],"wp:attachment":[{"href":"http:\/\/www.vuce.gob.ve\/index.php\/wp-json\/wp\/v2\/media?parent=3280"}],"wp:term":[{"taxonomy":"category","embeddable":true,"href":"http:\/\/www.vuce.gob.ve\/index.php\/wp-json\/wp\/v2\/categories?post=3280"},{"taxonomy":"post_tag","embeddable":true,"href":"http:\/\/www.vuce.gob.ve\/index.php\/wp-json\/wp\/v2\/tags?post=3280"}],"curies":[{"name":"wp","href":"https:\/\/api.w.org\/{rel}","templated":true}]}}