{"id":3119,"date":"2023-08-15T15:02:28","date_gmt":"2023-08-15T15:02:28","guid":{"rendered":"http:\/\/www.vuce.gob.ve\/?p=3119"},"modified":"2025-04-18T11:24:05","modified_gmt":"2025-04-18T11:24:05","slug":"superintendente-y-autoridades-unicas-analizaron-planes-de-desarrollo-de-las-zee","status":"publish","type":"post","link":"http:\/\/www.vuce.gob.ve\/index.php\/2023\/08\/15\/superintendente-y-autoridades-unicas-analizaron-planes-de-desarrollo-de-las-zee\/","title":{"rendered":"Superintendente y autoridades \u00fanicas analizaron planes de desarrollo de las ZEE"},"content":{"rendered":"\n<p>Junto al diputado a la Asamblea Nacional, Nicol\u00e1s Maduro Guerra, el superintendente de las Zonas Econ\u00f3micas Especiales, Johann \u00c1lvarez M\u00e1rquez, sostuvo una reuni\u00f3n de trabajo con las autoridades \u00fanicas de las Zonas Econ\u00f3micas Especiales (ZEE), designadas recientemente por el presidente de la Rep\u00fablica,Nicolas Maduro.<\/p>\n\n\n\n<p>Durante el encuentro, el contralmirante An\u00edbal Coronado, Sergio Quintero, el general de divisi\u00f3n V\u00edctor Rosas y Marcos Mel\u00e9ndez, autoridades \u00fanicas de las ZEE La Tortuga, Paraguan\u00e1, Militar Aragua y La Guaira, respectivamente, revisaron la Ley Org\u00e1nica de las Zonas Econ\u00f3micas Especiales, los decretos de creaci\u00f3n firmados por el Jefe de Estado, el esquema de incentivos y las tareas que se deben desarrollar en cada uno de los territorios.<\/p>\n\n\n\n<p>La ley tiene por objeto regular la creaci\u00f3n, organizaci\u00f3n, funcionamiento, administraci\u00f3n y desarrollo de las ZEE, as\u00ed como los incentivos econ\u00f3micos, fiscales y de otra \u00edndole que resulten aplicables, en funci\u00f3n del nuevo modelo de desarrollo econ\u00f3mico soberano y de producci\u00f3n nacional, que garantice el encadenamiento productivo, la seguridad jur\u00eddica, la justicia social y los medios ambientalmente sustentables.<\/p>\n\n\n\n<p>El presidente de la Rep\u00fablica Bolivariana de Venezuela, Nicol\u00e1s Maduro Moros, firm\u00f3 el pasado jueves 10 de agosto de 2023, los decretor de creaci\u00f3n de las Zonas Econ\u00f3micas Especiales (ZEE): Isla La Tortuga, Paraguan\u00e1, Militar Aragua y La Guaira.<\/p>\n\n\n\n<p>El Primer Mandatario Nacional afirm\u00f3 que las ZEE permitir\u00e1n a Venezuela avanzar en la construcci\u00f3n de un nuevo modelo, que integrar\u00e1 las potencialidades econ\u00f3micas, productivas y tecnol\u00f3gicas de las distintas regiones del pa\u00eds con fuentes de inversi\u00f3n nacional e internacional.<\/p>\n\n\n\n<figure class=\"wp-block-image size-large\"><img loading=\"lazy\" decoding=\"async\" width=\"1024\" height=\"684\" src=\"http:\/\/www.vuce.gob.ve\/wp-content\/uploads\/2023\/08\/f92c1778-b3d5-47fd-bd25-fdd0e6ed9a2c-1024x684.jpg\" alt=\"\" class=\"wp-image-3121\" srcset=\"http:\/\/www.vuce.gob.ve\/wp-content\/uploads\/2023\/08\/f92c1778-b3d5-47fd-bd25-fdd0e6ed9a2c-1024x684.jpg 1024w, http:\/\/www.vuce.gob.ve\/wp-content\/uploads\/2023\/08\/f92c1778-b3d5-47fd-bd25-fdd0e6ed9a2c-300x200.jpg 300w, http:\/\/www.vuce.gob.ve\/wp-content\/uploads\/2023\/08\/f92c1778-b3d5-47fd-bd25-fdd0e6ed9a2c-768x513.jpg 768w, http:\/\/www.vuce.gob.ve\/wp-content\/uploads\/2023\/08\/f92c1778-b3d5-47fd-bd25-fdd0e6ed9a2c.jpg 1280w\" sizes=\"auto, (max-width: 1024px) 100vw, 1024px\" \/><\/figure>\n","protected":false},"excerpt":{"rendered":"<p>Junto al diputado a la Asamblea Nacional, Nicol\u00e1s Maduro Guerra, el superintendente de las Zonas Econ\u00f3micas Especiales, Johann \u00c1lvarez M\u00e1rquez, sostuvo una reuni\u00f3n de trabajo con las autoridades \u00fanicas de las Zonas Econ\u00f3micas Especiales (ZEE), designadas recientemente por el presidente de la Rep\u00fablica,Nicolas Maduro.<\/p>\n","protected":false},"author":1,"featured_media":3120,"comment_status":"closed","ping_status":"open","sticky":false,"template":"","format":"standard","meta":{"site-sidebar-layout":"default","site-content-layout":"default","ast-global-header-display":"","ast-main-header-display":"","ast-hfb-above-header-display":"","ast-hfb-below-header-display":"","ast-hfb-mobile-header-display":"","site-post-title":"","ast-breadcrumbs-content":"","ast-featured-img":"","footer-sml-layout":"","theme-transparent-header-meta":"","adv-header-id-meta":"","stick-header-meta":"","header-above-stick-meta":"","header-main-stick-meta":"","header-below-stick-meta":"","footnotes":""},"categories":[10],"tags":[],"class_list":["post-3119","post","type-post","status-publish","format-standard","has-post-thumbnail","hentry","category-noticias"],"yoast_head":"<!-- This site is optimized with the Yoast SEO plugin v25.7 - https:\/\/yoast.com\/wordpress\/plugins\/seo\/ -->\n<title>Superintendente y autoridades \u00fanicas analizaron planes de desarrollo de las ZEE<\/title>\n<meta name=\"description\" content=\"Junto al diputado a la Asamblea Nacional, Nicol\u00e1s Maduro Guerra, el superintendente de las Zonas Econ\u00f3micas Especiales, Johann \u00c1lvarez M\u00e1rquez, sostuvo una reuni\u00f3n de trabajo con las autoridades \u00fanicas de las Zonas Econ\u00f3micas Especiales (ZEE), designadas recientemente por el presidente de la Rep\u00fablica,Nicolas Maduro.\" \/>\n<meta name=\"robots\" content=\"index, follow, max-snippet:-1, max-image-preview:large, max-video-preview:-1\" \/>\n<link rel=\"canonical\" href=\"http:\/\/www.vuce.gob.ve\/index.php\/2023\/08\/15\/superintendente-y-autoridades-unicas-analizaron-planes-de-desarrollo-de-las-zee\/\" \/>\n<meta property=\"og:locale\" content=\"es_ES\" \/>\n<meta property=\"og:type\" content=\"article\" \/>\n<meta property=\"og:title\" content=\"Superintendente y autoridades \u00fanicas analizaron planes de desarrollo de las ZEE\" \/>\n<meta property=\"og:description\" content=\"Junto al diputado a la Asamblea Nacional, Nicol\u00e1s Maduro Guerra, el superintendente de las Zonas Econ\u00f3micas Especiales, Johann \u00c1lvarez M\u00e1rquez, sostuvo una reuni\u00f3n de trabajo con las autoridades \u00fanicas de las Zonas Econ\u00f3micas Especiales (ZEE), designadas recientemente por el presidente de la Rep\u00fablica,Nicolas Maduro.\" \/>\n<meta property=\"og:url\" content=\"http:\/\/www.vuce.gob.ve\/index.php\/2023\/08\/15\/superintendente-y-autoridades-unicas-analizaron-planes-de-desarrollo-de-las-zee\/\" \/>\n<meta property=\"og:site_name\" content=\"Portal VUCE\" \/>\n<meta property=\"article:publisher\" content=\"https:\/\/www.instagram.com\/vucevzla\/\" \/>\n<meta property=\"article:published_time\" content=\"2023-08-15T15:02:28+00:00\" \/>\n<meta property=\"article:modified_time\" content=\"2025-04-18T11:24:05+00:00\" \/>\n<meta property=\"og:image\" content=\"http:\/\/www.vuce.gob.ve\/wp-content\/uploads\/2023\/08\/3eb09d83-97ef-446a-a132-d58f149ff73f.jpg\" \/>\n\t<meta property=\"og:image:width\" content=\"1280\" \/>\n\t<meta property=\"og:image:height\" content=\"855\" \/>\n\t<meta property=\"og:image:type\" content=\"image\/jpeg\" \/>\n<meta name=\"author\" content=\"prensaVuce\" \/>\n<meta name=\"twitter:card\" content=\"summary_large_image\" \/>\n<meta name=\"twitter:label1\" content=\"Escrito por\" \/>\n\t<meta name=\"twitter:data1\" content=\"prensaVuce\" \/>\n\t<meta name=\"twitter:label2\" content=\"Tiempo de lectura\" \/>\n\t<meta name=\"twitter:data2\" content=\"1 minuto\" \/>\n<script type=\"application\/ld+json\" class=\"yoast-schema-graph\">{\"@context\":\"https:\/\/schema.org\",\"@graph\":[{\"@type\":\"Article\",\"@id\":\"http:\/\/www.vuce.gob.ve\/index.php\/2023\/08\/15\/superintendente-y-autoridades-unicas-analizaron-planes-de-desarrollo-de-las-zee\/#article\",\"isPartOf\":{\"@id\":\"http:\/\/www.vuce.gob.ve\/index.php\/2023\/08\/15\/superintendente-y-autoridades-unicas-analizaron-planes-de-desarrollo-de-las-zee\/\"},\"author\":{\"name\":\"prensaVuce\",\"@id\":\"http:\/\/www.vuce.gob.ve\/#\/schema\/person\/9948ccf612f79fdf2574612b10a3ed07\"},\"headline\":\"Superintendente y autoridades \u00fanicas analizaron planes de desarrollo de las ZEE\",\"datePublished\":\"2023-08-15T15:02:28+00:00\",\"dateModified\":\"2025-04-18T11:24:05+00:00\",\"mainEntityOfPage\":{\"@id\":\"http:\/\/www.vuce.gob.ve\/index.php\/2023\/08\/15\/superintendente-y-autoridades-unicas-analizaron-planes-de-desarrollo-de-las-zee\/\"},\"wordCount\":290,\"publisher\":{\"@id\":\"http:\/\/www.vuce.gob.ve\/#organization\"},\"image\":{\"@id\":\"http:\/\/www.vuce.gob.ve\/index.php\/2023\/08\/15\/superintendente-y-autoridades-unicas-analizaron-planes-de-desarrollo-de-las-zee\/#primaryimage\"},\"thumbnailUrl\":\"http:\/\/www.vuce.gob.ve\/wp-content\/uploads\/2023\/08\/3eb09d83-97ef-446a-a132-d58f149ff73f.jpg\",\"articleSection\":[\"Noticias\"],\"inLanguage\":\"es\"},{\"@type\":\"WebPage\",\"@id\":\"http:\/\/www.vuce.gob.ve\/index.php\/2023\/08\/15\/superintendente-y-autoridades-unicas-analizaron-planes-de-desarrollo-de-las-zee\/\",\"url\":\"http:\/\/www.vuce.gob.ve\/index.php\/2023\/08\/15\/superintendente-y-autoridades-unicas-analizaron-planes-de-desarrollo-de-las-zee\/\",\"name\":\"Superintendente y autoridades \u00fanicas analizaron planes de desarrollo de las ZEE\",\"isPartOf\":{\"@id\":\"http:\/\/www.vuce.gob.ve\/#website\"},\"primaryImageOfPage\":{\"@id\":\"http:\/\/www.vuce.gob.ve\/index.php\/2023\/08\/15\/superintendente-y-autoridades-unicas-analizaron-planes-de-desarrollo-de-las-zee\/#primaryimage\"},\"image\":{\"@id\":\"http:\/\/www.vuce.gob.ve\/index.php\/2023\/08\/15\/superintendente-y-autoridades-unicas-analizaron-planes-de-desarrollo-de-las-zee\/#primaryimage\"},\"thumbnailUrl\":\"http:\/\/www.vuce.gob.ve\/wp-content\/uploads\/2023\/08\/3eb09d83-97ef-446a-a132-d58f149ff73f.jpg\",\"datePublished\":\"2023-08-15T15:02:28+00:00\",\"dateModified\":\"2025-04-18T11:24:05+00:00\",\"description\":\"Junto al diputado a la Asamblea Nacional, Nicol\u00e1s Maduro Guerra, el superintendente de las Zonas Econ\u00f3micas Especiales, Johann \u00c1lvarez M\u00e1rquez, sostuvo una reuni\u00f3n de trabajo con las autoridades \u00fanicas de las Zonas Econ\u00f3micas Especiales (ZEE), designadas recientemente por el presidente de la Rep\u00fablica,Nicolas Maduro.\",\"breadcrumb\":{\"@id\":\"http:\/\/www.vuce.gob.ve\/index.php\/2023\/08\/15\/superintendente-y-autoridades-unicas-analizaron-planes-de-desarrollo-de-las-zee\/#breadcrumb\"},\"inLanguage\":\"es\",\"potentialAction\":[{\"@type\":\"ReadAction\",\"target\":[\"http:\/\/www.vuce.gob.ve\/index.php\/2023\/08\/15\/superintendente-y-autoridades-unicas-analizaron-planes-de-desarrollo-de-las-zee\/\"]}]},{\"@type\":\"ImageObject\",\"inLanguage\":\"es\",\"@id\":\"http:\/\/www.vuce.gob.ve\/index.php\/2023\/08\/15\/superintendente-y-autoridades-unicas-analizaron-planes-de-desarrollo-de-las-zee\/#primaryimage\",\"url\":\"http:\/\/www.vuce.gob.ve\/wp-content\/uploads\/2023\/08\/3eb09d83-97ef-446a-a132-d58f149ff73f.jpg\",\"contentUrl\":\"http:\/\/www.vuce.gob.ve\/wp-content\/uploads\/2023\/08\/3eb09d83-97ef-446a-a132-d58f149ff73f.jpg\",\"width\":1280,\"height\":855},{\"@type\":\"BreadcrumbList\",\"@id\":\"http:\/\/www.vuce.gob.ve\/index.php\/2023\/08\/15\/superintendente-y-autoridades-unicas-analizaron-planes-de-desarrollo-de-las-zee\/#breadcrumb\",\"itemListElement\":[{\"@type\":\"ListItem\",\"position\":1,\"name\":\"Portada\",\"item\":\"http:\/\/www.vuce.gob.ve\/\"},{\"@type\":\"ListItem\",\"position\":2,\"name\":\"Superintendente y autoridades \u00fanicas analizaron planes de desarrollo de las ZEE\"}]},{\"@type\":\"WebSite\",\"@id\":\"http:\/\/www.vuce.gob.ve\/#website\",\"url\":\"http:\/\/www.vuce.gob.ve\/\",\"name\":\"Portal VUCE\",\"description\":\"Ventanilla \u00danica de Comercio Exterior\",\"publisher\":{\"@id\":\"http:\/\/www.vuce.gob.ve\/#organization\"},\"potentialAction\":[{\"@type\":\"SearchAction\",\"target\":{\"@type\":\"EntryPoint\",\"urlTemplate\":\"http:\/\/www.vuce.gob.ve\/?s={search_term_string}\"},\"query-input\":{\"@type\":\"PropertyValueSpecification\",\"valueRequired\":true,\"valueName\":\"search_term_string\"}}],\"inLanguage\":\"es\"},{\"@type\":\"Organization\",\"@id\":\"http:\/\/www.vuce.gob.ve\/#organization\",\"name\":\"Portal VUCE\",\"url\":\"http:\/\/www.vuce.gob.ve\/\",\"logo\":{\"@type\":\"ImageObject\",\"inLanguage\":\"es\",\"@id\":\"http:\/\/www.vuce.gob.ve\/#\/schema\/logo\/image\/\",\"url\":\"http:\/\/www.vuce.gob.ve\/wp-content\/uploads\/2022\/04\/logo-1.png\",\"contentUrl\":\"http:\/\/www.vuce.gob.ve\/wp-content\/uploads\/2022\/04\/logo-1.png\",\"width\":625,\"height\":130,\"caption\":\"Portal VUCE\"},\"image\":{\"@id\":\"http:\/\/www.vuce.gob.ve\/#\/schema\/logo\/image\/\"},\"sameAs\":[\"https:\/\/www.instagram.com\/vucevzla\/\"]},{\"@type\":\"Person\",\"@id\":\"http:\/\/www.vuce.gob.ve\/#\/schema\/person\/9948ccf612f79fdf2574612b10a3ed07\",\"name\":\"prensaVuce\",\"image\":{\"@type\":\"ImageObject\",\"inLanguage\":\"es\",\"@id\":\"http:\/\/www.vuce.gob.ve\/#\/schema\/person\/image\/\",\"url\":\"http:\/\/www.vuce.gob.ve\/wp-content\/litespeed\/avatar\/aa32f7598b0f2a0b2a870e50d786d9f3.jpg?ver=1777417623\",\"contentUrl\":\"http:\/\/www.vuce.gob.ve\/wp-content\/litespeed\/avatar\/aa32f7598b0f2a0b2a870e50d786d9f3.jpg?ver=1777417623\",\"caption\":\"prensaVuce\"},\"sameAs\":[\"http:\/\/172.30.211.18\/wordpress\"]}]}<\/script>\n<!-- \/ Yoast SEO plugin. -->","yoast_head_json":{"title":"Superintendente y autoridades \u00fanicas analizaron planes de desarrollo de las ZEE","description":"Junto al diputado a la Asamblea Nacional, Nicol\u00e1s Maduro Guerra, el superintendente de las Zonas Econ\u00f3micas Especiales, Johann \u00c1lvarez M\u00e1rquez, sostuvo una reuni\u00f3n de trabajo con las autoridades \u00fanicas de las Zonas Econ\u00f3micas Especiales (ZEE), designadas recientemente por el presidente de la Rep\u00fablica,Nicolas Maduro.","robots":{"index":"index","follow":"follow","max-snippet":"max-snippet:-1","max-image-preview":"max-image-preview:large","max-video-preview":"max-video-preview:-1"},"canonical":"http:\/\/www.vuce.gob.ve\/index.php\/2023\/08\/15\/superintendente-y-autoridades-unicas-analizaron-planes-de-desarrollo-de-las-zee\/","og_locale":"es_ES","og_type":"article","og_title":"Superintendente y autoridades \u00fanicas analizaron planes de desarrollo de las ZEE","og_description":"Junto al diputado a la Asamblea Nacional, Nicol\u00e1s Maduro Guerra, el superintendente de las Zonas Econ\u00f3micas Especiales, Johann \u00c1lvarez M\u00e1rquez, sostuvo una reuni\u00f3n de trabajo con las autoridades \u00fanicas de las Zonas Econ\u00f3micas Especiales (ZEE), designadas recientemente por el presidente de la Rep\u00fablica,Nicolas Maduro.","og_url":"http:\/\/www.vuce.gob.ve\/index.php\/2023\/08\/15\/superintendente-y-autoridades-unicas-analizaron-planes-de-desarrollo-de-las-zee\/","og_site_name":"Portal VUCE","article_publisher":"https:\/\/www.instagram.com\/vucevzla\/","article_published_time":"2023-08-15T15:02:28+00:00","article_modified_time":"2025-04-18T11:24:05+00:00","og_image":[{"width":1280,"height":855,"url":"http:\/\/www.vuce.gob.ve\/wp-content\/uploads\/2023\/08\/3eb09d83-97ef-446a-a132-d58f149ff73f.jpg","type":"image\/jpeg"}],"author":"prensaVuce","twitter_card":"summary_large_image","twitter_misc":{"Escrito por":"prensaVuce","Tiempo de lectura":"1 minuto"},"schema":{"@context":"https:\/\/schema.org","@graph":[{"@type":"Article","@id":"http:\/\/www.vuce.gob.ve\/index.php\/2023\/08\/15\/superintendente-y-autoridades-unicas-analizaron-planes-de-desarrollo-de-las-zee\/#article","isPartOf":{"@id":"http:\/\/www.vuce.gob.ve\/index.php\/2023\/08\/15\/superintendente-y-autoridades-unicas-analizaron-planes-de-desarrollo-de-las-zee\/"},"author":{"name":"prensaVuce","@id":"http:\/\/www.vuce.gob.ve\/#\/schema\/person\/9948ccf612f79fdf2574612b10a3ed07"},"headline":"Superintendente y autoridades \u00fanicas analizaron planes de desarrollo de las ZEE","datePublished":"2023-08-15T15:02:28+00:00","dateModified":"2025-04-18T11:24:05+00:00","mainEntityOfPage":{"@id":"http:\/\/www.vuce.gob.ve\/index.php\/2023\/08\/15\/superintendente-y-autoridades-unicas-analizaron-planes-de-desarrollo-de-las-zee\/"},"wordCount":290,"publisher":{"@id":"http:\/\/www.vuce.gob.ve\/#organization"},"image":{"@id":"http:\/\/www.vuce.gob.ve\/index.php\/2023\/08\/15\/superintendente-y-autoridades-unicas-analizaron-planes-de-desarrollo-de-las-zee\/#primaryimage"},"thumbnailUrl":"http:\/\/www.vuce.gob.ve\/wp-content\/uploads\/2023\/08\/3eb09d83-97ef-446a-a132-d58f149ff73f.jpg","articleSection":["Noticias"],"inLanguage":"es"},{"@type":"WebPage","@id":"http:\/\/www.vuce.gob.ve\/index.php\/2023\/08\/15\/superintendente-y-autoridades-unicas-analizaron-planes-de-desarrollo-de-las-zee\/","url":"http:\/\/www.vuce.gob.ve\/index.php\/2023\/08\/15\/superintendente-y-autoridades-unicas-analizaron-planes-de-desarrollo-de-las-zee\/","name":"Superintendente y autoridades \u00fanicas analizaron planes de desarrollo de las ZEE","isPartOf":{"@id":"http:\/\/www.vuce.gob.ve\/#website"},"primaryImageOfPage":{"@id":"http:\/\/www.vuce.gob.ve\/index.php\/2023\/08\/15\/superintendente-y-autoridades-unicas-analizaron-planes-de-desarrollo-de-las-zee\/#primaryimage"},"image":{"@id":"http:\/\/www.vuce.gob.ve\/index.php\/2023\/08\/15\/superintendente-y-autoridades-unicas-analizaron-planes-de-desarrollo-de-las-zee\/#primaryimage"},"thumbnailUrl":"http:\/\/www.vuce.gob.ve\/wp-content\/uploads\/2023\/08\/3eb09d83-97ef-446a-a132-d58f149ff73f.jpg","datePublished":"2023-08-15T15:02:28+00:00","dateModified":"2025-04-18T11:24:05+00:00","description":"Junto al diputado a la Asamblea Nacional, Nicol\u00e1s Maduro Guerra, el superintendente de las Zonas Econ\u00f3micas Especiales, Johann \u00c1lvarez M\u00e1rquez, sostuvo una reuni\u00f3n de trabajo con las autoridades \u00fanicas de las Zonas Econ\u00f3micas Especiales (ZEE), designadas recientemente por el presidente de la Rep\u00fablica,Nicolas Maduro.","breadcrumb":{"@id":"http:\/\/www.vuce.gob.ve\/index.php\/2023\/08\/15\/superintendente-y-autoridades-unicas-analizaron-planes-de-desarrollo-de-las-zee\/#breadcrumb"},"inLanguage":"es","potentialAction":[{"@type":"ReadAction","target":["http:\/\/www.vuce.gob.ve\/index.php\/2023\/08\/15\/superintendente-y-autoridades-unicas-analizaron-planes-de-desarrollo-de-las-zee\/"]}]},{"@type":"ImageObject","inLanguage":"es","@id":"http:\/\/www.vuce.gob.ve\/index.php\/2023\/08\/15\/superintendente-y-autoridades-unicas-analizaron-planes-de-desarrollo-de-las-zee\/#primaryimage","url":"http:\/\/www.vuce.gob.ve\/wp-content\/uploads\/2023\/08\/3eb09d83-97ef-446a-a132-d58f149ff73f.jpg","contentUrl":"http:\/\/www.vuce.gob.ve\/wp-content\/uploads\/2023\/08\/3eb09d83-97ef-446a-a132-d58f149ff73f.jpg","width":1280,"height":855},{"@type":"BreadcrumbList","@id":"http:\/\/www.vuce.gob.ve\/index.php\/2023\/08\/15\/superintendente-y-autoridades-unicas-analizaron-planes-de-desarrollo-de-las-zee\/#breadcrumb","itemListElement":[{"@type":"ListItem","position":1,"name":"Portada","item":"http:\/\/www.vuce.gob.ve\/"},{"@type":"ListItem","position":2,"name":"Superintendente y autoridades \u00fanicas analizaron planes de desarrollo de las ZEE"}]},{"@type":"WebSite","@id":"http:\/\/www.vuce.gob.ve\/#website","url":"http:\/\/www.vuce.gob.ve\/","name":"Portal VUCE","description":"Ventanilla \u00danica de Comercio Exterior","publisher":{"@id":"http:\/\/www.vuce.gob.ve\/#organization"},"potentialAction":[{"@type":"SearchAction","target":{"@type":"EntryPoint","urlTemplate":"http:\/\/www.vuce.gob.ve\/?s={search_term_string}"},"query-input":{"@type":"PropertyValueSpecification","valueRequired":true,"valueName":"search_term_string"}}],"inLanguage":"es"},{"@type":"Organization","@id":"http:\/\/www.vuce.gob.ve\/#organization","name":"Portal VUCE","url":"http:\/\/www.vuce.gob.ve\/","logo":{"@type":"ImageObject","inLanguage":"es","@id":"http:\/\/www.vuce.gob.ve\/#\/schema\/logo\/image\/","url":"http:\/\/www.vuce.gob.ve\/wp-content\/uploads\/2022\/04\/logo-1.png","contentUrl":"http:\/\/www.vuce.gob.ve\/wp-content\/uploads\/2022\/04\/logo-1.png","width":625,"height":130,"caption":"Portal VUCE"},"image":{"@id":"http:\/\/www.vuce.gob.ve\/#\/schema\/logo\/image\/"},"sameAs":["https:\/\/www.instagram.com\/vucevzla\/"]},{"@type":"Person","@id":"http:\/\/www.vuce.gob.ve\/#\/schema\/person\/9948ccf612f79fdf2574612b10a3ed07","name":"prensaVuce","image":{"@type":"ImageObject","inLanguage":"es","@id":"http:\/\/www.vuce.gob.ve\/#\/schema\/person\/image\/","url":"http:\/\/www.vuce.gob.ve\/wp-content\/litespeed\/avatar\/aa32f7598b0f2a0b2a870e50d786d9f3.jpg?ver=1777417623","contentUrl":"http:\/\/www.vuce.gob.ve\/wp-content\/litespeed\/avatar\/aa32f7598b0f2a0b2a870e50d786d9f3.jpg?ver=1777417623","caption":"prensaVuce"},"sameAs":["http:\/\/172.30.211.18\/wordpress"]}]}},"_links":{"self":[{"href":"http:\/\/www.vuce.gob.ve\/index.php\/wp-json\/wp\/v2\/posts\/3119","targetHints":{"allow":["GET"]}}],"collection":[{"href":"http:\/\/www.vuce.gob.ve\/index.php\/wp-json\/wp\/v2\/posts"}],"about":[{"href":"http:\/\/www.vuce.gob.ve\/index.php\/wp-json\/wp\/v2\/types\/post"}],"author":[{"embeddable":true,"href":"http:\/\/www.vuce.gob.ve\/index.php\/wp-json\/wp\/v2\/users\/1"}],"replies":[{"embeddable":true,"href":"http:\/\/www.vuce.gob.ve\/index.php\/wp-json\/wp\/v2\/comments?post=3119"}],"version-history":[{"count":1,"href":"http:\/\/www.vuce.gob.ve\/index.php\/wp-json\/wp\/v2\/posts\/3119\/revisions"}],"predecessor-version":[{"id":3122,"href":"http:\/\/www.vuce.gob.ve\/index.php\/wp-json\/wp\/v2\/posts\/3119\/revisions\/3122"}],"wp:featuredmedia":[{"embeddable":true,"href":"http:\/\/www.vuce.gob.ve\/index.php\/wp-json\/wp\/v2\/media\/3120"}],"wp:attachment":[{"href":"http:\/\/www.vuce.gob.ve\/index.php\/wp-json\/wp\/v2\/media?parent=3119"}],"wp:term":[{"taxonomy":"category","embeddable":true,"href":"http:\/\/www.vuce.gob.ve\/index.php\/wp-json\/wp\/v2\/categories?post=3119"},{"taxonomy":"post_tag","embeddable":true,"href":"http:\/\/www.vuce.gob.ve\/index.php\/wp-json\/wp\/v2\/tags?post=3119"}],"curies":[{"name":"wp","href":"https:\/\/api.w.org\/{rel}","templated":true}]}}