{"id":3078,"date":"2023-08-03T23:21:32","date_gmt":"2023-08-03T23:21:32","guid":{"rendered":"http:\/\/www.vuce.gob.ve\/?p=3078"},"modified":"2025-04-18T11:24:05","modified_gmt":"2025-04-18T11:24:05","slug":"cepal-venezuela-ocupa-el-2do-lugar-en-el-crecimiento-de-exportaciones","status":"publish","type":"post","link":"http:\/\/www.vuce.gob.ve\/index.php\/2023\/08\/03\/cepal-venezuela-ocupa-el-2do-lugar-en-el-crecimiento-de-exportaciones\/","title":{"rendered":"Cepal: Venezuela ocupa el 2do lugar en el crecimiento de exportaciones"},"content":{"rendered":"\n<p>El presidente de la Rep\u00fablica Bolivariana de Venezuela, Nicol\u00e1s Maduro, anunci\u00f3 este jueves que la Comisi\u00f3n Econ\u00f3mica para Am\u00e9rica Latina y el Caribe (Cepal), emiti\u00f3 un informe sobre el crecimiento de las exportaciones en Venezuela, asegurando que se ubican en 63%.<\/p>\n\n\n\n<p>Destac\u00f3 que Venezuela ocupa el 2\u00ba lugar en la variaci\u00f3n porcentual del crecimiento de exportaciones de bienes en toda Am\u00e9rica Latina y el Caribe.<\/p>\n\n\n\n<p>\u00abYa puedo decir que Venezuela est\u00e1 invirtiendo la tendencia y comienza a ser un pa\u00eds productor que comienza a sustituir las importaciones por las exportaciones, estamos avanzando en materia de exportaciones gracias a la producci\u00f3n\u00bb.<\/p>\n\n\n\n<p>\u00abEstamos dando los primeros pasos y los primeros logros en materia de exportaci\u00f3n de bienes, vamos por el camino correcto, el lugar correcto de la historia\u00bb, dijo el Presidente.<\/p>\n\n\n\n<p>El jefe de Estado, anunci\u00f3 un segundo dato de la Cepal en materia de importaciones, \u00abel pirmer lugar en crecimiento de las importaciones lo ocupa Ecuador con 41%, luego Surinam con 40%, en tercer lugar Jamaica con 39%. En los \u00faltimos lugares con 12% est\u00e1 Venezuela, lo que refleja que se est\u00e1 invirtiendo la tendencia a importar por exportar\u00bb, dijo el Presidente.<\/p>\n\n\n\n<figure class=\"wp-block-embed is-type-rich is-provider-twitter wp-block-embed-twitter\"><div class=\"wp-block-embed__wrapper\">\nhttps:\/\/twitter.com\/PresidencialVen\/status\/1687230153183596545?s=20\n<\/div><\/figure>\n","protected":false},"excerpt":{"rendered":"<p>El presidente de la Rep\u00fablica Bolivariana de Venezuela, Nicol\u00e1s Maduro, anunci\u00f3 este jueves que la Comisi\u00f3n Econ\u00f3mica para Am\u00e9rica Latina y el Caribe (Cepal), emiti\u00f3 un informe sobre el crecimiento de las exportaciones en Venezuela, asegurando que se ubican en 63%<\/p>\n","protected":false},"author":1,"featured_media":3079,"comment_status":"closed","ping_status":"open","sticky":false,"template":"","format":"standard","meta":{"site-sidebar-layout":"default","site-content-layout":"default","ast-global-header-display":"","ast-main-header-display":"","ast-hfb-above-header-display":"","ast-hfb-below-header-display":"","ast-hfb-mobile-header-display":"","site-post-title":"","ast-breadcrumbs-content":"","ast-featured-img":"","footer-sml-layout":"","theme-transparent-header-meta":"","adv-header-id-meta":"","stick-header-meta":"","header-above-stick-meta":"","header-main-stick-meta":"","header-below-stick-meta":"","footnotes":""},"categories":[10],"tags":[11,21,12],"class_list":["post-3078","post","type-post","status-publish","format-standard","has-post-thumbnail","hentry","category-noticias","tag-exportacion","tag-nicolas-maduro","tag-venezuela"],"yoast_head":"<!-- This site is optimized with the Yoast SEO plugin v25.7 - https:\/\/yoast.com\/wordpress\/plugins\/seo\/ -->\n<title>Cepal: Venezuela ocupa el 2do lugar en el crecimiento de exportaciones<\/title>\n<meta name=\"description\" content=\"El presidente de la Rep\u00fablica Bolivariana de Venezuela, Nicol\u00e1s Maduro, anunci\u00f3 este jueves que la Comisi\u00f3n Econ\u00f3mica para Am\u00e9rica Latina y el Caribe (Cepal), emiti\u00f3 un informe sobre el crecimiento de las exportaciones en Venezuela, asegurando que se ubican en 63%\" \/>\n<meta name=\"robots\" content=\"index, follow, max-snippet:-1, max-image-preview:large, max-video-preview:-1\" \/>\n<link rel=\"canonical\" href=\"http:\/\/www.vuce.gob.ve\/index.php\/2023\/08\/03\/cepal-venezuela-ocupa-el-2do-lugar-en-el-crecimiento-de-exportaciones\/\" \/>\n<meta property=\"og:locale\" content=\"es_ES\" \/>\n<meta property=\"og:type\" content=\"article\" \/>\n<meta property=\"og:title\" content=\"Cepal: Venezuela ocupa el 2do lugar en el crecimiento de exportaciones\" \/>\n<meta property=\"og:description\" content=\"El presidente de la Rep\u00fablica Bolivariana de Venezuela, Nicol\u00e1s Maduro, anunci\u00f3 este jueves que la Comisi\u00f3n Econ\u00f3mica para Am\u00e9rica Latina y el Caribe (Cepal), emiti\u00f3 un informe sobre el crecimiento de las exportaciones en Venezuela, asegurando que se ubican en 63%\" \/>\n<meta property=\"og:url\" content=\"http:\/\/www.vuce.gob.ve\/index.php\/2023\/08\/03\/cepal-venezuela-ocupa-el-2do-lugar-en-el-crecimiento-de-exportaciones\/\" \/>\n<meta property=\"og:site_name\" content=\"Portal VUCE\" \/>\n<meta property=\"article:publisher\" content=\"https:\/\/www.instagram.com\/vucevzla\/\" \/>\n<meta property=\"article:published_time\" content=\"2023-08-03T23:21:32+00:00\" \/>\n<meta property=\"article:modified_time\" content=\"2025-04-18T11:24:05+00:00\" \/>\n<meta property=\"og:image\" content=\"http:\/\/www.vuce.gob.ve\/wp-content\/uploads\/2023\/08\/F2pElAfWwAAawlI.webp\" \/>\n\t<meta property=\"og:image:width\" content=\"680\" \/>\n\t<meta property=\"og:image:height\" content=\"453\" \/>\n\t<meta property=\"og:image:type\" content=\"image\/webp\" \/>\n<meta name=\"author\" content=\"prensaVuce\" \/>\n<meta name=\"twitter:card\" content=\"summary_large_image\" \/>\n<meta name=\"twitter:label1\" content=\"Escrito por\" \/>\n\t<meta name=\"twitter:data1\" content=\"prensaVuce\" \/>\n\t<meta name=\"twitter:label2\" content=\"Tiempo de lectura\" \/>\n\t<meta name=\"twitter:data2\" content=\"1 minuto\" \/>\n<script type=\"application\/ld+json\" class=\"yoast-schema-graph\">{\"@context\":\"https:\/\/schema.org\",\"@graph\":[{\"@type\":\"Article\",\"@id\":\"http:\/\/www.vuce.gob.ve\/index.php\/2023\/08\/03\/cepal-venezuela-ocupa-el-2do-lugar-en-el-crecimiento-de-exportaciones\/#article\",\"isPartOf\":{\"@id\":\"http:\/\/www.vuce.gob.ve\/index.php\/2023\/08\/03\/cepal-venezuela-ocupa-el-2do-lugar-en-el-crecimiento-de-exportaciones\/\"},\"author\":{\"name\":\"prensaVuce\",\"@id\":\"http:\/\/www.vuce.gob.ve\/#\/schema\/person\/9948ccf612f79fdf2574612b10a3ed07\"},\"headline\":\"Cepal: Venezuela ocupa el 2do lugar en el crecimiento de exportaciones\",\"datePublished\":\"2023-08-03T23:21:32+00:00\",\"dateModified\":\"2025-04-18T11:24:05+00:00\",\"mainEntityOfPage\":{\"@id\":\"http:\/\/www.vuce.gob.ve\/index.php\/2023\/08\/03\/cepal-venezuela-ocupa-el-2do-lugar-en-el-crecimiento-de-exportaciones\/\"},\"wordCount\":212,\"publisher\":{\"@id\":\"http:\/\/www.vuce.gob.ve\/#organization\"},\"image\":{\"@id\":\"http:\/\/www.vuce.gob.ve\/index.php\/2023\/08\/03\/cepal-venezuela-ocupa-el-2do-lugar-en-el-crecimiento-de-exportaciones\/#primaryimage\"},\"thumbnailUrl\":\"http:\/\/www.vuce.gob.ve\/wp-content\/uploads\/2023\/08\/F2pElAfWwAAawlI.webp\",\"keywords\":[\"exportaci\u00f3n\",\"Nicolas Maduro\",\"venezuela\"],\"articleSection\":[\"Noticias\"],\"inLanguage\":\"es\"},{\"@type\":\"WebPage\",\"@id\":\"http:\/\/www.vuce.gob.ve\/index.php\/2023\/08\/03\/cepal-venezuela-ocupa-el-2do-lugar-en-el-crecimiento-de-exportaciones\/\",\"url\":\"http:\/\/www.vuce.gob.ve\/index.php\/2023\/08\/03\/cepal-venezuela-ocupa-el-2do-lugar-en-el-crecimiento-de-exportaciones\/\",\"name\":\"Cepal: Venezuela ocupa el 2do lugar en el crecimiento de exportaciones\",\"isPartOf\":{\"@id\":\"http:\/\/www.vuce.gob.ve\/#website\"},\"primaryImageOfPage\":{\"@id\":\"http:\/\/www.vuce.gob.ve\/index.php\/2023\/08\/03\/cepal-venezuela-ocupa-el-2do-lugar-en-el-crecimiento-de-exportaciones\/#primaryimage\"},\"image\":{\"@id\":\"http:\/\/www.vuce.gob.ve\/index.php\/2023\/08\/03\/cepal-venezuela-ocupa-el-2do-lugar-en-el-crecimiento-de-exportaciones\/#primaryimage\"},\"thumbnailUrl\":\"http:\/\/www.vuce.gob.ve\/wp-content\/uploads\/2023\/08\/F2pElAfWwAAawlI.webp\",\"datePublished\":\"2023-08-03T23:21:32+00:00\",\"dateModified\":\"2025-04-18T11:24:05+00:00\",\"description\":\"El presidente de la Rep\u00fablica Bolivariana de Venezuela, Nicol\u00e1s Maduro, anunci\u00f3 este jueves que la Comisi\u00f3n Econ\u00f3mica para Am\u00e9rica Latina y el Caribe (Cepal), emiti\u00f3 un informe sobre el crecimiento de las exportaciones en Venezuela, asegurando que se ubican en 63%\",\"breadcrumb\":{\"@id\":\"http:\/\/www.vuce.gob.ve\/index.php\/2023\/08\/03\/cepal-venezuela-ocupa-el-2do-lugar-en-el-crecimiento-de-exportaciones\/#breadcrumb\"},\"inLanguage\":\"es\",\"potentialAction\":[{\"@type\":\"ReadAction\",\"target\":[\"http:\/\/www.vuce.gob.ve\/index.php\/2023\/08\/03\/cepal-venezuela-ocupa-el-2do-lugar-en-el-crecimiento-de-exportaciones\/\"]}]},{\"@type\":\"ImageObject\",\"inLanguage\":\"es\",\"@id\":\"http:\/\/www.vuce.gob.ve\/index.php\/2023\/08\/03\/cepal-venezuela-ocupa-el-2do-lugar-en-el-crecimiento-de-exportaciones\/#primaryimage\",\"url\":\"http:\/\/www.vuce.gob.ve\/wp-content\/uploads\/2023\/08\/F2pElAfWwAAawlI.webp\",\"contentUrl\":\"http:\/\/www.vuce.gob.ve\/wp-content\/uploads\/2023\/08\/F2pElAfWwAAawlI.webp\",\"width\":680,\"height\":453},{\"@type\":\"BreadcrumbList\",\"@id\":\"http:\/\/www.vuce.gob.ve\/index.php\/2023\/08\/03\/cepal-venezuela-ocupa-el-2do-lugar-en-el-crecimiento-de-exportaciones\/#breadcrumb\",\"itemListElement\":[{\"@type\":\"ListItem\",\"position\":1,\"name\":\"Portada\",\"item\":\"http:\/\/www.vuce.gob.ve\/\"},{\"@type\":\"ListItem\",\"position\":2,\"name\":\"Cepal: Venezuela ocupa el 2do lugar en el crecimiento de exportaciones\"}]},{\"@type\":\"WebSite\",\"@id\":\"http:\/\/www.vuce.gob.ve\/#website\",\"url\":\"http:\/\/www.vuce.gob.ve\/\",\"name\":\"Portal VUCE\",\"description\":\"Ventanilla \u00danica de Comercio Exterior\",\"publisher\":{\"@id\":\"http:\/\/www.vuce.gob.ve\/#organization\"},\"potentialAction\":[{\"@type\":\"SearchAction\",\"target\":{\"@type\":\"EntryPoint\",\"urlTemplate\":\"http:\/\/www.vuce.gob.ve\/?s={search_term_string}\"},\"query-input\":{\"@type\":\"PropertyValueSpecification\",\"valueRequired\":true,\"valueName\":\"search_term_string\"}}],\"inLanguage\":\"es\"},{\"@type\":\"Organization\",\"@id\":\"http:\/\/www.vuce.gob.ve\/#organization\",\"name\":\"Portal VUCE\",\"url\":\"http:\/\/www.vuce.gob.ve\/\",\"logo\":{\"@type\":\"ImageObject\",\"inLanguage\":\"es\",\"@id\":\"http:\/\/www.vuce.gob.ve\/#\/schema\/logo\/image\/\",\"url\":\"http:\/\/www.vuce.gob.ve\/wp-content\/uploads\/2022\/04\/logo-1.png\",\"contentUrl\":\"http:\/\/www.vuce.gob.ve\/wp-content\/uploads\/2022\/04\/logo-1.png\",\"width\":625,\"height\":130,\"caption\":\"Portal VUCE\"},\"image\":{\"@id\":\"http:\/\/www.vuce.gob.ve\/#\/schema\/logo\/image\/\"},\"sameAs\":[\"https:\/\/www.instagram.com\/vucevzla\/\"]},{\"@type\":\"Person\",\"@id\":\"http:\/\/www.vuce.gob.ve\/#\/schema\/person\/9948ccf612f79fdf2574612b10a3ed07\",\"name\":\"prensaVuce\",\"image\":{\"@type\":\"ImageObject\",\"inLanguage\":\"es\",\"@id\":\"http:\/\/www.vuce.gob.ve\/#\/schema\/person\/image\/\",\"url\":\"http:\/\/www.vuce.gob.ve\/wp-content\/litespeed\/avatar\/aa32f7598b0f2a0b2a870e50d786d9f3.jpg?ver=1777417623\",\"contentUrl\":\"http:\/\/www.vuce.gob.ve\/wp-content\/litespeed\/avatar\/aa32f7598b0f2a0b2a870e50d786d9f3.jpg?ver=1777417623\",\"caption\":\"prensaVuce\"},\"sameAs\":[\"http:\/\/172.30.211.18\/wordpress\"]}]}<\/script>\n<!-- \/ Yoast SEO plugin. -->","yoast_head_json":{"title":"Cepal: Venezuela ocupa el 2do lugar en el crecimiento de exportaciones","description":"El presidente de la Rep\u00fablica Bolivariana de Venezuela, Nicol\u00e1s Maduro, anunci\u00f3 este jueves que la Comisi\u00f3n Econ\u00f3mica para Am\u00e9rica Latina y el Caribe (Cepal), emiti\u00f3 un informe sobre el crecimiento de las exportaciones en Venezuela, asegurando que se ubican en 63%","robots":{"index":"index","follow":"follow","max-snippet":"max-snippet:-1","max-image-preview":"max-image-preview:large","max-video-preview":"max-video-preview:-1"},"canonical":"http:\/\/www.vuce.gob.ve\/index.php\/2023\/08\/03\/cepal-venezuela-ocupa-el-2do-lugar-en-el-crecimiento-de-exportaciones\/","og_locale":"es_ES","og_type":"article","og_title":"Cepal: Venezuela ocupa el 2do lugar en el crecimiento de exportaciones","og_description":"El presidente de la Rep\u00fablica Bolivariana de Venezuela, Nicol\u00e1s Maduro, anunci\u00f3 este jueves que la Comisi\u00f3n Econ\u00f3mica para Am\u00e9rica Latina y el Caribe (Cepal), emiti\u00f3 un informe sobre el crecimiento de las exportaciones en Venezuela, asegurando que se ubican en 63%","og_url":"http:\/\/www.vuce.gob.ve\/index.php\/2023\/08\/03\/cepal-venezuela-ocupa-el-2do-lugar-en-el-crecimiento-de-exportaciones\/","og_site_name":"Portal VUCE","article_publisher":"https:\/\/www.instagram.com\/vucevzla\/","article_published_time":"2023-08-03T23:21:32+00:00","article_modified_time":"2025-04-18T11:24:05+00:00","og_image":[{"width":680,"height":453,"url":"http:\/\/www.vuce.gob.ve\/wp-content\/uploads\/2023\/08\/F2pElAfWwAAawlI.webp","type":"image\/webp"}],"author":"prensaVuce","twitter_card":"summary_large_image","twitter_misc":{"Escrito por":"prensaVuce","Tiempo de lectura":"1 minuto"},"schema":{"@context":"https:\/\/schema.org","@graph":[{"@type":"Article","@id":"http:\/\/www.vuce.gob.ve\/index.php\/2023\/08\/03\/cepal-venezuela-ocupa-el-2do-lugar-en-el-crecimiento-de-exportaciones\/#article","isPartOf":{"@id":"http:\/\/www.vuce.gob.ve\/index.php\/2023\/08\/03\/cepal-venezuela-ocupa-el-2do-lugar-en-el-crecimiento-de-exportaciones\/"},"author":{"name":"prensaVuce","@id":"http:\/\/www.vuce.gob.ve\/#\/schema\/person\/9948ccf612f79fdf2574612b10a3ed07"},"headline":"Cepal: Venezuela ocupa el 2do lugar en el crecimiento de exportaciones","datePublished":"2023-08-03T23:21:32+00:00","dateModified":"2025-04-18T11:24:05+00:00","mainEntityOfPage":{"@id":"http:\/\/www.vuce.gob.ve\/index.php\/2023\/08\/03\/cepal-venezuela-ocupa-el-2do-lugar-en-el-crecimiento-de-exportaciones\/"},"wordCount":212,"publisher":{"@id":"http:\/\/www.vuce.gob.ve\/#organization"},"image":{"@id":"http:\/\/www.vuce.gob.ve\/index.php\/2023\/08\/03\/cepal-venezuela-ocupa-el-2do-lugar-en-el-crecimiento-de-exportaciones\/#primaryimage"},"thumbnailUrl":"http:\/\/www.vuce.gob.ve\/wp-content\/uploads\/2023\/08\/F2pElAfWwAAawlI.webp","keywords":["exportaci\u00f3n","Nicolas Maduro","venezuela"],"articleSection":["Noticias"],"inLanguage":"es"},{"@type":"WebPage","@id":"http:\/\/www.vuce.gob.ve\/index.php\/2023\/08\/03\/cepal-venezuela-ocupa-el-2do-lugar-en-el-crecimiento-de-exportaciones\/","url":"http:\/\/www.vuce.gob.ve\/index.php\/2023\/08\/03\/cepal-venezuela-ocupa-el-2do-lugar-en-el-crecimiento-de-exportaciones\/","name":"Cepal: Venezuela ocupa el 2do lugar en el crecimiento de exportaciones","isPartOf":{"@id":"http:\/\/www.vuce.gob.ve\/#website"},"primaryImageOfPage":{"@id":"http:\/\/www.vuce.gob.ve\/index.php\/2023\/08\/03\/cepal-venezuela-ocupa-el-2do-lugar-en-el-crecimiento-de-exportaciones\/#primaryimage"},"image":{"@id":"http:\/\/www.vuce.gob.ve\/index.php\/2023\/08\/03\/cepal-venezuela-ocupa-el-2do-lugar-en-el-crecimiento-de-exportaciones\/#primaryimage"},"thumbnailUrl":"http:\/\/www.vuce.gob.ve\/wp-content\/uploads\/2023\/08\/F2pElAfWwAAawlI.webp","datePublished":"2023-08-03T23:21:32+00:00","dateModified":"2025-04-18T11:24:05+00:00","description":"El presidente de la Rep\u00fablica Bolivariana de Venezuela, Nicol\u00e1s Maduro, anunci\u00f3 este jueves que la Comisi\u00f3n Econ\u00f3mica para Am\u00e9rica Latina y el Caribe (Cepal), emiti\u00f3 un informe sobre el crecimiento de las exportaciones en Venezuela, asegurando que se ubican en 63%","breadcrumb":{"@id":"http:\/\/www.vuce.gob.ve\/index.php\/2023\/08\/03\/cepal-venezuela-ocupa-el-2do-lugar-en-el-crecimiento-de-exportaciones\/#breadcrumb"},"inLanguage":"es","potentialAction":[{"@type":"ReadAction","target":["http:\/\/www.vuce.gob.ve\/index.php\/2023\/08\/03\/cepal-venezuela-ocupa-el-2do-lugar-en-el-crecimiento-de-exportaciones\/"]}]},{"@type":"ImageObject","inLanguage":"es","@id":"http:\/\/www.vuce.gob.ve\/index.php\/2023\/08\/03\/cepal-venezuela-ocupa-el-2do-lugar-en-el-crecimiento-de-exportaciones\/#primaryimage","url":"http:\/\/www.vuce.gob.ve\/wp-content\/uploads\/2023\/08\/F2pElAfWwAAawlI.webp","contentUrl":"http:\/\/www.vuce.gob.ve\/wp-content\/uploads\/2023\/08\/F2pElAfWwAAawlI.webp","width":680,"height":453},{"@type":"BreadcrumbList","@id":"http:\/\/www.vuce.gob.ve\/index.php\/2023\/08\/03\/cepal-venezuela-ocupa-el-2do-lugar-en-el-crecimiento-de-exportaciones\/#breadcrumb","itemListElement":[{"@type":"ListItem","position":1,"name":"Portada","item":"http:\/\/www.vuce.gob.ve\/"},{"@type":"ListItem","position":2,"name":"Cepal: Venezuela ocupa el 2do lugar en el crecimiento de exportaciones"}]},{"@type":"WebSite","@id":"http:\/\/www.vuce.gob.ve\/#website","url":"http:\/\/www.vuce.gob.ve\/","name":"Portal VUCE","description":"Ventanilla \u00danica de Comercio Exterior","publisher":{"@id":"http:\/\/www.vuce.gob.ve\/#organization"},"potentialAction":[{"@type":"SearchAction","target":{"@type":"EntryPoint","urlTemplate":"http:\/\/www.vuce.gob.ve\/?s={search_term_string}"},"query-input":{"@type":"PropertyValueSpecification","valueRequired":true,"valueName":"search_term_string"}}],"inLanguage":"es"},{"@type":"Organization","@id":"http:\/\/www.vuce.gob.ve\/#organization","name":"Portal VUCE","url":"http:\/\/www.vuce.gob.ve\/","logo":{"@type":"ImageObject","inLanguage":"es","@id":"http:\/\/www.vuce.gob.ve\/#\/schema\/logo\/image\/","url":"http:\/\/www.vuce.gob.ve\/wp-content\/uploads\/2022\/04\/logo-1.png","contentUrl":"http:\/\/www.vuce.gob.ve\/wp-content\/uploads\/2022\/04\/logo-1.png","width":625,"height":130,"caption":"Portal VUCE"},"image":{"@id":"http:\/\/www.vuce.gob.ve\/#\/schema\/logo\/image\/"},"sameAs":["https:\/\/www.instagram.com\/vucevzla\/"]},{"@type":"Person","@id":"http:\/\/www.vuce.gob.ve\/#\/schema\/person\/9948ccf612f79fdf2574612b10a3ed07","name":"prensaVuce","image":{"@type":"ImageObject","inLanguage":"es","@id":"http:\/\/www.vuce.gob.ve\/#\/schema\/person\/image\/","url":"http:\/\/www.vuce.gob.ve\/wp-content\/litespeed\/avatar\/aa32f7598b0f2a0b2a870e50d786d9f3.jpg?ver=1777417623","contentUrl":"http:\/\/www.vuce.gob.ve\/wp-content\/litespeed\/avatar\/aa32f7598b0f2a0b2a870e50d786d9f3.jpg?ver=1777417623","caption":"prensaVuce"},"sameAs":["http:\/\/172.30.211.18\/wordpress"]}]}},"_links":{"self":[{"href":"http:\/\/www.vuce.gob.ve\/index.php\/wp-json\/wp\/v2\/posts\/3078","targetHints":{"allow":["GET"]}}],"collection":[{"href":"http:\/\/www.vuce.gob.ve\/index.php\/wp-json\/wp\/v2\/posts"}],"about":[{"href":"http:\/\/www.vuce.gob.ve\/index.php\/wp-json\/wp\/v2\/types\/post"}],"author":[{"embeddable":true,"href":"http:\/\/www.vuce.gob.ve\/index.php\/wp-json\/wp\/v2\/users\/1"}],"replies":[{"embeddable":true,"href":"http:\/\/www.vuce.gob.ve\/index.php\/wp-json\/wp\/v2\/comments?post=3078"}],"version-history":[{"count":1,"href":"http:\/\/www.vuce.gob.ve\/index.php\/wp-json\/wp\/v2\/posts\/3078\/revisions"}],"predecessor-version":[{"id":3080,"href":"http:\/\/www.vuce.gob.ve\/index.php\/wp-json\/wp\/v2\/posts\/3078\/revisions\/3080"}],"wp:featuredmedia":[{"embeddable":true,"href":"http:\/\/www.vuce.gob.ve\/index.php\/wp-json\/wp\/v2\/media\/3079"}],"wp:attachment":[{"href":"http:\/\/www.vuce.gob.ve\/index.php\/wp-json\/wp\/v2\/media?parent=3078"}],"wp:term":[{"taxonomy":"category","embeddable":true,"href":"http:\/\/www.vuce.gob.ve\/index.php\/wp-json\/wp\/v2\/categories?post=3078"},{"taxonomy":"post_tag","embeddable":true,"href":"http:\/\/www.vuce.gob.ve\/index.php\/wp-json\/wp\/v2\/tags?post=3078"}],"curies":[{"name":"wp","href":"https:\/\/api.w.org\/{rel}","templated":true}]}}