{"id":3074,"date":"2023-08-03T18:23:27","date_gmt":"2023-08-03T18:23:27","guid":{"rendered":"http:\/\/www.vuce.gob.ve\/?p=3074"},"modified":"2025-04-18T11:24:05","modified_gmt":"2025-04-18T11:24:05","slug":"venezuela-participa-en-conclave-industrial-en-india","status":"publish","type":"post","link":"http:\/\/www.vuce.gob.ve\/index.php\/2023\/08\/03\/venezuela-participa-en-conclave-industrial-en-india\/","title":{"rendered":"Venezuela participa en C\u00f3nclave industrial en India"},"content":{"rendered":"\n<p>La Vicepresidenta Ejecutiva, Delcy Rodr\u00edguez, intervino este jueves en el IX C\u00f3nclave de la Confederaci\u00f3n Industrial de la India, Latinoam\u00e9rica y El Caribe (ALC).<\/p>\n\n\n\n<p>Desde Nueva Delhi en La India, inform\u00f3 que el presidente Nicol\u00e1s Maduro envi\u00f3 una nutrida delegaci\u00f3n con el objeto de potenciar las grandes oportunidades de inversi\u00f3n que tiene el pa\u00eds con todos sus potenciales, as\u00ed como su desarrollo cient\u00edfico tecnol\u00f3gico.<\/p>\n\n\n\n<p>\u201cMostrar la oferta exportable que tiene nuestro pa\u00eds y visibilizar sobre todo el impacto que ha tenido el bloqueo ileg\u00edtimo contra Venezuela, c\u00f3mo ha afectado las relaciones comerciales intrarregionales y c\u00f3mo ha afectado tambi\u00e9n el comercio con la India\u201d, agreg\u00f3 la Vicepresidenta.<\/p>\n\n\n\n<p>Reiter\u00f3 que Venezuela lleva un mensaje de paz, de cooperaci\u00f3n y de futuro, destacando sus grandes posibilidades como principal reserva de petr\u00f3leo del mundo y una de las m\u00e1s grandes de gas.<\/p>\n\n\n\n<p>Record\u00f3 que Venezuela ya formaliz\u00f3 su intenci\u00f3n de ingresar a los Brics. \u201cEstamos avanzando en la construcci\u00f3n de una nueva econ\u00f3mica multipolar y Venezuela se suma a estas nuevas econom\u00edas emergentes\u201d, apunt\u00f3.<\/p>\n\n\n\n<figure class=\"wp-block-image size-large\"><img loading=\"lazy\" decoding=\"async\" width=\"1024\" height=\"682\" src=\"http:\/\/www.vuce.gob.ve\/wp-content\/uploads\/2023\/08\/F2nD0waWUAA1Siz-1024x682.jpg\" alt=\"\" class=\"wp-image-3076\" srcset=\"http:\/\/www.vuce.gob.ve\/wp-content\/uploads\/2023\/08\/F2nD0waWUAA1Siz-1024x682.jpg 1024w, http:\/\/www.vuce.gob.ve\/wp-content\/uploads\/2023\/08\/F2nD0waWUAA1Siz-300x200.jpg 300w, http:\/\/www.vuce.gob.ve\/wp-content\/uploads\/2023\/08\/F2nD0waWUAA1Siz-768x512.jpg 768w, http:\/\/www.vuce.gob.ve\/wp-content\/uploads\/2023\/08\/F2nD0waWUAA1Siz.jpg 1280w\" sizes=\"auto, (max-width: 1024px) 100vw, 1024px\" \/><\/figure>\n\n\n\n<h2 class=\"wp-block-heading\"><strong>Oferta exportable<\/strong><\/h2>\n\n\n\n<p>El Viceministro para el Comercio Exterior y Promoci\u00f3n de Inversiones, Johann \u00c1lvarez M\u00e1rquez, acompa\u00f1a a la Vicepresidenta en esta delegaci\u00f3n, dado que este importante encuentro es propicio para revisar las oportunidades de cooperaci\u00f3n entre ambas naciones.<\/p>\n\n\n\n<p>La India presenta una econom\u00eda con capacidades productivas y altos niveles de complementariedad con Am\u00e9rica Latina y el Caribe y con buenas oportunidades de crecimiento y diversificaci\u00f3n.<\/p>\n\n\n\n<p>Venezuela tiene la firme disposici\u00f3n de trabajar junto a los gobiernos hermanos de La India, Latinoam\u00e9rica y del Caribe, avanzar en la suscripci\u00f3n de acuerdos comerciales adem\u00e1s de fortalecer y diversificar las relaciones econ\u00f3micas.<\/p>\n","protected":false},"excerpt":{"rendered":"<p>La Vicepresidenta Ejecutiva, Delcy Rodr\u00edguez, intervino este jueves en el IX C\u00f3nclave de la Confederaci\u00f3n Industrial de la India, Latinoam\u00e9rica y El Caribe (ALC).<\/p>\n","protected":false},"author":1,"featured_media":3075,"comment_status":"closed","ping_status":"open","sticky":false,"template":"","format":"standard","meta":{"site-sidebar-layout":"default","site-content-layout":"default","ast-global-header-display":"","ast-main-header-display":"","ast-hfb-above-header-display":"","ast-hfb-below-header-display":"","ast-hfb-mobile-header-display":"","site-post-title":"","ast-breadcrumbs-content":"","ast-featured-img":"","footer-sml-layout":"","theme-transparent-header-meta":"","adv-header-id-meta":"","stick-header-meta":"","header-above-stick-meta":"","header-main-stick-meta":"","header-below-stick-meta":"","footnotes":""},"categories":[10],"tags":[132,133,12,134],"class_list":["post-3074","post","type-post","status-publish","format-standard","has-post-thumbnail","hentry","category-noticias","tag-conclave","tag-india","tag-venezuela","tag-vicepresidenta"],"yoast_head":"<!-- This site is optimized with the Yoast SEO plugin v25.7 - https:\/\/yoast.com\/wordpress\/plugins\/seo\/ -->\n<title>Venezuela participa en C\u00f3nclave industrial en India<\/title>\n<meta name=\"description\" content=\"La Vicepresidenta Ejecutiva, Delcy Rodr\u00edguez, intervino este jueves en el IX C\u00f3nclave de la Confederaci\u00f3n Industrial de la India, Latinoam\u00e9rica y El Caribe (ALC).\" \/>\n<meta name=\"robots\" content=\"index, follow, max-snippet:-1, max-image-preview:large, max-video-preview:-1\" \/>\n<link rel=\"canonical\" href=\"http:\/\/www.vuce.gob.ve\/index.php\/2023\/08\/03\/venezuela-participa-en-conclave-industrial-en-india\/\" \/>\n<meta property=\"og:locale\" content=\"es_ES\" \/>\n<meta property=\"og:type\" content=\"article\" \/>\n<meta property=\"og:title\" content=\"Venezuela participa en C\u00f3nclave industrial en India\" \/>\n<meta property=\"og:description\" content=\"La Vicepresidenta Ejecutiva, Delcy Rodr\u00edguez, intervino este jueves en el IX C\u00f3nclave de la Confederaci\u00f3n Industrial de la India, Latinoam\u00e9rica y El Caribe (ALC).\" \/>\n<meta property=\"og:url\" content=\"http:\/\/www.vuce.gob.ve\/index.php\/2023\/08\/03\/venezuela-participa-en-conclave-industrial-en-india\/\" \/>\n<meta property=\"og:site_name\" content=\"Portal VUCE\" \/>\n<meta property=\"article:publisher\" content=\"https:\/\/www.instagram.com\/vucevzla\/\" \/>\n<meta property=\"article:published_time\" content=\"2023-08-03T18:23:27+00:00\" \/>\n<meta property=\"article:modified_time\" content=\"2025-04-18T11:24:05+00:00\" \/>\n<meta property=\"og:image\" content=\"http:\/\/www.vuce.gob.ve\/wp-content\/uploads\/2023\/08\/F2nD0wbWYAA6Xoj.jpg\" \/>\n\t<meta property=\"og:image:width\" content=\"1280\" \/>\n\t<meta property=\"og:image:height\" content=\"853\" \/>\n\t<meta property=\"og:image:type\" content=\"image\/jpeg\" \/>\n<meta name=\"author\" content=\"prensaVuce\" \/>\n<meta name=\"twitter:card\" content=\"summary_large_image\" \/>\n<meta name=\"twitter:label1\" content=\"Escrito por\" \/>\n\t<meta name=\"twitter:data1\" content=\"prensaVuce\" \/>\n\t<meta name=\"twitter:label2\" content=\"Tiempo de lectura\" \/>\n\t<meta name=\"twitter:data2\" content=\"2 minutos\" \/>\n<script type=\"application\/ld+json\" class=\"yoast-schema-graph\">{\"@context\":\"https:\/\/schema.org\",\"@graph\":[{\"@type\":\"Article\",\"@id\":\"http:\/\/www.vuce.gob.ve\/index.php\/2023\/08\/03\/venezuela-participa-en-conclave-industrial-en-india\/#article\",\"isPartOf\":{\"@id\":\"http:\/\/www.vuce.gob.ve\/index.php\/2023\/08\/03\/venezuela-participa-en-conclave-industrial-en-india\/\"},\"author\":{\"name\":\"prensaVuce\",\"@id\":\"http:\/\/www.vuce.gob.ve\/#\/schema\/person\/9948ccf612f79fdf2574612b10a3ed07\"},\"headline\":\"Venezuela participa en C\u00f3nclave industrial en India\",\"datePublished\":\"2023-08-03T18:23:27+00:00\",\"dateModified\":\"2025-04-18T11:24:05+00:00\",\"mainEntityOfPage\":{\"@id\":\"http:\/\/www.vuce.gob.ve\/index.php\/2023\/08\/03\/venezuela-participa-en-conclave-industrial-en-india\/\"},\"wordCount\":312,\"publisher\":{\"@id\":\"http:\/\/www.vuce.gob.ve\/#organization\"},\"image\":{\"@id\":\"http:\/\/www.vuce.gob.ve\/index.php\/2023\/08\/03\/venezuela-participa-en-conclave-industrial-en-india\/#primaryimage\"},\"thumbnailUrl\":\"http:\/\/www.vuce.gob.ve\/wp-content\/uploads\/2023\/08\/F2nD0wbWYAA6Xoj.jpg\",\"keywords\":[\"C\u00f3nclave\",\"India\",\"venezuela\",\"Vicepresidenta\"],\"articleSection\":[\"Noticias\"],\"inLanguage\":\"es\"},{\"@type\":\"WebPage\",\"@id\":\"http:\/\/www.vuce.gob.ve\/index.php\/2023\/08\/03\/venezuela-participa-en-conclave-industrial-en-india\/\",\"url\":\"http:\/\/www.vuce.gob.ve\/index.php\/2023\/08\/03\/venezuela-participa-en-conclave-industrial-en-india\/\",\"name\":\"Venezuela participa en C\u00f3nclave industrial en India\",\"isPartOf\":{\"@id\":\"http:\/\/www.vuce.gob.ve\/#website\"},\"primaryImageOfPage\":{\"@id\":\"http:\/\/www.vuce.gob.ve\/index.php\/2023\/08\/03\/venezuela-participa-en-conclave-industrial-en-india\/#primaryimage\"},\"image\":{\"@id\":\"http:\/\/www.vuce.gob.ve\/index.php\/2023\/08\/03\/venezuela-participa-en-conclave-industrial-en-india\/#primaryimage\"},\"thumbnailUrl\":\"http:\/\/www.vuce.gob.ve\/wp-content\/uploads\/2023\/08\/F2nD0wbWYAA6Xoj.jpg\",\"datePublished\":\"2023-08-03T18:23:27+00:00\",\"dateModified\":\"2025-04-18T11:24:05+00:00\",\"description\":\"La Vicepresidenta Ejecutiva, Delcy Rodr\u00edguez, intervino este jueves en el IX C\u00f3nclave de la Confederaci\u00f3n Industrial de la India, Latinoam\u00e9rica y El Caribe (ALC).\",\"breadcrumb\":{\"@id\":\"http:\/\/www.vuce.gob.ve\/index.php\/2023\/08\/03\/venezuela-participa-en-conclave-industrial-en-india\/#breadcrumb\"},\"inLanguage\":\"es\",\"potentialAction\":[{\"@type\":\"ReadAction\",\"target\":[\"http:\/\/www.vuce.gob.ve\/index.php\/2023\/08\/03\/venezuela-participa-en-conclave-industrial-en-india\/\"]}]},{\"@type\":\"ImageObject\",\"inLanguage\":\"es\",\"@id\":\"http:\/\/www.vuce.gob.ve\/index.php\/2023\/08\/03\/venezuela-participa-en-conclave-industrial-en-india\/#primaryimage\",\"url\":\"http:\/\/www.vuce.gob.ve\/wp-content\/uploads\/2023\/08\/F2nD0wbWYAA6Xoj.jpg\",\"contentUrl\":\"http:\/\/www.vuce.gob.ve\/wp-content\/uploads\/2023\/08\/F2nD0wbWYAA6Xoj.jpg\",\"width\":1280,\"height\":853},{\"@type\":\"BreadcrumbList\",\"@id\":\"http:\/\/www.vuce.gob.ve\/index.php\/2023\/08\/03\/venezuela-participa-en-conclave-industrial-en-india\/#breadcrumb\",\"itemListElement\":[{\"@type\":\"ListItem\",\"position\":1,\"name\":\"Portada\",\"item\":\"http:\/\/www.vuce.gob.ve\/\"},{\"@type\":\"ListItem\",\"position\":2,\"name\":\"Venezuela participa en C\u00f3nclave industrial en India\"}]},{\"@type\":\"WebSite\",\"@id\":\"http:\/\/www.vuce.gob.ve\/#website\",\"url\":\"http:\/\/www.vuce.gob.ve\/\",\"name\":\"Portal VUCE\",\"description\":\"Ventanilla \u00danica de Comercio Exterior\",\"publisher\":{\"@id\":\"http:\/\/www.vuce.gob.ve\/#organization\"},\"potentialAction\":[{\"@type\":\"SearchAction\",\"target\":{\"@type\":\"EntryPoint\",\"urlTemplate\":\"http:\/\/www.vuce.gob.ve\/?s={search_term_string}\"},\"query-input\":{\"@type\":\"PropertyValueSpecification\",\"valueRequired\":true,\"valueName\":\"search_term_string\"}}],\"inLanguage\":\"es\"},{\"@type\":\"Organization\",\"@id\":\"http:\/\/www.vuce.gob.ve\/#organization\",\"name\":\"Portal VUCE\",\"url\":\"http:\/\/www.vuce.gob.ve\/\",\"logo\":{\"@type\":\"ImageObject\",\"inLanguage\":\"es\",\"@id\":\"http:\/\/www.vuce.gob.ve\/#\/schema\/logo\/image\/\",\"url\":\"http:\/\/www.vuce.gob.ve\/wp-content\/uploads\/2022\/04\/logo-1.png\",\"contentUrl\":\"http:\/\/www.vuce.gob.ve\/wp-content\/uploads\/2022\/04\/logo-1.png\",\"width\":625,\"height\":130,\"caption\":\"Portal VUCE\"},\"image\":{\"@id\":\"http:\/\/www.vuce.gob.ve\/#\/schema\/logo\/image\/\"},\"sameAs\":[\"https:\/\/www.instagram.com\/vucevzla\/\"]},{\"@type\":\"Person\",\"@id\":\"http:\/\/www.vuce.gob.ve\/#\/schema\/person\/9948ccf612f79fdf2574612b10a3ed07\",\"name\":\"prensaVuce\",\"image\":{\"@type\":\"ImageObject\",\"inLanguage\":\"es\",\"@id\":\"http:\/\/www.vuce.gob.ve\/#\/schema\/person\/image\/\",\"url\":\"http:\/\/www.vuce.gob.ve\/wp-content\/litespeed\/avatar\/aa32f7598b0f2a0b2a870e50d786d9f3.jpg?ver=1777417623\",\"contentUrl\":\"http:\/\/www.vuce.gob.ve\/wp-content\/litespeed\/avatar\/aa32f7598b0f2a0b2a870e50d786d9f3.jpg?ver=1777417623\",\"caption\":\"prensaVuce\"},\"sameAs\":[\"http:\/\/172.30.211.18\/wordpress\"]}]}<\/script>\n<!-- \/ Yoast SEO plugin. -->","yoast_head_json":{"title":"Venezuela participa en C\u00f3nclave industrial en India","description":"La Vicepresidenta Ejecutiva, Delcy Rodr\u00edguez, intervino este jueves en el IX C\u00f3nclave de la Confederaci\u00f3n Industrial de la India, Latinoam\u00e9rica y El Caribe (ALC).","robots":{"index":"index","follow":"follow","max-snippet":"max-snippet:-1","max-image-preview":"max-image-preview:large","max-video-preview":"max-video-preview:-1"},"canonical":"http:\/\/www.vuce.gob.ve\/index.php\/2023\/08\/03\/venezuela-participa-en-conclave-industrial-en-india\/","og_locale":"es_ES","og_type":"article","og_title":"Venezuela participa en C\u00f3nclave industrial en India","og_description":"La Vicepresidenta Ejecutiva, Delcy Rodr\u00edguez, intervino este jueves en el IX C\u00f3nclave de la Confederaci\u00f3n Industrial de la India, Latinoam\u00e9rica y El Caribe (ALC).","og_url":"http:\/\/www.vuce.gob.ve\/index.php\/2023\/08\/03\/venezuela-participa-en-conclave-industrial-en-india\/","og_site_name":"Portal VUCE","article_publisher":"https:\/\/www.instagram.com\/vucevzla\/","article_published_time":"2023-08-03T18:23:27+00:00","article_modified_time":"2025-04-18T11:24:05+00:00","og_image":[{"width":1280,"height":853,"url":"http:\/\/www.vuce.gob.ve\/wp-content\/uploads\/2023\/08\/F2nD0wbWYAA6Xoj.jpg","type":"image\/jpeg"}],"author":"prensaVuce","twitter_card":"summary_large_image","twitter_misc":{"Escrito por":"prensaVuce","Tiempo de lectura":"2 minutos"},"schema":{"@context":"https:\/\/schema.org","@graph":[{"@type":"Article","@id":"http:\/\/www.vuce.gob.ve\/index.php\/2023\/08\/03\/venezuela-participa-en-conclave-industrial-en-india\/#article","isPartOf":{"@id":"http:\/\/www.vuce.gob.ve\/index.php\/2023\/08\/03\/venezuela-participa-en-conclave-industrial-en-india\/"},"author":{"name":"prensaVuce","@id":"http:\/\/www.vuce.gob.ve\/#\/schema\/person\/9948ccf612f79fdf2574612b10a3ed07"},"headline":"Venezuela participa en C\u00f3nclave industrial en India","datePublished":"2023-08-03T18:23:27+00:00","dateModified":"2025-04-18T11:24:05+00:00","mainEntityOfPage":{"@id":"http:\/\/www.vuce.gob.ve\/index.php\/2023\/08\/03\/venezuela-participa-en-conclave-industrial-en-india\/"},"wordCount":312,"publisher":{"@id":"http:\/\/www.vuce.gob.ve\/#organization"},"image":{"@id":"http:\/\/www.vuce.gob.ve\/index.php\/2023\/08\/03\/venezuela-participa-en-conclave-industrial-en-india\/#primaryimage"},"thumbnailUrl":"http:\/\/www.vuce.gob.ve\/wp-content\/uploads\/2023\/08\/F2nD0wbWYAA6Xoj.jpg","keywords":["C\u00f3nclave","India","venezuela","Vicepresidenta"],"articleSection":["Noticias"],"inLanguage":"es"},{"@type":"WebPage","@id":"http:\/\/www.vuce.gob.ve\/index.php\/2023\/08\/03\/venezuela-participa-en-conclave-industrial-en-india\/","url":"http:\/\/www.vuce.gob.ve\/index.php\/2023\/08\/03\/venezuela-participa-en-conclave-industrial-en-india\/","name":"Venezuela participa en C\u00f3nclave industrial en India","isPartOf":{"@id":"http:\/\/www.vuce.gob.ve\/#website"},"primaryImageOfPage":{"@id":"http:\/\/www.vuce.gob.ve\/index.php\/2023\/08\/03\/venezuela-participa-en-conclave-industrial-en-india\/#primaryimage"},"image":{"@id":"http:\/\/www.vuce.gob.ve\/index.php\/2023\/08\/03\/venezuela-participa-en-conclave-industrial-en-india\/#primaryimage"},"thumbnailUrl":"http:\/\/www.vuce.gob.ve\/wp-content\/uploads\/2023\/08\/F2nD0wbWYAA6Xoj.jpg","datePublished":"2023-08-03T18:23:27+00:00","dateModified":"2025-04-18T11:24:05+00:00","description":"La Vicepresidenta Ejecutiva, Delcy Rodr\u00edguez, intervino este jueves en el IX C\u00f3nclave de la Confederaci\u00f3n Industrial de la India, Latinoam\u00e9rica y El Caribe (ALC).","breadcrumb":{"@id":"http:\/\/www.vuce.gob.ve\/index.php\/2023\/08\/03\/venezuela-participa-en-conclave-industrial-en-india\/#breadcrumb"},"inLanguage":"es","potentialAction":[{"@type":"ReadAction","target":["http:\/\/www.vuce.gob.ve\/index.php\/2023\/08\/03\/venezuela-participa-en-conclave-industrial-en-india\/"]}]},{"@type":"ImageObject","inLanguage":"es","@id":"http:\/\/www.vuce.gob.ve\/index.php\/2023\/08\/03\/venezuela-participa-en-conclave-industrial-en-india\/#primaryimage","url":"http:\/\/www.vuce.gob.ve\/wp-content\/uploads\/2023\/08\/F2nD0wbWYAA6Xoj.jpg","contentUrl":"http:\/\/www.vuce.gob.ve\/wp-content\/uploads\/2023\/08\/F2nD0wbWYAA6Xoj.jpg","width":1280,"height":853},{"@type":"BreadcrumbList","@id":"http:\/\/www.vuce.gob.ve\/index.php\/2023\/08\/03\/venezuela-participa-en-conclave-industrial-en-india\/#breadcrumb","itemListElement":[{"@type":"ListItem","position":1,"name":"Portada","item":"http:\/\/www.vuce.gob.ve\/"},{"@type":"ListItem","position":2,"name":"Venezuela participa en C\u00f3nclave industrial en India"}]},{"@type":"WebSite","@id":"http:\/\/www.vuce.gob.ve\/#website","url":"http:\/\/www.vuce.gob.ve\/","name":"Portal VUCE","description":"Ventanilla \u00danica de Comercio Exterior","publisher":{"@id":"http:\/\/www.vuce.gob.ve\/#organization"},"potentialAction":[{"@type":"SearchAction","target":{"@type":"EntryPoint","urlTemplate":"http:\/\/www.vuce.gob.ve\/?s={search_term_string}"},"query-input":{"@type":"PropertyValueSpecification","valueRequired":true,"valueName":"search_term_string"}}],"inLanguage":"es"},{"@type":"Organization","@id":"http:\/\/www.vuce.gob.ve\/#organization","name":"Portal VUCE","url":"http:\/\/www.vuce.gob.ve\/","logo":{"@type":"ImageObject","inLanguage":"es","@id":"http:\/\/www.vuce.gob.ve\/#\/schema\/logo\/image\/","url":"http:\/\/www.vuce.gob.ve\/wp-content\/uploads\/2022\/04\/logo-1.png","contentUrl":"http:\/\/www.vuce.gob.ve\/wp-content\/uploads\/2022\/04\/logo-1.png","width":625,"height":130,"caption":"Portal VUCE"},"image":{"@id":"http:\/\/www.vuce.gob.ve\/#\/schema\/logo\/image\/"},"sameAs":["https:\/\/www.instagram.com\/vucevzla\/"]},{"@type":"Person","@id":"http:\/\/www.vuce.gob.ve\/#\/schema\/person\/9948ccf612f79fdf2574612b10a3ed07","name":"prensaVuce","image":{"@type":"ImageObject","inLanguage":"es","@id":"http:\/\/www.vuce.gob.ve\/#\/schema\/person\/image\/","url":"http:\/\/www.vuce.gob.ve\/wp-content\/litespeed\/avatar\/aa32f7598b0f2a0b2a870e50d786d9f3.jpg?ver=1777417623","contentUrl":"http:\/\/www.vuce.gob.ve\/wp-content\/litespeed\/avatar\/aa32f7598b0f2a0b2a870e50d786d9f3.jpg?ver=1777417623","caption":"prensaVuce"},"sameAs":["http:\/\/172.30.211.18\/wordpress"]}]}},"_links":{"self":[{"href":"http:\/\/www.vuce.gob.ve\/index.php\/wp-json\/wp\/v2\/posts\/3074","targetHints":{"allow":["GET"]}}],"collection":[{"href":"http:\/\/www.vuce.gob.ve\/index.php\/wp-json\/wp\/v2\/posts"}],"about":[{"href":"http:\/\/www.vuce.gob.ve\/index.php\/wp-json\/wp\/v2\/types\/post"}],"author":[{"embeddable":true,"href":"http:\/\/www.vuce.gob.ve\/index.php\/wp-json\/wp\/v2\/users\/1"}],"replies":[{"embeddable":true,"href":"http:\/\/www.vuce.gob.ve\/index.php\/wp-json\/wp\/v2\/comments?post=3074"}],"version-history":[{"count":1,"href":"http:\/\/www.vuce.gob.ve\/index.php\/wp-json\/wp\/v2\/posts\/3074\/revisions"}],"predecessor-version":[{"id":3077,"href":"http:\/\/www.vuce.gob.ve\/index.php\/wp-json\/wp\/v2\/posts\/3074\/revisions\/3077"}],"wp:featuredmedia":[{"embeddable":true,"href":"http:\/\/www.vuce.gob.ve\/index.php\/wp-json\/wp\/v2\/media\/3075"}],"wp:attachment":[{"href":"http:\/\/www.vuce.gob.ve\/index.php\/wp-json\/wp\/v2\/media?parent=3074"}],"wp:term":[{"taxonomy":"category","embeddable":true,"href":"http:\/\/www.vuce.gob.ve\/index.php\/wp-json\/wp\/v2\/categories?post=3074"},{"taxonomy":"post_tag","embeddable":true,"href":"http:\/\/www.vuce.gob.ve\/index.php\/wp-json\/wp\/v2\/tags?post=3074"}],"curies":[{"name":"wp","href":"https:\/\/api.w.org\/{rel}","templated":true}]}}