{"id":2870,"date":"2023-05-24T16:38:26","date_gmt":"2023-05-24T16:38:26","guid":{"rendered":"http:\/\/www.vuce.gob.ve\/?p=2870"},"modified":"2025-04-18T11:24:40","modified_gmt":"2025-04-18T11:24:40","slug":"foro-economico-euroasiatico-debe-conducir-a-creacion-de-un-mecanismo-financiero-justo","status":"publish","type":"post","link":"http:\/\/www.vuce.gob.ve\/index.php\/2023\/05\/24\/foro-economico-euroasiatico-debe-conducir-a-creacion-de-un-mecanismo-financiero-justo\/","title":{"rendered":"Foro Econ\u00f3mico Euroasi\u00e1tico debe conducir a creaci\u00f3n de un mecanismo financiero justo"},"content":{"rendered":"\n<p>El debate del II Foro Econ\u00f3mico Euroasi\u00e1tico debe conducir a la creaci\u00f3n de un \u201cnuevo mecanismo financiero internacional que d\u00e9 al comercio verdaderas libertades para su expansi\u00f3n\u201d, afirm\u00f3 la vicepresidenta de la Rep\u00fablica Bolivariana de Venezuela, Delcy Rodr\u00edguez.<\/p>\n\n\n\n<p>A trav\u00e9s de un mensaje audiovisual, enfatiz\u00f3 la necesidad de reflexionar sobre un nuevo esquema financiero basado en \u201cun comercio justo, compensado y que permita a los pa\u00edses relacionarse de forma menos presionada por la hegemon\u00eda que ejerce Estados Unidos\u201d, dado que esta condici\u00f3n de supremac\u00eda le ha permitido \u201cafectar a cientos de miles de habitantes en este planeta de forma extorsiva\u201d por el chantaje que supone el dominio del d\u00f3lar.<\/p>\n\n\n\n<p>La tambi\u00e9n Ministra de Econom\u00eda, Finanzas y Comercio Exterior, reiter\u00f3 que, bajo este escenario, debe surgir \u201cun comercio justo, una moneda que sirva a la humanidad y no solamente al hegem\u00f3n\u201d.<\/p>\n\n\n\n<p>En este sentido, subray\u00f3 el rol protag\u00f3nico de los pa\u00edses BRICS (Brasil, Rusia, India, China y Sud\u00e1frica), en la configuraci\u00f3n de una nueva ingenier\u00eda financiera internacional que d\u00e9 pie a \u201cun andamiaje financiero internacional que permita realmente dar libertad a las relaciones econ\u00f3micas, comerciales y financieras\u201d.<\/p>\n\n\n\n<p>En nombre del Gobierno Nacional, Delcy Rodr\u00edguez extendi\u00f3 el respaldo de Venezuela a las iniciativas que apuntan a la construcci\u00f3n de un mundo de equilibrio, respetuoso del derecho internacional y que preserve la integridad del planeta.<\/p>\n","protected":false},"excerpt":{"rendered":"<p>El debate del II Foro Econ\u00f3mico Euroasi\u00e1tico debe conducir a la creaci\u00f3n de un \u201cnuevo mecanismo financiero internacional que d\u00e9 al comercio verdaderas libertades para su expansi\u00f3n\u201d, afirm\u00f3 la vicepresidenta de la Rep\u00fablica Bolivariana de Venezuela, Delcy Rodr\u00edguez.<\/p>\n","protected":false},"author":1,"featured_media":2871,"comment_status":"closed","ping_status":"open","sticky":false,"template":"","format":"standard","meta":{"site-sidebar-layout":"default","site-content-layout":"default","ast-global-header-display":"","ast-main-header-display":"","ast-hfb-above-header-display":"","ast-hfb-below-header-display":"","ast-hfb-mobile-header-display":"","site-post-title":"","ast-breadcrumbs-content":"","ast-featured-img":"","footer-sml-layout":"","theme-transparent-header-meta":"","adv-header-id-meta":"","stick-header-meta":"","header-above-stick-meta":"","header-main-stick-meta":"","header-below-stick-meta":"","footnotes":""},"categories":[10],"tags":[96,97,98,12],"class_list":["post-2870","post","type-post","status-publish","format-standard","has-post-thumbnail","hentry","category-noticias","tag-foro-economico","tag-mecanismo-financiero","tag-ministra-de-economia","tag-venezuela"],"yoast_head":"<!-- This site is optimized with the Yoast SEO plugin v25.7 - https:\/\/yoast.com\/wordpress\/plugins\/seo\/ -->\n<title>Foro Econ\u00f3mico Euroasi\u00e1tico debe conducir a creaci\u00f3n de un mecanismo financiero justo<\/title>\n<meta name=\"description\" content=\"El debate del II Foro Econ\u00f3mico Euroasi\u00e1tico debe conducir a la creaci\u00f3n de un \u201cnuevo mecanismo financiero internacional que d\u00e9 al comercio verdaderas libertades para su expansi\u00f3n\u201d, afirm\u00f3 la vicepresidenta de la Rep\u00fablica Bolivariana de Venezuela, Delcy Rodr\u00edguez.\" \/>\n<meta name=\"robots\" content=\"index, follow, max-snippet:-1, max-image-preview:large, max-video-preview:-1\" \/>\n<link rel=\"canonical\" href=\"http:\/\/www.vuce.gob.ve\/index.php\/2023\/05\/24\/foro-economico-euroasiatico-debe-conducir-a-creacion-de-un-mecanismo-financiero-justo\/\" \/>\n<meta property=\"og:locale\" content=\"es_ES\" \/>\n<meta property=\"og:type\" content=\"article\" \/>\n<meta property=\"og:title\" content=\"Foro Econ\u00f3mico Euroasi\u00e1tico debe conducir a creaci\u00f3n de un mecanismo financiero justo\" \/>\n<meta property=\"og:description\" content=\"El debate del II Foro Econ\u00f3mico Euroasi\u00e1tico debe conducir a la creaci\u00f3n de un \u201cnuevo mecanismo financiero internacional que d\u00e9 al comercio verdaderas libertades para su expansi\u00f3n\u201d, afirm\u00f3 la vicepresidenta de la Rep\u00fablica Bolivariana de Venezuela, Delcy Rodr\u00edguez.\" \/>\n<meta property=\"og:url\" content=\"http:\/\/www.vuce.gob.ve\/index.php\/2023\/05\/24\/foro-economico-euroasiatico-debe-conducir-a-creacion-de-un-mecanismo-financiero-justo\/\" \/>\n<meta property=\"og:site_name\" content=\"Portal VUCE\" \/>\n<meta property=\"article:publisher\" content=\"https:\/\/www.instagram.com\/vucevzla\/\" \/>\n<meta property=\"article:published_time\" content=\"2023-05-24T16:38:26+00:00\" \/>\n<meta property=\"article:modified_time\" content=\"2025-04-18T11:24:40+00:00\" \/>\n<meta property=\"og:image\" content=\"http:\/\/www.vuce.gob.ve\/wp-content\/uploads\/2023\/05\/Fw4qk2HWcAId2Ny.jpg\" \/>\n\t<meta property=\"og:image:width\" content=\"680\" \/>\n\t<meta property=\"og:image:height\" content=\"453\" \/>\n\t<meta property=\"og:image:type\" content=\"image\/jpeg\" \/>\n<meta name=\"author\" content=\"prensaVuce\" \/>\n<meta name=\"twitter:card\" content=\"summary_large_image\" \/>\n<meta name=\"twitter:label1\" content=\"Escrito por\" \/>\n\t<meta name=\"twitter:data1\" content=\"prensaVuce\" \/>\n\t<meta name=\"twitter:label2\" content=\"Tiempo de lectura\" \/>\n\t<meta name=\"twitter:data2\" content=\"1 minuto\" \/>\n<script type=\"application\/ld+json\" class=\"yoast-schema-graph\">{\"@context\":\"https:\/\/schema.org\",\"@graph\":[{\"@type\":\"Article\",\"@id\":\"http:\/\/www.vuce.gob.ve\/index.php\/2023\/05\/24\/foro-economico-euroasiatico-debe-conducir-a-creacion-de-un-mecanismo-financiero-justo\/#article\",\"isPartOf\":{\"@id\":\"http:\/\/www.vuce.gob.ve\/index.php\/2023\/05\/24\/foro-economico-euroasiatico-debe-conducir-a-creacion-de-un-mecanismo-financiero-justo\/\"},\"author\":{\"name\":\"prensaVuce\",\"@id\":\"http:\/\/www.vuce.gob.ve\/#\/schema\/person\/9948ccf612f79fdf2574612b10a3ed07\"},\"headline\":\"Foro Econ\u00f3mico Euroasi\u00e1tico debe conducir a creaci\u00f3n de un mecanismo financiero justo\",\"datePublished\":\"2023-05-24T16:38:26+00:00\",\"dateModified\":\"2025-04-18T11:24:40+00:00\",\"mainEntityOfPage\":{\"@id\":\"http:\/\/www.vuce.gob.ve\/index.php\/2023\/05\/24\/foro-economico-euroasiatico-debe-conducir-a-creacion-de-un-mecanismo-financiero-justo\/\"},\"wordCount\":260,\"publisher\":{\"@id\":\"http:\/\/www.vuce.gob.ve\/#organization\"},\"image\":{\"@id\":\"http:\/\/www.vuce.gob.ve\/index.php\/2023\/05\/24\/foro-economico-euroasiatico-debe-conducir-a-creacion-de-un-mecanismo-financiero-justo\/#primaryimage\"},\"thumbnailUrl\":\"http:\/\/www.vuce.gob.ve\/wp-content\/uploads\/2023\/05\/Fw4qk2HWcAId2Ny.jpg\",\"keywords\":[\"Foro Econ\u00f3mico\",\"mecanismo financiero\",\"Ministra de Econom\u00eda\",\"venezuela\"],\"articleSection\":[\"Noticias\"],\"inLanguage\":\"es\"},{\"@type\":\"WebPage\",\"@id\":\"http:\/\/www.vuce.gob.ve\/index.php\/2023\/05\/24\/foro-economico-euroasiatico-debe-conducir-a-creacion-de-un-mecanismo-financiero-justo\/\",\"url\":\"http:\/\/www.vuce.gob.ve\/index.php\/2023\/05\/24\/foro-economico-euroasiatico-debe-conducir-a-creacion-de-un-mecanismo-financiero-justo\/\",\"name\":\"Foro Econ\u00f3mico Euroasi\u00e1tico debe conducir a creaci\u00f3n de un mecanismo financiero justo\",\"isPartOf\":{\"@id\":\"http:\/\/www.vuce.gob.ve\/#website\"},\"primaryImageOfPage\":{\"@id\":\"http:\/\/www.vuce.gob.ve\/index.php\/2023\/05\/24\/foro-economico-euroasiatico-debe-conducir-a-creacion-de-un-mecanismo-financiero-justo\/#primaryimage\"},\"image\":{\"@id\":\"http:\/\/www.vuce.gob.ve\/index.php\/2023\/05\/24\/foro-economico-euroasiatico-debe-conducir-a-creacion-de-un-mecanismo-financiero-justo\/#primaryimage\"},\"thumbnailUrl\":\"http:\/\/www.vuce.gob.ve\/wp-content\/uploads\/2023\/05\/Fw4qk2HWcAId2Ny.jpg\",\"datePublished\":\"2023-05-24T16:38:26+00:00\",\"dateModified\":\"2025-04-18T11:24:40+00:00\",\"description\":\"El debate del II Foro Econ\u00f3mico Euroasi\u00e1tico debe conducir a la creaci\u00f3n de un \u201cnuevo mecanismo financiero internacional que d\u00e9 al comercio verdaderas libertades para su expansi\u00f3n\u201d, afirm\u00f3 la vicepresidenta de la Rep\u00fablica Bolivariana de Venezuela, Delcy Rodr\u00edguez.\",\"breadcrumb\":{\"@id\":\"http:\/\/www.vuce.gob.ve\/index.php\/2023\/05\/24\/foro-economico-euroasiatico-debe-conducir-a-creacion-de-un-mecanismo-financiero-justo\/#breadcrumb\"},\"inLanguage\":\"es\",\"potentialAction\":[{\"@type\":\"ReadAction\",\"target\":[\"http:\/\/www.vuce.gob.ve\/index.php\/2023\/05\/24\/foro-economico-euroasiatico-debe-conducir-a-creacion-de-un-mecanismo-financiero-justo\/\"]}]},{\"@type\":\"ImageObject\",\"inLanguage\":\"es\",\"@id\":\"http:\/\/www.vuce.gob.ve\/index.php\/2023\/05\/24\/foro-economico-euroasiatico-debe-conducir-a-creacion-de-un-mecanismo-financiero-justo\/#primaryimage\",\"url\":\"http:\/\/www.vuce.gob.ve\/wp-content\/uploads\/2023\/05\/Fw4qk2HWcAId2Ny.jpg\",\"contentUrl\":\"http:\/\/www.vuce.gob.ve\/wp-content\/uploads\/2023\/05\/Fw4qk2HWcAId2Ny.jpg\",\"width\":680,\"height\":453},{\"@type\":\"BreadcrumbList\",\"@id\":\"http:\/\/www.vuce.gob.ve\/index.php\/2023\/05\/24\/foro-economico-euroasiatico-debe-conducir-a-creacion-de-un-mecanismo-financiero-justo\/#breadcrumb\",\"itemListElement\":[{\"@type\":\"ListItem\",\"position\":1,\"name\":\"Portada\",\"item\":\"http:\/\/www.vuce.gob.ve\/\"},{\"@type\":\"ListItem\",\"position\":2,\"name\":\"Foro Econ\u00f3mico Euroasi\u00e1tico debe conducir a creaci\u00f3n de un mecanismo financiero justo\"}]},{\"@type\":\"WebSite\",\"@id\":\"http:\/\/www.vuce.gob.ve\/#website\",\"url\":\"http:\/\/www.vuce.gob.ve\/\",\"name\":\"Portal VUCE\",\"description\":\"Ventanilla \u00danica de Comercio Exterior\",\"publisher\":{\"@id\":\"http:\/\/www.vuce.gob.ve\/#organization\"},\"potentialAction\":[{\"@type\":\"SearchAction\",\"target\":{\"@type\":\"EntryPoint\",\"urlTemplate\":\"http:\/\/www.vuce.gob.ve\/?s={search_term_string}\"},\"query-input\":{\"@type\":\"PropertyValueSpecification\",\"valueRequired\":true,\"valueName\":\"search_term_string\"}}],\"inLanguage\":\"es\"},{\"@type\":\"Organization\",\"@id\":\"http:\/\/www.vuce.gob.ve\/#organization\",\"name\":\"Portal VUCE\",\"url\":\"http:\/\/www.vuce.gob.ve\/\",\"logo\":{\"@type\":\"ImageObject\",\"inLanguage\":\"es\",\"@id\":\"http:\/\/www.vuce.gob.ve\/#\/schema\/logo\/image\/\",\"url\":\"http:\/\/www.vuce.gob.ve\/wp-content\/uploads\/2022\/04\/logo-1.png\",\"contentUrl\":\"http:\/\/www.vuce.gob.ve\/wp-content\/uploads\/2022\/04\/logo-1.png\",\"width\":625,\"height\":130,\"caption\":\"Portal VUCE\"},\"image\":{\"@id\":\"http:\/\/www.vuce.gob.ve\/#\/schema\/logo\/image\/\"},\"sameAs\":[\"https:\/\/www.instagram.com\/vucevzla\/\"]},{\"@type\":\"Person\",\"@id\":\"http:\/\/www.vuce.gob.ve\/#\/schema\/person\/9948ccf612f79fdf2574612b10a3ed07\",\"name\":\"prensaVuce\",\"image\":{\"@type\":\"ImageObject\",\"inLanguage\":\"es\",\"@id\":\"http:\/\/www.vuce.gob.ve\/#\/schema\/person\/image\/\",\"url\":\"http:\/\/www.vuce.gob.ve\/wp-content\/litespeed\/avatar\/aa32f7598b0f2a0b2a870e50d786d9f3.jpg?ver=1777417623\",\"contentUrl\":\"http:\/\/www.vuce.gob.ve\/wp-content\/litespeed\/avatar\/aa32f7598b0f2a0b2a870e50d786d9f3.jpg?ver=1777417623\",\"caption\":\"prensaVuce\"},\"sameAs\":[\"http:\/\/172.30.211.18\/wordpress\"]}]}<\/script>\n<!-- \/ Yoast SEO plugin. -->","yoast_head_json":{"title":"Foro Econ\u00f3mico Euroasi\u00e1tico debe conducir a creaci\u00f3n de un mecanismo financiero justo","description":"El debate del II Foro Econ\u00f3mico Euroasi\u00e1tico debe conducir a la creaci\u00f3n de un \u201cnuevo mecanismo financiero internacional que d\u00e9 al comercio verdaderas libertades para su expansi\u00f3n\u201d, afirm\u00f3 la vicepresidenta de la Rep\u00fablica Bolivariana de Venezuela, Delcy Rodr\u00edguez.","robots":{"index":"index","follow":"follow","max-snippet":"max-snippet:-1","max-image-preview":"max-image-preview:large","max-video-preview":"max-video-preview:-1"},"canonical":"http:\/\/www.vuce.gob.ve\/index.php\/2023\/05\/24\/foro-economico-euroasiatico-debe-conducir-a-creacion-de-un-mecanismo-financiero-justo\/","og_locale":"es_ES","og_type":"article","og_title":"Foro Econ\u00f3mico Euroasi\u00e1tico debe conducir a creaci\u00f3n de un mecanismo financiero justo","og_description":"El debate del II Foro Econ\u00f3mico Euroasi\u00e1tico debe conducir a la creaci\u00f3n de un \u201cnuevo mecanismo financiero internacional que d\u00e9 al comercio verdaderas libertades para su expansi\u00f3n\u201d, afirm\u00f3 la vicepresidenta de la Rep\u00fablica Bolivariana de Venezuela, Delcy Rodr\u00edguez.","og_url":"http:\/\/www.vuce.gob.ve\/index.php\/2023\/05\/24\/foro-economico-euroasiatico-debe-conducir-a-creacion-de-un-mecanismo-financiero-justo\/","og_site_name":"Portal VUCE","article_publisher":"https:\/\/www.instagram.com\/vucevzla\/","article_published_time":"2023-05-24T16:38:26+00:00","article_modified_time":"2025-04-18T11:24:40+00:00","og_image":[{"width":680,"height":453,"url":"http:\/\/www.vuce.gob.ve\/wp-content\/uploads\/2023\/05\/Fw4qk2HWcAId2Ny.jpg","type":"image\/jpeg"}],"author":"prensaVuce","twitter_card":"summary_large_image","twitter_misc":{"Escrito por":"prensaVuce","Tiempo de lectura":"1 minuto"},"schema":{"@context":"https:\/\/schema.org","@graph":[{"@type":"Article","@id":"http:\/\/www.vuce.gob.ve\/index.php\/2023\/05\/24\/foro-economico-euroasiatico-debe-conducir-a-creacion-de-un-mecanismo-financiero-justo\/#article","isPartOf":{"@id":"http:\/\/www.vuce.gob.ve\/index.php\/2023\/05\/24\/foro-economico-euroasiatico-debe-conducir-a-creacion-de-un-mecanismo-financiero-justo\/"},"author":{"name":"prensaVuce","@id":"http:\/\/www.vuce.gob.ve\/#\/schema\/person\/9948ccf612f79fdf2574612b10a3ed07"},"headline":"Foro Econ\u00f3mico Euroasi\u00e1tico debe conducir a creaci\u00f3n de un mecanismo financiero justo","datePublished":"2023-05-24T16:38:26+00:00","dateModified":"2025-04-18T11:24:40+00:00","mainEntityOfPage":{"@id":"http:\/\/www.vuce.gob.ve\/index.php\/2023\/05\/24\/foro-economico-euroasiatico-debe-conducir-a-creacion-de-un-mecanismo-financiero-justo\/"},"wordCount":260,"publisher":{"@id":"http:\/\/www.vuce.gob.ve\/#organization"},"image":{"@id":"http:\/\/www.vuce.gob.ve\/index.php\/2023\/05\/24\/foro-economico-euroasiatico-debe-conducir-a-creacion-de-un-mecanismo-financiero-justo\/#primaryimage"},"thumbnailUrl":"http:\/\/www.vuce.gob.ve\/wp-content\/uploads\/2023\/05\/Fw4qk2HWcAId2Ny.jpg","keywords":["Foro Econ\u00f3mico","mecanismo financiero","Ministra de Econom\u00eda","venezuela"],"articleSection":["Noticias"],"inLanguage":"es"},{"@type":"WebPage","@id":"http:\/\/www.vuce.gob.ve\/index.php\/2023\/05\/24\/foro-economico-euroasiatico-debe-conducir-a-creacion-de-un-mecanismo-financiero-justo\/","url":"http:\/\/www.vuce.gob.ve\/index.php\/2023\/05\/24\/foro-economico-euroasiatico-debe-conducir-a-creacion-de-un-mecanismo-financiero-justo\/","name":"Foro Econ\u00f3mico Euroasi\u00e1tico debe conducir a creaci\u00f3n de un mecanismo financiero justo","isPartOf":{"@id":"http:\/\/www.vuce.gob.ve\/#website"},"primaryImageOfPage":{"@id":"http:\/\/www.vuce.gob.ve\/index.php\/2023\/05\/24\/foro-economico-euroasiatico-debe-conducir-a-creacion-de-un-mecanismo-financiero-justo\/#primaryimage"},"image":{"@id":"http:\/\/www.vuce.gob.ve\/index.php\/2023\/05\/24\/foro-economico-euroasiatico-debe-conducir-a-creacion-de-un-mecanismo-financiero-justo\/#primaryimage"},"thumbnailUrl":"http:\/\/www.vuce.gob.ve\/wp-content\/uploads\/2023\/05\/Fw4qk2HWcAId2Ny.jpg","datePublished":"2023-05-24T16:38:26+00:00","dateModified":"2025-04-18T11:24:40+00:00","description":"El debate del II Foro Econ\u00f3mico Euroasi\u00e1tico debe conducir a la creaci\u00f3n de un \u201cnuevo mecanismo financiero internacional que d\u00e9 al comercio verdaderas libertades para su expansi\u00f3n\u201d, afirm\u00f3 la vicepresidenta de la Rep\u00fablica Bolivariana de Venezuela, Delcy Rodr\u00edguez.","breadcrumb":{"@id":"http:\/\/www.vuce.gob.ve\/index.php\/2023\/05\/24\/foro-economico-euroasiatico-debe-conducir-a-creacion-de-un-mecanismo-financiero-justo\/#breadcrumb"},"inLanguage":"es","potentialAction":[{"@type":"ReadAction","target":["http:\/\/www.vuce.gob.ve\/index.php\/2023\/05\/24\/foro-economico-euroasiatico-debe-conducir-a-creacion-de-un-mecanismo-financiero-justo\/"]}]},{"@type":"ImageObject","inLanguage":"es","@id":"http:\/\/www.vuce.gob.ve\/index.php\/2023\/05\/24\/foro-economico-euroasiatico-debe-conducir-a-creacion-de-un-mecanismo-financiero-justo\/#primaryimage","url":"http:\/\/www.vuce.gob.ve\/wp-content\/uploads\/2023\/05\/Fw4qk2HWcAId2Ny.jpg","contentUrl":"http:\/\/www.vuce.gob.ve\/wp-content\/uploads\/2023\/05\/Fw4qk2HWcAId2Ny.jpg","width":680,"height":453},{"@type":"BreadcrumbList","@id":"http:\/\/www.vuce.gob.ve\/index.php\/2023\/05\/24\/foro-economico-euroasiatico-debe-conducir-a-creacion-de-un-mecanismo-financiero-justo\/#breadcrumb","itemListElement":[{"@type":"ListItem","position":1,"name":"Portada","item":"http:\/\/www.vuce.gob.ve\/"},{"@type":"ListItem","position":2,"name":"Foro Econ\u00f3mico Euroasi\u00e1tico debe conducir a creaci\u00f3n de un mecanismo financiero justo"}]},{"@type":"WebSite","@id":"http:\/\/www.vuce.gob.ve\/#website","url":"http:\/\/www.vuce.gob.ve\/","name":"Portal VUCE","description":"Ventanilla \u00danica de Comercio Exterior","publisher":{"@id":"http:\/\/www.vuce.gob.ve\/#organization"},"potentialAction":[{"@type":"SearchAction","target":{"@type":"EntryPoint","urlTemplate":"http:\/\/www.vuce.gob.ve\/?s={search_term_string}"},"query-input":{"@type":"PropertyValueSpecification","valueRequired":true,"valueName":"search_term_string"}}],"inLanguage":"es"},{"@type":"Organization","@id":"http:\/\/www.vuce.gob.ve\/#organization","name":"Portal VUCE","url":"http:\/\/www.vuce.gob.ve\/","logo":{"@type":"ImageObject","inLanguage":"es","@id":"http:\/\/www.vuce.gob.ve\/#\/schema\/logo\/image\/","url":"http:\/\/www.vuce.gob.ve\/wp-content\/uploads\/2022\/04\/logo-1.png","contentUrl":"http:\/\/www.vuce.gob.ve\/wp-content\/uploads\/2022\/04\/logo-1.png","width":625,"height":130,"caption":"Portal VUCE"},"image":{"@id":"http:\/\/www.vuce.gob.ve\/#\/schema\/logo\/image\/"},"sameAs":["https:\/\/www.instagram.com\/vucevzla\/"]},{"@type":"Person","@id":"http:\/\/www.vuce.gob.ve\/#\/schema\/person\/9948ccf612f79fdf2574612b10a3ed07","name":"prensaVuce","image":{"@type":"ImageObject","inLanguage":"es","@id":"http:\/\/www.vuce.gob.ve\/#\/schema\/person\/image\/","url":"http:\/\/www.vuce.gob.ve\/wp-content\/litespeed\/avatar\/aa32f7598b0f2a0b2a870e50d786d9f3.jpg?ver=1777417623","contentUrl":"http:\/\/www.vuce.gob.ve\/wp-content\/litespeed\/avatar\/aa32f7598b0f2a0b2a870e50d786d9f3.jpg?ver=1777417623","caption":"prensaVuce"},"sameAs":["http:\/\/172.30.211.18\/wordpress"]}]}},"_links":{"self":[{"href":"http:\/\/www.vuce.gob.ve\/index.php\/wp-json\/wp\/v2\/posts\/2870","targetHints":{"allow":["GET"]}}],"collection":[{"href":"http:\/\/www.vuce.gob.ve\/index.php\/wp-json\/wp\/v2\/posts"}],"about":[{"href":"http:\/\/www.vuce.gob.ve\/index.php\/wp-json\/wp\/v2\/types\/post"}],"author":[{"embeddable":true,"href":"http:\/\/www.vuce.gob.ve\/index.php\/wp-json\/wp\/v2\/users\/1"}],"replies":[{"embeddable":true,"href":"http:\/\/www.vuce.gob.ve\/index.php\/wp-json\/wp\/v2\/comments?post=2870"}],"version-history":[{"count":1,"href":"http:\/\/www.vuce.gob.ve\/index.php\/wp-json\/wp\/v2\/posts\/2870\/revisions"}],"predecessor-version":[{"id":2872,"href":"http:\/\/www.vuce.gob.ve\/index.php\/wp-json\/wp\/v2\/posts\/2870\/revisions\/2872"}],"wp:featuredmedia":[{"embeddable":true,"href":"http:\/\/www.vuce.gob.ve\/index.php\/wp-json\/wp\/v2\/media\/2871"}],"wp:attachment":[{"href":"http:\/\/www.vuce.gob.ve\/index.php\/wp-json\/wp\/v2\/media?parent=2870"}],"wp:term":[{"taxonomy":"category","embeddable":true,"href":"http:\/\/www.vuce.gob.ve\/index.php\/wp-json\/wp\/v2\/categories?post=2870"},{"taxonomy":"post_tag","embeddable":true,"href":"http:\/\/www.vuce.gob.ve\/index.php\/wp-json\/wp\/v2\/tags?post=2870"}],"curies":[{"name":"wp","href":"https:\/\/api.w.org\/{rel}","templated":true}]}}