{"id":2417,"date":"2023-04-21T12:47:56","date_gmt":"2023-04-21T12:47:56","guid":{"rendered":"http:\/\/www.vuce.gob.ve\/?p=2417"},"modified":"2025-04-18T11:24:40","modified_gmt":"2025-04-18T11:24:40","slug":"venezuela-y-bolivia-firman-acuerdos-de-cooperacion","status":"publish","type":"post","link":"http:\/\/www.vuce.gob.ve\/index.php\/2023\/04\/21\/venezuela-y-bolivia-firman-acuerdos-de-cooperacion\/","title":{"rendered":"Venezuela y Bolivia firman acuerdos de cooperaci\u00f3n"},"content":{"rendered":"\n<p>La Rep\u00fablica Bolivariana de Venezuela y el Estado Plurinacional de Bolivia, firmaron 13 acuerdos de cooperaci\u00f3n bilateral, como resultado de la tercera Comisi\u00f3n Mixta de Integraci\u00f3n Conjunta entre ambas naciones celebrada en Caracas, durante los d\u00edas 19 y 20 de abril de 2023.<\/p>\n\n\n\n<p>Entre los acuerdos suscritos destaca el Memor\u00e1ndum de Entendimiento en materia de fortalecimiento comercial, que tiene por objeto profundizar en los principios y mecanismos de cooperaci\u00f3n establecidos entre ambas naciones para ampliar las acciones en el \u00e1mbito del comercio exterior.<\/p>\n\n\n\n<p>\u201cEstos trece acuerdos son el punto de partida de las relaciones entre Bolivia y Venezuela, queremos que Venezuela sienta que tiene un aliado en Bolivia, un compa\u00f1ero no solo comercial sino estrat\u00e9gico y estructural\u201d, manifest\u00f3 el presidente del Estado Plurinacional de Bolivia, Luis Arce.<\/p>\n\n\n\n<figure class=\"wp-block-gallery has-nested-images columns-default is-cropped wp-block-gallery-1 is-layout-flex wp-block-gallery-is-layout-flex\">\n<figure class=\"wp-block-image size-large\"><img loading=\"lazy\" decoding=\"async\" width=\"1024\" height=\"683\" data-id=\"2422\" src=\"http:\/\/www.vuce.gob.ve\/wp-content\/uploads\/2023\/04\/FuM4uFJX0AM4evM-1024x683.jpg\" alt=\"\" class=\"wp-image-2422\" srcset=\"http:\/\/www.vuce.gob.ve\/wp-content\/uploads\/2023\/04\/FuM4uFJX0AM4evM-1024x683.jpg 1024w, http:\/\/www.vuce.gob.ve\/wp-content\/uploads\/2023\/04\/FuM4uFJX0AM4evM-300x200.jpg 300w, http:\/\/www.vuce.gob.ve\/wp-content\/uploads\/2023\/04\/FuM4uFJX0AM4evM-768x512.jpg 768w, http:\/\/www.vuce.gob.ve\/wp-content\/uploads\/2023\/04\/FuM4uFJX0AM4evM-1536x1025.jpg 1536w, http:\/\/www.vuce.gob.ve\/wp-content\/uploads\/2023\/04\/FuM4uFJX0AM4evM.jpg 2048w\" sizes=\"auto, (max-width: 1024px) 100vw, 1024px\" \/><\/figure>\n\n\n\n<figure class=\"wp-block-image size-large\"><img loading=\"lazy\" decoding=\"async\" width=\"1024\" height=\"683\" data-id=\"2420\" src=\"http:\/\/www.vuce.gob.ve\/wp-content\/uploads\/2023\/04\/FuM6n1cWYAE0-HP-1024x683.jpg\" alt=\"\" class=\"wp-image-2420\" srcset=\"http:\/\/www.vuce.gob.ve\/wp-content\/uploads\/2023\/04\/FuM6n1cWYAE0-HP-1024x683.jpg 1024w, http:\/\/www.vuce.gob.ve\/wp-content\/uploads\/2023\/04\/FuM6n1cWYAE0-HP-300x200.jpg 300w, http:\/\/www.vuce.gob.ve\/wp-content\/uploads\/2023\/04\/FuM6n1cWYAE0-HP-768x512.jpg 768w, http:\/\/www.vuce.gob.ve\/wp-content\/uploads\/2023\/04\/FuM6n1cWYAE0-HP-1536x1024.jpg 1536w, http:\/\/www.vuce.gob.ve\/wp-content\/uploads\/2023\/04\/FuM6n1cWYAE0-HP.jpg 2048w\" sizes=\"auto, (max-width: 1024px) 100vw, 1024px\" \/><\/figure>\n\n\n\n<figure class=\"wp-block-image size-large\"><img loading=\"lazy\" decoding=\"async\" width=\"1024\" height=\"683\" data-id=\"2421\" src=\"http:\/\/www.vuce.gob.ve\/wp-content\/uploads\/2023\/04\/FuM6p6tXoAAzufy-1024x683.jpg\" alt=\"\" class=\"wp-image-2421\" srcset=\"http:\/\/www.vuce.gob.ve\/wp-content\/uploads\/2023\/04\/FuM6p6tXoAAzufy-1024x683.jpg 1024w, http:\/\/www.vuce.gob.ve\/wp-content\/uploads\/2023\/04\/FuM6p6tXoAAzufy-300x200.jpg 300w, http:\/\/www.vuce.gob.ve\/wp-content\/uploads\/2023\/04\/FuM6p6tXoAAzufy-768x512.jpg 768w, http:\/\/www.vuce.gob.ve\/wp-content\/uploads\/2023\/04\/FuM6p6tXoAAzufy-1536x1025.jpg 1536w, http:\/\/www.vuce.gob.ve\/wp-content\/uploads\/2023\/04\/FuM6p6tXoAAzufy.jpg 2048w\" sizes=\"auto, (max-width: 1024px) 100vw, 1024px\" \/><\/figure>\n\n\n\n<figure class=\"wp-block-image size-large\"><img loading=\"lazy\" decoding=\"async\" width=\"1024\" height=\"787\" data-id=\"2423\" src=\"http:\/\/www.vuce.gob.ve\/wp-content\/uploads\/2023\/04\/FuM6pNIXgAI6Pvr-1024x787.jpg\" alt=\"\" class=\"wp-image-2423\" srcset=\"http:\/\/www.vuce.gob.ve\/wp-content\/uploads\/2023\/04\/FuM6pNIXgAI6Pvr-1024x787.jpg 1024w, http:\/\/www.vuce.gob.ve\/wp-content\/uploads\/2023\/04\/FuM6pNIXgAI6Pvr-300x231.jpg 300w, http:\/\/www.vuce.gob.ve\/wp-content\/uploads\/2023\/04\/FuM6pNIXgAI6Pvr-768x590.jpg 768w, http:\/\/www.vuce.gob.ve\/wp-content\/uploads\/2023\/04\/FuM6pNIXgAI6Pvr-1536x1181.jpg 1536w, http:\/\/www.vuce.gob.ve\/wp-content\/uploads\/2023\/04\/FuM6pNIXgAI6Pvr.jpg 2048w\" sizes=\"auto, (max-width: 1024px) 100vw, 1024px\" \/><\/figure>\n\n\n\n<figure class=\"wp-block-image size-large\"><img loading=\"lazy\" decoding=\"async\" width=\"1024\" height=\"683\" data-id=\"2419\" src=\"http:\/\/www.vuce.gob.ve\/wp-content\/uploads\/2023\/04\/FuM6Q6TWIAE8zOb-1024x683.jpg\" alt=\"\" class=\"wp-image-2419\" srcset=\"http:\/\/www.vuce.gob.ve\/wp-content\/uploads\/2023\/04\/FuM6Q6TWIAE8zOb-1024x683.jpg 1024w, http:\/\/www.vuce.gob.ve\/wp-content\/uploads\/2023\/04\/FuM6Q6TWIAE8zOb-300x200.jpg 300w, http:\/\/www.vuce.gob.ve\/wp-content\/uploads\/2023\/04\/FuM6Q6TWIAE8zOb-768x512.jpg 768w, http:\/\/www.vuce.gob.ve\/wp-content\/uploads\/2023\/04\/FuM6Q6TWIAE8zOb-1536x1024.jpg 1536w, http:\/\/www.vuce.gob.ve\/wp-content\/uploads\/2023\/04\/FuM6Q6TWIAE8zOb.jpg 2048w\" sizes=\"auto, (max-width: 1024px) 100vw, 1024px\" \/><\/figure>\n<\/figure>\n\n\n\n<p>Por su parte, el presidente de la Rep\u00fablica Bolivariana de Venezuela, Nicol\u00e1s Maduro afirm\u00f3 que \u201cm\u00e1s que un memor\u00e1ndum de entendimiento estos 13 documentos son documentos de compromiso jurado entre nuestros pueblos para echar a andar una nueva etapa de trabajo conjunto, uni\u00f3n e integraci\u00f3n entre nuestra hermana Bolivia y Venezuela\u201d.<\/p>\n\n\n\n<p>La cooperaci\u00f3n entre Venezuela y Bolivia se diversific\u00f3 en \u00e1reas como la energ\u00e9tica, educativa, social y cultural, entre otras.<br><strong><em>VTV<\/em><\/strong><\/p>\n","protected":false},"excerpt":{"rendered":"<p>La Rep\u00fablica Bolivariana de Venezuela y el Estado Plurinacional de Bolivia, firmaron 13 acuerdos de cooperaci\u00f3n bilateral, como resultado de la tercera Comisi\u00f3n Mixta de Integraci\u00f3n Conjunta entre ambas naciones celebrada en Caracas, durante los d\u00edas 19 y 20 de abril de 2023. Entre los acuerdos suscritos destaca el Memor\u00e1ndum de Entendimiento en materia de &hellip;<\/p>\n<p class=\"read-more\"> <a class=\"\" href=\"http:\/\/www.vuce.gob.ve\/index.php\/2023\/04\/21\/venezuela-y-bolivia-firman-acuerdos-de-cooperacion\/\"> <span class=\"screen-reader-text\">Venezuela y Bolivia firman acuerdos de cooperaci\u00f3n<\/span> Leer m\u00e1s &raquo;<\/a><\/p>\n","protected":false},"author":1,"featured_media":2418,"comment_status":"closed","ping_status":"open","sticky":false,"template":"","format":"standard","meta":{"site-sidebar-layout":"default","site-content-layout":"default","ast-global-header-display":"","ast-main-header-display":"","ast-hfb-above-header-display":"","ast-hfb-below-header-display":"","ast-hfb-mobile-header-display":"","site-post-title":"","ast-breadcrumbs-content":"","ast-featured-img":"","footer-sml-layout":"","theme-transparent-header-meta":"","adv-header-id-meta":"","stick-header-meta":"","header-above-stick-meta":"","header-main-stick-meta":"","header-below-stick-meta":"","footnotes":""},"categories":[10],"tags":[78,77,23,12],"class_list":["post-2417","post","type-post","status-publish","format-standard","has-post-thumbnail","hentry","category-noticias","tag-acuerdos","tag-bolivia","tag-cooperacion","tag-venezuela"],"yoast_head":"<!-- This site is optimized with the Yoast SEO plugin v25.7 - https:\/\/yoast.com\/wordpress\/plugins\/seo\/ -->\n<title>Venezuela y Bolivia firman acuerdos de cooperaci\u00f3n<\/title>\n<meta name=\"description\" content=\"La Rep\u00fablica Bolivariana de Venezuela y el Estado Plurinacional de Bolivia, firmaron 13 acuerdos de cooperaci\u00f3n bilateral, como resultado de la tercera\" \/>\n<meta name=\"robots\" content=\"index, follow, max-snippet:-1, max-image-preview:large, max-video-preview:-1\" \/>\n<link rel=\"canonical\" href=\"http:\/\/www.vuce.gob.ve\/index.php\/2023\/04\/21\/venezuela-y-bolivia-firman-acuerdos-de-cooperacion\/\" \/>\n<meta property=\"og:locale\" content=\"es_ES\" \/>\n<meta property=\"og:type\" content=\"article\" \/>\n<meta property=\"og:title\" content=\"Venezuela y Bolivia firman acuerdos de cooperaci\u00f3n\" \/>\n<meta property=\"og:description\" content=\"La Rep\u00fablica Bolivariana de Venezuela y el Estado Plurinacional de Bolivia, firmaron 13 acuerdos de cooperaci\u00f3n bilateral, como resultado de la tercera\" \/>\n<meta property=\"og:url\" content=\"http:\/\/www.vuce.gob.ve\/index.php\/2023\/04\/21\/venezuela-y-bolivia-firman-acuerdos-de-cooperacion\/\" \/>\n<meta property=\"og:site_name\" content=\"Portal VUCE\" \/>\n<meta property=\"article:publisher\" content=\"https:\/\/www.instagram.com\/vucevzla\/\" \/>\n<meta property=\"article:published_time\" content=\"2023-04-21T12:47:56+00:00\" \/>\n<meta property=\"article:modified_time\" content=\"2025-04-18T11:24:40+00:00\" \/>\n<meta property=\"og:image\" content=\"http:\/\/www.vuce.gob.ve\/wp-content\/uploads\/2023\/04\/FuM6k5hWwAIXuOc.jpg\" \/>\n\t<meta property=\"og:image:width\" content=\"2048\" \/>\n\t<meta property=\"og:image:height\" content=\"1598\" \/>\n\t<meta property=\"og:image:type\" content=\"image\/jpeg\" \/>\n<meta name=\"author\" content=\"prensaVuce\" \/>\n<meta name=\"twitter:card\" content=\"summary_large_image\" \/>\n<meta name=\"twitter:label1\" content=\"Escrito por\" \/>\n\t<meta name=\"twitter:data1\" content=\"prensaVuce\" \/>\n\t<meta name=\"twitter:label2\" content=\"Tiempo de lectura\" \/>\n\t<meta name=\"twitter:data2\" content=\"1 minuto\" \/>\n<script type=\"application\/ld+json\" class=\"yoast-schema-graph\">{\"@context\":\"https:\/\/schema.org\",\"@graph\":[{\"@type\":\"Article\",\"@id\":\"http:\/\/www.vuce.gob.ve\/index.php\/2023\/04\/21\/venezuela-y-bolivia-firman-acuerdos-de-cooperacion\/#article\",\"isPartOf\":{\"@id\":\"http:\/\/www.vuce.gob.ve\/index.php\/2023\/04\/21\/venezuela-y-bolivia-firman-acuerdos-de-cooperacion\/\"},\"author\":{\"name\":\"prensaVuce\",\"@id\":\"http:\/\/www.vuce.gob.ve\/#\/schema\/person\/9948ccf612f79fdf2574612b10a3ed07\"},\"headline\":\"Venezuela y Bolivia firman acuerdos de cooperaci\u00f3n\",\"datePublished\":\"2023-04-21T12:47:56+00:00\",\"dateModified\":\"2025-04-18T11:24:40+00:00\",\"mainEntityOfPage\":{\"@id\":\"http:\/\/www.vuce.gob.ve\/index.php\/2023\/04\/21\/venezuela-y-bolivia-firman-acuerdos-de-cooperacion\/\"},\"wordCount\":218,\"publisher\":{\"@id\":\"http:\/\/www.vuce.gob.ve\/#organization\"},\"image\":{\"@id\":\"http:\/\/www.vuce.gob.ve\/index.php\/2023\/04\/21\/venezuela-y-bolivia-firman-acuerdos-de-cooperacion\/#primaryimage\"},\"thumbnailUrl\":\"http:\/\/www.vuce.gob.ve\/wp-content\/uploads\/2023\/04\/FuM6k5hWwAIXuOc.jpg\",\"keywords\":[\"Acuerdos\",\"Bolivia\",\"cooperaci\u00f3n\",\"venezuela\"],\"articleSection\":[\"Noticias\"],\"inLanguage\":\"es\"},{\"@type\":\"WebPage\",\"@id\":\"http:\/\/www.vuce.gob.ve\/index.php\/2023\/04\/21\/venezuela-y-bolivia-firman-acuerdos-de-cooperacion\/\",\"url\":\"http:\/\/www.vuce.gob.ve\/index.php\/2023\/04\/21\/venezuela-y-bolivia-firman-acuerdos-de-cooperacion\/\",\"name\":\"Venezuela y Bolivia firman acuerdos de cooperaci\u00f3n\",\"isPartOf\":{\"@id\":\"http:\/\/www.vuce.gob.ve\/#website\"},\"primaryImageOfPage\":{\"@id\":\"http:\/\/www.vuce.gob.ve\/index.php\/2023\/04\/21\/venezuela-y-bolivia-firman-acuerdos-de-cooperacion\/#primaryimage\"},\"image\":{\"@id\":\"http:\/\/www.vuce.gob.ve\/index.php\/2023\/04\/21\/venezuela-y-bolivia-firman-acuerdos-de-cooperacion\/#primaryimage\"},\"thumbnailUrl\":\"http:\/\/www.vuce.gob.ve\/wp-content\/uploads\/2023\/04\/FuM6k5hWwAIXuOc.jpg\",\"datePublished\":\"2023-04-21T12:47:56+00:00\",\"dateModified\":\"2025-04-18T11:24:40+00:00\",\"description\":\"La Rep\u00fablica Bolivariana de Venezuela y el Estado Plurinacional de Bolivia, firmaron 13 acuerdos de cooperaci\u00f3n bilateral, como resultado de la tercera\",\"breadcrumb\":{\"@id\":\"http:\/\/www.vuce.gob.ve\/index.php\/2023\/04\/21\/venezuela-y-bolivia-firman-acuerdos-de-cooperacion\/#breadcrumb\"},\"inLanguage\":\"es\",\"potentialAction\":[{\"@type\":\"ReadAction\",\"target\":[\"http:\/\/www.vuce.gob.ve\/index.php\/2023\/04\/21\/venezuela-y-bolivia-firman-acuerdos-de-cooperacion\/\"]}]},{\"@type\":\"ImageObject\",\"inLanguage\":\"es\",\"@id\":\"http:\/\/www.vuce.gob.ve\/index.php\/2023\/04\/21\/venezuela-y-bolivia-firman-acuerdos-de-cooperacion\/#primaryimage\",\"url\":\"http:\/\/www.vuce.gob.ve\/wp-content\/uploads\/2023\/04\/FuM6k5hWwAIXuOc.jpg\",\"contentUrl\":\"http:\/\/www.vuce.gob.ve\/wp-content\/uploads\/2023\/04\/FuM6k5hWwAIXuOc.jpg\",\"width\":2048,\"height\":1598},{\"@type\":\"BreadcrumbList\",\"@id\":\"http:\/\/www.vuce.gob.ve\/index.php\/2023\/04\/21\/venezuela-y-bolivia-firman-acuerdos-de-cooperacion\/#breadcrumb\",\"itemListElement\":[{\"@type\":\"ListItem\",\"position\":1,\"name\":\"Portada\",\"item\":\"http:\/\/www.vuce.gob.ve\/\"},{\"@type\":\"ListItem\",\"position\":2,\"name\":\"Venezuela y Bolivia firman acuerdos de cooperaci\u00f3n\"}]},{\"@type\":\"WebSite\",\"@id\":\"http:\/\/www.vuce.gob.ve\/#website\",\"url\":\"http:\/\/www.vuce.gob.ve\/\",\"name\":\"Portal VUCE\",\"description\":\"Ventanilla \u00danica de Comercio Exterior\",\"publisher\":{\"@id\":\"http:\/\/www.vuce.gob.ve\/#organization\"},\"potentialAction\":[{\"@type\":\"SearchAction\",\"target\":{\"@type\":\"EntryPoint\",\"urlTemplate\":\"http:\/\/www.vuce.gob.ve\/?s={search_term_string}\"},\"query-input\":{\"@type\":\"PropertyValueSpecification\",\"valueRequired\":true,\"valueName\":\"search_term_string\"}}],\"inLanguage\":\"es\"},{\"@type\":\"Organization\",\"@id\":\"http:\/\/www.vuce.gob.ve\/#organization\",\"name\":\"Portal VUCE\",\"url\":\"http:\/\/www.vuce.gob.ve\/\",\"logo\":{\"@type\":\"ImageObject\",\"inLanguage\":\"es\",\"@id\":\"http:\/\/www.vuce.gob.ve\/#\/schema\/logo\/image\/\",\"url\":\"http:\/\/www.vuce.gob.ve\/wp-content\/uploads\/2022\/04\/logo-1.png\",\"contentUrl\":\"http:\/\/www.vuce.gob.ve\/wp-content\/uploads\/2022\/04\/logo-1.png\",\"width\":625,\"height\":130,\"caption\":\"Portal VUCE\"},\"image\":{\"@id\":\"http:\/\/www.vuce.gob.ve\/#\/schema\/logo\/image\/\"},\"sameAs\":[\"https:\/\/www.instagram.com\/vucevzla\/\"]},{\"@type\":\"Person\",\"@id\":\"http:\/\/www.vuce.gob.ve\/#\/schema\/person\/9948ccf612f79fdf2574612b10a3ed07\",\"name\":\"prensaVuce\",\"image\":{\"@type\":\"ImageObject\",\"inLanguage\":\"es\",\"@id\":\"http:\/\/www.vuce.gob.ve\/#\/schema\/person\/image\/\",\"url\":\"http:\/\/www.vuce.gob.ve\/wp-content\/litespeed\/avatar\/aa32f7598b0f2a0b2a870e50d786d9f3.jpg?ver=1777417623\",\"contentUrl\":\"http:\/\/www.vuce.gob.ve\/wp-content\/litespeed\/avatar\/aa32f7598b0f2a0b2a870e50d786d9f3.jpg?ver=1777417623\",\"caption\":\"prensaVuce\"},\"sameAs\":[\"http:\/\/172.30.211.18\/wordpress\"]}]}<\/script>\n<!-- \/ Yoast SEO plugin. -->","yoast_head_json":{"title":"Venezuela y Bolivia firman acuerdos de cooperaci\u00f3n","description":"La Rep\u00fablica Bolivariana de Venezuela y el Estado Plurinacional de Bolivia, firmaron 13 acuerdos de cooperaci\u00f3n bilateral, como resultado de la tercera","robots":{"index":"index","follow":"follow","max-snippet":"max-snippet:-1","max-image-preview":"max-image-preview:large","max-video-preview":"max-video-preview:-1"},"canonical":"http:\/\/www.vuce.gob.ve\/index.php\/2023\/04\/21\/venezuela-y-bolivia-firman-acuerdos-de-cooperacion\/","og_locale":"es_ES","og_type":"article","og_title":"Venezuela y Bolivia firman acuerdos de cooperaci\u00f3n","og_description":"La Rep\u00fablica Bolivariana de Venezuela y el Estado Plurinacional de Bolivia, firmaron 13 acuerdos de cooperaci\u00f3n bilateral, como resultado de la tercera","og_url":"http:\/\/www.vuce.gob.ve\/index.php\/2023\/04\/21\/venezuela-y-bolivia-firman-acuerdos-de-cooperacion\/","og_site_name":"Portal VUCE","article_publisher":"https:\/\/www.instagram.com\/vucevzla\/","article_published_time":"2023-04-21T12:47:56+00:00","article_modified_time":"2025-04-18T11:24:40+00:00","og_image":[{"width":2048,"height":1598,"url":"http:\/\/www.vuce.gob.ve\/wp-content\/uploads\/2023\/04\/FuM6k5hWwAIXuOc.jpg","type":"image\/jpeg"}],"author":"prensaVuce","twitter_card":"summary_large_image","twitter_misc":{"Escrito por":"prensaVuce","Tiempo de lectura":"1 minuto"},"schema":{"@context":"https:\/\/schema.org","@graph":[{"@type":"Article","@id":"http:\/\/www.vuce.gob.ve\/index.php\/2023\/04\/21\/venezuela-y-bolivia-firman-acuerdos-de-cooperacion\/#article","isPartOf":{"@id":"http:\/\/www.vuce.gob.ve\/index.php\/2023\/04\/21\/venezuela-y-bolivia-firman-acuerdos-de-cooperacion\/"},"author":{"name":"prensaVuce","@id":"http:\/\/www.vuce.gob.ve\/#\/schema\/person\/9948ccf612f79fdf2574612b10a3ed07"},"headline":"Venezuela y Bolivia firman acuerdos de cooperaci\u00f3n","datePublished":"2023-04-21T12:47:56+00:00","dateModified":"2025-04-18T11:24:40+00:00","mainEntityOfPage":{"@id":"http:\/\/www.vuce.gob.ve\/index.php\/2023\/04\/21\/venezuela-y-bolivia-firman-acuerdos-de-cooperacion\/"},"wordCount":218,"publisher":{"@id":"http:\/\/www.vuce.gob.ve\/#organization"},"image":{"@id":"http:\/\/www.vuce.gob.ve\/index.php\/2023\/04\/21\/venezuela-y-bolivia-firman-acuerdos-de-cooperacion\/#primaryimage"},"thumbnailUrl":"http:\/\/www.vuce.gob.ve\/wp-content\/uploads\/2023\/04\/FuM6k5hWwAIXuOc.jpg","keywords":["Acuerdos","Bolivia","cooperaci\u00f3n","venezuela"],"articleSection":["Noticias"],"inLanguage":"es"},{"@type":"WebPage","@id":"http:\/\/www.vuce.gob.ve\/index.php\/2023\/04\/21\/venezuela-y-bolivia-firman-acuerdos-de-cooperacion\/","url":"http:\/\/www.vuce.gob.ve\/index.php\/2023\/04\/21\/venezuela-y-bolivia-firman-acuerdos-de-cooperacion\/","name":"Venezuela y Bolivia firman acuerdos de cooperaci\u00f3n","isPartOf":{"@id":"http:\/\/www.vuce.gob.ve\/#website"},"primaryImageOfPage":{"@id":"http:\/\/www.vuce.gob.ve\/index.php\/2023\/04\/21\/venezuela-y-bolivia-firman-acuerdos-de-cooperacion\/#primaryimage"},"image":{"@id":"http:\/\/www.vuce.gob.ve\/index.php\/2023\/04\/21\/venezuela-y-bolivia-firman-acuerdos-de-cooperacion\/#primaryimage"},"thumbnailUrl":"http:\/\/www.vuce.gob.ve\/wp-content\/uploads\/2023\/04\/FuM6k5hWwAIXuOc.jpg","datePublished":"2023-04-21T12:47:56+00:00","dateModified":"2025-04-18T11:24:40+00:00","description":"La Rep\u00fablica Bolivariana de Venezuela y el Estado Plurinacional de Bolivia, firmaron 13 acuerdos de cooperaci\u00f3n bilateral, como resultado de la tercera","breadcrumb":{"@id":"http:\/\/www.vuce.gob.ve\/index.php\/2023\/04\/21\/venezuela-y-bolivia-firman-acuerdos-de-cooperacion\/#breadcrumb"},"inLanguage":"es","potentialAction":[{"@type":"ReadAction","target":["http:\/\/www.vuce.gob.ve\/index.php\/2023\/04\/21\/venezuela-y-bolivia-firman-acuerdos-de-cooperacion\/"]}]},{"@type":"ImageObject","inLanguage":"es","@id":"http:\/\/www.vuce.gob.ve\/index.php\/2023\/04\/21\/venezuela-y-bolivia-firman-acuerdos-de-cooperacion\/#primaryimage","url":"http:\/\/www.vuce.gob.ve\/wp-content\/uploads\/2023\/04\/FuM6k5hWwAIXuOc.jpg","contentUrl":"http:\/\/www.vuce.gob.ve\/wp-content\/uploads\/2023\/04\/FuM6k5hWwAIXuOc.jpg","width":2048,"height":1598},{"@type":"BreadcrumbList","@id":"http:\/\/www.vuce.gob.ve\/index.php\/2023\/04\/21\/venezuela-y-bolivia-firman-acuerdos-de-cooperacion\/#breadcrumb","itemListElement":[{"@type":"ListItem","position":1,"name":"Portada","item":"http:\/\/www.vuce.gob.ve\/"},{"@type":"ListItem","position":2,"name":"Venezuela y Bolivia firman acuerdos de cooperaci\u00f3n"}]},{"@type":"WebSite","@id":"http:\/\/www.vuce.gob.ve\/#website","url":"http:\/\/www.vuce.gob.ve\/","name":"Portal VUCE","description":"Ventanilla \u00danica de Comercio Exterior","publisher":{"@id":"http:\/\/www.vuce.gob.ve\/#organization"},"potentialAction":[{"@type":"SearchAction","target":{"@type":"EntryPoint","urlTemplate":"http:\/\/www.vuce.gob.ve\/?s={search_term_string}"},"query-input":{"@type":"PropertyValueSpecification","valueRequired":true,"valueName":"search_term_string"}}],"inLanguage":"es"},{"@type":"Organization","@id":"http:\/\/www.vuce.gob.ve\/#organization","name":"Portal VUCE","url":"http:\/\/www.vuce.gob.ve\/","logo":{"@type":"ImageObject","inLanguage":"es","@id":"http:\/\/www.vuce.gob.ve\/#\/schema\/logo\/image\/","url":"http:\/\/www.vuce.gob.ve\/wp-content\/uploads\/2022\/04\/logo-1.png","contentUrl":"http:\/\/www.vuce.gob.ve\/wp-content\/uploads\/2022\/04\/logo-1.png","width":625,"height":130,"caption":"Portal VUCE"},"image":{"@id":"http:\/\/www.vuce.gob.ve\/#\/schema\/logo\/image\/"},"sameAs":["https:\/\/www.instagram.com\/vucevzla\/"]},{"@type":"Person","@id":"http:\/\/www.vuce.gob.ve\/#\/schema\/person\/9948ccf612f79fdf2574612b10a3ed07","name":"prensaVuce","image":{"@type":"ImageObject","inLanguage":"es","@id":"http:\/\/www.vuce.gob.ve\/#\/schema\/person\/image\/","url":"http:\/\/www.vuce.gob.ve\/wp-content\/litespeed\/avatar\/aa32f7598b0f2a0b2a870e50d786d9f3.jpg?ver=1777417623","contentUrl":"http:\/\/www.vuce.gob.ve\/wp-content\/litespeed\/avatar\/aa32f7598b0f2a0b2a870e50d786d9f3.jpg?ver=1777417623","caption":"prensaVuce"},"sameAs":["http:\/\/172.30.211.18\/wordpress"]}]}},"_links":{"self":[{"href":"http:\/\/www.vuce.gob.ve\/index.php\/wp-json\/wp\/v2\/posts\/2417","targetHints":{"allow":["GET"]}}],"collection":[{"href":"http:\/\/www.vuce.gob.ve\/index.php\/wp-json\/wp\/v2\/posts"}],"about":[{"href":"http:\/\/www.vuce.gob.ve\/index.php\/wp-json\/wp\/v2\/types\/post"}],"author":[{"embeddable":true,"href":"http:\/\/www.vuce.gob.ve\/index.php\/wp-json\/wp\/v2\/users\/1"}],"replies":[{"embeddable":true,"href":"http:\/\/www.vuce.gob.ve\/index.php\/wp-json\/wp\/v2\/comments?post=2417"}],"version-history":[{"count":1,"href":"http:\/\/www.vuce.gob.ve\/index.php\/wp-json\/wp\/v2\/posts\/2417\/revisions"}],"predecessor-version":[{"id":2424,"href":"http:\/\/www.vuce.gob.ve\/index.php\/wp-json\/wp\/v2\/posts\/2417\/revisions\/2424"}],"wp:featuredmedia":[{"embeddable":true,"href":"http:\/\/www.vuce.gob.ve\/index.php\/wp-json\/wp\/v2\/media\/2418"}],"wp:attachment":[{"href":"http:\/\/www.vuce.gob.ve\/index.php\/wp-json\/wp\/v2\/media?parent=2417"}],"wp:term":[{"taxonomy":"category","embeddable":true,"href":"http:\/\/www.vuce.gob.ve\/index.php\/wp-json\/wp\/v2\/categories?post=2417"},{"taxonomy":"post_tag","embeddable":true,"href":"http:\/\/www.vuce.gob.ve\/index.php\/wp-json\/wp\/v2\/tags?post=2417"}],"curies":[{"name":"wp","href":"https:\/\/api.w.org\/{rel}","templated":true}]}}