{"id":2272,"date":"2023-01-21T13:28:33","date_gmt":"2023-01-21T13:28:33","guid":{"rendered":"http:\/\/www.vuce.gob.ve\/?p=2272"},"modified":"2025-04-18T11:24:41","modified_gmt":"2025-04-18T11:24:41","slug":"vicepresidenta-ejecutiva-participo-en-presentacion-del-proyecto-de-zee-del-estado-la-guaira","status":"publish","type":"post","link":"http:\/\/www.vuce.gob.ve\/index.php\/2023\/01\/21\/vicepresidenta-ejecutiva-participo-en-presentacion-del-proyecto-de-zee-del-estado-la-guaira\/","title":{"rendered":"Vicepresidenta Ejecutiva particip\u00f3 en presentaci\u00f3n del proyecto de ZEE del estado La Guaira"},"content":{"rendered":"\n<p>La vicepresidenta Ejecutiva de la Rep\u00fablica, Delcy Rodr\u00edguez, particip\u00f3 este viernes en la presentaci\u00f3n del proyecto de las Zonas Econ\u00f3micas Especiales (ZEE) del estado La Guaira, que se llev\u00f3 a cabo en las instalaciones del Estadio Jorge Luis Garc\u00eda Carneiro, ubicado en la parroquia Macuto.<\/p>\n\n\n\n<p>En su alocuci\u00f3n v\u00eda Zoom, Rodr\u00edguez intercambi\u00f3 experiencias, debati\u00f3 y conoci\u00f3 las expectativas de los diferentes representantes del sector empresarial de La Guaira, as\u00ed como de las autoridades regionales, en un encuentro que tambi\u00e9n cont\u00f3 con la participaci\u00f3n del gobernador de la entidad, Alejandro Ter\u00e1n, el diputado a la Asamblea Nacional (AN), Nicol\u00e1s Maduro Guerra, el viceministro de Comercio Exterior y Promoci\u00f3n de Inversiones, Johann \u00c1lvarez M\u00e1rquez, as\u00ed como empresarios de la regi\u00f3n.<\/p>\n\n\n\n<p>El objetivo de la jornada fue conversar sobre los diferentes puntos que comprende el proyecto de las ZEE, el cual busca captar e incentivar el capital nacional e internacional, para potenciar los \u00e1mbitos productivo, tur\u00edstico y econ\u00f3mico de la Patria.<\/p>\n\n\n\n<p>La actividad forma parte de los esfuerzos del Gobierno Nacional, que contin\u00faa trabajando en conjunto con el sector privado, para potenciar el resto de las Zonas Econ\u00f3micas Especiales.<br><\/p>\n\n\n\n<p>Ministerio de Finanzas<\/p>\n","protected":false},"excerpt":{"rendered":"<p>La vicepresidenta Ejecutiva de la Rep\u00fablica, Delcy Rodr\u00edguez, particip\u00f3 este viernes en la presentaci\u00f3n del proyecto de las Zonas Econ\u00f3micas Especiales (ZEE) del estado La Guaira, que se llev\u00f3 a cabo en las instalaciones del Estadio Jorge Luis Garc\u00eda Carneiro, ubicado en la parroquia Macuto. En su alocuci\u00f3n v\u00eda Zoom, Rodr\u00edguez intercambi\u00f3 experiencias, debati\u00f3 y &hellip;<\/p>\n<p class=\"read-more\"> <a class=\"\" href=\"http:\/\/www.vuce.gob.ve\/index.php\/2023\/01\/21\/vicepresidenta-ejecutiva-participo-en-presentacion-del-proyecto-de-zee-del-estado-la-guaira\/\"> <span class=\"screen-reader-text\">Vicepresidenta Ejecutiva particip\u00f3 en presentaci\u00f3n del proyecto de ZEE del estado La Guaira<\/span> Leer m\u00e1s &raquo;<\/a><\/p>\n","protected":false},"author":1,"featured_media":2273,"comment_status":"closed","ping_status":"open","sticky":false,"template":"","format":"standard","meta":{"site-sidebar-layout":"default","site-content-layout":"default","ast-global-header-display":"","ast-main-header-display":"","ast-hfb-above-header-display":"","ast-hfb-below-header-display":"","ast-hfb-mobile-header-display":"","site-post-title":"","ast-breadcrumbs-content":"","ast-featured-img":"","footer-sml-layout":"","theme-transparent-header-meta":"","adv-header-id-meta":"","stick-header-meta":"","header-above-stick-meta":"","header-main-stick-meta":"","header-below-stick-meta":"","footnotes":""},"categories":[10],"tags":[55,54],"class_list":["post-2272","post","type-post","status-publish","format-standard","has-post-thumbnail","hentry","category-noticias","tag-delcy-rodriguez","tag-zee"],"yoast_head":"<!-- This site is optimized with the Yoast SEO plugin v25.7 - https:\/\/yoast.com\/wordpress\/plugins\/seo\/ -->\n<title>Vicepresidenta Ejecutiva particip\u00f3 en presentaci\u00f3n del proyecto de ZEE del estado La Guaira<\/title>\n<meta name=\"description\" content=\"La vicepresidenta Ejecutiva de la Rep\u00fablica, Delcy Rodr\u00edguez, particip\u00f3 este viernes en la presentaci\u00f3n del proyecto de las Zonas Econ\u00f3micas Especiales\" \/>\n<meta name=\"robots\" content=\"index, follow, max-snippet:-1, max-image-preview:large, max-video-preview:-1\" \/>\n<link rel=\"canonical\" href=\"http:\/\/www.vuce.gob.ve\/index.php\/2023\/01\/21\/vicepresidenta-ejecutiva-participo-en-presentacion-del-proyecto-de-zee-del-estado-la-guaira\/\" \/>\n<meta property=\"og:locale\" content=\"es_ES\" \/>\n<meta property=\"og:type\" content=\"article\" \/>\n<meta property=\"og:title\" content=\"Vicepresidenta Ejecutiva particip\u00f3 en presentaci\u00f3n del proyecto de ZEE del estado La Guaira\" \/>\n<meta property=\"og:description\" content=\"La vicepresidenta Ejecutiva de la Rep\u00fablica, Delcy Rodr\u00edguez, particip\u00f3 este viernes en la presentaci\u00f3n del proyecto de las Zonas Econ\u00f3micas Especiales\" \/>\n<meta property=\"og:url\" content=\"http:\/\/www.vuce.gob.ve\/index.php\/2023\/01\/21\/vicepresidenta-ejecutiva-participo-en-presentacion-del-proyecto-de-zee-del-estado-la-guaira\/\" \/>\n<meta property=\"og:site_name\" content=\"Portal VUCE\" \/>\n<meta property=\"article:publisher\" content=\"https:\/\/www.instagram.com\/vucevzla\/\" \/>\n<meta property=\"article:published_time\" content=\"2023-01-21T13:28:33+00:00\" \/>\n<meta property=\"article:modified_time\" content=\"2025-04-18T11:24:41+00:00\" \/>\n<meta property=\"og:image\" content=\"http:\/\/www.vuce.gob.ve\/wp-content\/uploads\/2023\/01\/zee-la-guaira-delcy-rodriguez-johann-alvarez.jpg\" \/>\n\t<meta property=\"og:image:width\" content=\"990\" \/>\n\t<meta property=\"og:image:height\" content=\"556\" \/>\n\t<meta property=\"og:image:type\" content=\"image\/jpeg\" \/>\n<meta name=\"author\" content=\"prensaVuce\" \/>\n<meta name=\"twitter:card\" content=\"summary_large_image\" \/>\n<meta name=\"twitter:label1\" content=\"Escrito por\" \/>\n\t<meta name=\"twitter:data1\" content=\"prensaVuce\" \/>\n\t<meta name=\"twitter:label2\" content=\"Tiempo de lectura\" \/>\n\t<meta name=\"twitter:data2\" content=\"1 minuto\" \/>\n<script type=\"application\/ld+json\" class=\"yoast-schema-graph\">{\"@context\":\"https:\/\/schema.org\",\"@graph\":[{\"@type\":\"Article\",\"@id\":\"http:\/\/www.vuce.gob.ve\/index.php\/2023\/01\/21\/vicepresidenta-ejecutiva-participo-en-presentacion-del-proyecto-de-zee-del-estado-la-guaira\/#article\",\"isPartOf\":{\"@id\":\"http:\/\/www.vuce.gob.ve\/index.php\/2023\/01\/21\/vicepresidenta-ejecutiva-participo-en-presentacion-del-proyecto-de-zee-del-estado-la-guaira\/\"},\"author\":{\"name\":\"prensaVuce\",\"@id\":\"http:\/\/www.vuce.gob.ve\/#\/schema\/person\/9948ccf612f79fdf2574612b10a3ed07\"},\"headline\":\"Vicepresidenta Ejecutiva particip\u00f3 en presentaci\u00f3n del proyecto de ZEE del estado La Guaira\",\"datePublished\":\"2023-01-21T13:28:33+00:00\",\"dateModified\":\"2025-04-18T11:24:41+00:00\",\"mainEntityOfPage\":{\"@id\":\"http:\/\/www.vuce.gob.ve\/index.php\/2023\/01\/21\/vicepresidenta-ejecutiva-participo-en-presentacion-del-proyecto-de-zee-del-estado-la-guaira\/\"},\"wordCount\":222,\"publisher\":{\"@id\":\"http:\/\/www.vuce.gob.ve\/#organization\"},\"image\":{\"@id\":\"http:\/\/www.vuce.gob.ve\/index.php\/2023\/01\/21\/vicepresidenta-ejecutiva-participo-en-presentacion-del-proyecto-de-zee-del-estado-la-guaira\/#primaryimage\"},\"thumbnailUrl\":\"http:\/\/www.vuce.gob.ve\/wp-content\/uploads\/2023\/01\/zee-la-guaira-delcy-rodriguez-johann-alvarez.jpg\",\"keywords\":[\"delcy rodriguez\",\"zee\"],\"articleSection\":[\"Noticias\"],\"inLanguage\":\"es\"},{\"@type\":\"WebPage\",\"@id\":\"http:\/\/www.vuce.gob.ve\/index.php\/2023\/01\/21\/vicepresidenta-ejecutiva-participo-en-presentacion-del-proyecto-de-zee-del-estado-la-guaira\/\",\"url\":\"http:\/\/www.vuce.gob.ve\/index.php\/2023\/01\/21\/vicepresidenta-ejecutiva-participo-en-presentacion-del-proyecto-de-zee-del-estado-la-guaira\/\",\"name\":\"Vicepresidenta Ejecutiva particip\u00f3 en presentaci\u00f3n del proyecto de ZEE del estado La Guaira\",\"isPartOf\":{\"@id\":\"http:\/\/www.vuce.gob.ve\/#website\"},\"primaryImageOfPage\":{\"@id\":\"http:\/\/www.vuce.gob.ve\/index.php\/2023\/01\/21\/vicepresidenta-ejecutiva-participo-en-presentacion-del-proyecto-de-zee-del-estado-la-guaira\/#primaryimage\"},\"image\":{\"@id\":\"http:\/\/www.vuce.gob.ve\/index.php\/2023\/01\/21\/vicepresidenta-ejecutiva-participo-en-presentacion-del-proyecto-de-zee-del-estado-la-guaira\/#primaryimage\"},\"thumbnailUrl\":\"http:\/\/www.vuce.gob.ve\/wp-content\/uploads\/2023\/01\/zee-la-guaira-delcy-rodriguez-johann-alvarez.jpg\",\"datePublished\":\"2023-01-21T13:28:33+00:00\",\"dateModified\":\"2025-04-18T11:24:41+00:00\",\"description\":\"La vicepresidenta Ejecutiva de la Rep\u00fablica, Delcy Rodr\u00edguez, particip\u00f3 este viernes en la presentaci\u00f3n del proyecto de las Zonas Econ\u00f3micas Especiales\",\"breadcrumb\":{\"@id\":\"http:\/\/www.vuce.gob.ve\/index.php\/2023\/01\/21\/vicepresidenta-ejecutiva-participo-en-presentacion-del-proyecto-de-zee-del-estado-la-guaira\/#breadcrumb\"},\"inLanguage\":\"es\",\"potentialAction\":[{\"@type\":\"ReadAction\",\"target\":[\"http:\/\/www.vuce.gob.ve\/index.php\/2023\/01\/21\/vicepresidenta-ejecutiva-participo-en-presentacion-del-proyecto-de-zee-del-estado-la-guaira\/\"]}]},{\"@type\":\"ImageObject\",\"inLanguage\":\"es\",\"@id\":\"http:\/\/www.vuce.gob.ve\/index.php\/2023\/01\/21\/vicepresidenta-ejecutiva-participo-en-presentacion-del-proyecto-de-zee-del-estado-la-guaira\/#primaryimage\",\"url\":\"http:\/\/www.vuce.gob.ve\/wp-content\/uploads\/2023\/01\/zee-la-guaira-delcy-rodriguez-johann-alvarez.jpg\",\"contentUrl\":\"http:\/\/www.vuce.gob.ve\/wp-content\/uploads\/2023\/01\/zee-la-guaira-delcy-rodriguez-johann-alvarez.jpg\",\"width\":990,\"height\":556},{\"@type\":\"BreadcrumbList\",\"@id\":\"http:\/\/www.vuce.gob.ve\/index.php\/2023\/01\/21\/vicepresidenta-ejecutiva-participo-en-presentacion-del-proyecto-de-zee-del-estado-la-guaira\/#breadcrumb\",\"itemListElement\":[{\"@type\":\"ListItem\",\"position\":1,\"name\":\"Portada\",\"item\":\"http:\/\/www.vuce.gob.ve\/\"},{\"@type\":\"ListItem\",\"position\":2,\"name\":\"Vicepresidenta Ejecutiva particip\u00f3 en presentaci\u00f3n del proyecto de ZEE del estado La Guaira\"}]},{\"@type\":\"WebSite\",\"@id\":\"http:\/\/www.vuce.gob.ve\/#website\",\"url\":\"http:\/\/www.vuce.gob.ve\/\",\"name\":\"Portal VUCE\",\"description\":\"Ventanilla \u00danica de Comercio Exterior\",\"publisher\":{\"@id\":\"http:\/\/www.vuce.gob.ve\/#organization\"},\"potentialAction\":[{\"@type\":\"SearchAction\",\"target\":{\"@type\":\"EntryPoint\",\"urlTemplate\":\"http:\/\/www.vuce.gob.ve\/?s={search_term_string}\"},\"query-input\":{\"@type\":\"PropertyValueSpecification\",\"valueRequired\":true,\"valueName\":\"search_term_string\"}}],\"inLanguage\":\"es\"},{\"@type\":\"Organization\",\"@id\":\"http:\/\/www.vuce.gob.ve\/#organization\",\"name\":\"Portal VUCE\",\"url\":\"http:\/\/www.vuce.gob.ve\/\",\"logo\":{\"@type\":\"ImageObject\",\"inLanguage\":\"es\",\"@id\":\"http:\/\/www.vuce.gob.ve\/#\/schema\/logo\/image\/\",\"url\":\"http:\/\/www.vuce.gob.ve\/wp-content\/uploads\/2022\/04\/logo-1.png\",\"contentUrl\":\"http:\/\/www.vuce.gob.ve\/wp-content\/uploads\/2022\/04\/logo-1.png\",\"width\":625,\"height\":130,\"caption\":\"Portal VUCE\"},\"image\":{\"@id\":\"http:\/\/www.vuce.gob.ve\/#\/schema\/logo\/image\/\"},\"sameAs\":[\"https:\/\/www.instagram.com\/vucevzla\/\"]},{\"@type\":\"Person\",\"@id\":\"http:\/\/www.vuce.gob.ve\/#\/schema\/person\/9948ccf612f79fdf2574612b10a3ed07\",\"name\":\"prensaVuce\",\"image\":{\"@type\":\"ImageObject\",\"inLanguage\":\"es\",\"@id\":\"http:\/\/www.vuce.gob.ve\/#\/schema\/person\/image\/\",\"url\":\"http:\/\/www.vuce.gob.ve\/wp-content\/litespeed\/avatar\/aa32f7598b0f2a0b2a870e50d786d9f3.jpg?ver=1777417623\",\"contentUrl\":\"http:\/\/www.vuce.gob.ve\/wp-content\/litespeed\/avatar\/aa32f7598b0f2a0b2a870e50d786d9f3.jpg?ver=1777417623\",\"caption\":\"prensaVuce\"},\"sameAs\":[\"http:\/\/172.30.211.18\/wordpress\"]}]}<\/script>\n<!-- \/ Yoast SEO plugin. -->","yoast_head_json":{"title":"Vicepresidenta Ejecutiva particip\u00f3 en presentaci\u00f3n del proyecto de ZEE del estado La Guaira","description":"La vicepresidenta Ejecutiva de la Rep\u00fablica, Delcy Rodr\u00edguez, particip\u00f3 este viernes en la presentaci\u00f3n del proyecto de las Zonas Econ\u00f3micas Especiales","robots":{"index":"index","follow":"follow","max-snippet":"max-snippet:-1","max-image-preview":"max-image-preview:large","max-video-preview":"max-video-preview:-1"},"canonical":"http:\/\/www.vuce.gob.ve\/index.php\/2023\/01\/21\/vicepresidenta-ejecutiva-participo-en-presentacion-del-proyecto-de-zee-del-estado-la-guaira\/","og_locale":"es_ES","og_type":"article","og_title":"Vicepresidenta Ejecutiva particip\u00f3 en presentaci\u00f3n del proyecto de ZEE del estado La Guaira","og_description":"La vicepresidenta Ejecutiva de la Rep\u00fablica, Delcy Rodr\u00edguez, particip\u00f3 este viernes en la presentaci\u00f3n del proyecto de las Zonas Econ\u00f3micas Especiales","og_url":"http:\/\/www.vuce.gob.ve\/index.php\/2023\/01\/21\/vicepresidenta-ejecutiva-participo-en-presentacion-del-proyecto-de-zee-del-estado-la-guaira\/","og_site_name":"Portal VUCE","article_publisher":"https:\/\/www.instagram.com\/vucevzla\/","article_published_time":"2023-01-21T13:28:33+00:00","article_modified_time":"2025-04-18T11:24:41+00:00","og_image":[{"width":990,"height":556,"url":"http:\/\/www.vuce.gob.ve\/wp-content\/uploads\/2023\/01\/zee-la-guaira-delcy-rodriguez-johann-alvarez.jpg","type":"image\/jpeg"}],"author":"prensaVuce","twitter_card":"summary_large_image","twitter_misc":{"Escrito por":"prensaVuce","Tiempo de lectura":"1 minuto"},"schema":{"@context":"https:\/\/schema.org","@graph":[{"@type":"Article","@id":"http:\/\/www.vuce.gob.ve\/index.php\/2023\/01\/21\/vicepresidenta-ejecutiva-participo-en-presentacion-del-proyecto-de-zee-del-estado-la-guaira\/#article","isPartOf":{"@id":"http:\/\/www.vuce.gob.ve\/index.php\/2023\/01\/21\/vicepresidenta-ejecutiva-participo-en-presentacion-del-proyecto-de-zee-del-estado-la-guaira\/"},"author":{"name":"prensaVuce","@id":"http:\/\/www.vuce.gob.ve\/#\/schema\/person\/9948ccf612f79fdf2574612b10a3ed07"},"headline":"Vicepresidenta Ejecutiva particip\u00f3 en presentaci\u00f3n del proyecto de ZEE del estado La Guaira","datePublished":"2023-01-21T13:28:33+00:00","dateModified":"2025-04-18T11:24:41+00:00","mainEntityOfPage":{"@id":"http:\/\/www.vuce.gob.ve\/index.php\/2023\/01\/21\/vicepresidenta-ejecutiva-participo-en-presentacion-del-proyecto-de-zee-del-estado-la-guaira\/"},"wordCount":222,"publisher":{"@id":"http:\/\/www.vuce.gob.ve\/#organization"},"image":{"@id":"http:\/\/www.vuce.gob.ve\/index.php\/2023\/01\/21\/vicepresidenta-ejecutiva-participo-en-presentacion-del-proyecto-de-zee-del-estado-la-guaira\/#primaryimage"},"thumbnailUrl":"http:\/\/www.vuce.gob.ve\/wp-content\/uploads\/2023\/01\/zee-la-guaira-delcy-rodriguez-johann-alvarez.jpg","keywords":["delcy rodriguez","zee"],"articleSection":["Noticias"],"inLanguage":"es"},{"@type":"WebPage","@id":"http:\/\/www.vuce.gob.ve\/index.php\/2023\/01\/21\/vicepresidenta-ejecutiva-participo-en-presentacion-del-proyecto-de-zee-del-estado-la-guaira\/","url":"http:\/\/www.vuce.gob.ve\/index.php\/2023\/01\/21\/vicepresidenta-ejecutiva-participo-en-presentacion-del-proyecto-de-zee-del-estado-la-guaira\/","name":"Vicepresidenta Ejecutiva particip\u00f3 en presentaci\u00f3n del proyecto de ZEE del estado La Guaira","isPartOf":{"@id":"http:\/\/www.vuce.gob.ve\/#website"},"primaryImageOfPage":{"@id":"http:\/\/www.vuce.gob.ve\/index.php\/2023\/01\/21\/vicepresidenta-ejecutiva-participo-en-presentacion-del-proyecto-de-zee-del-estado-la-guaira\/#primaryimage"},"image":{"@id":"http:\/\/www.vuce.gob.ve\/index.php\/2023\/01\/21\/vicepresidenta-ejecutiva-participo-en-presentacion-del-proyecto-de-zee-del-estado-la-guaira\/#primaryimage"},"thumbnailUrl":"http:\/\/www.vuce.gob.ve\/wp-content\/uploads\/2023\/01\/zee-la-guaira-delcy-rodriguez-johann-alvarez.jpg","datePublished":"2023-01-21T13:28:33+00:00","dateModified":"2025-04-18T11:24:41+00:00","description":"La vicepresidenta Ejecutiva de la Rep\u00fablica, Delcy Rodr\u00edguez, particip\u00f3 este viernes en la presentaci\u00f3n del proyecto de las Zonas Econ\u00f3micas Especiales","breadcrumb":{"@id":"http:\/\/www.vuce.gob.ve\/index.php\/2023\/01\/21\/vicepresidenta-ejecutiva-participo-en-presentacion-del-proyecto-de-zee-del-estado-la-guaira\/#breadcrumb"},"inLanguage":"es","potentialAction":[{"@type":"ReadAction","target":["http:\/\/www.vuce.gob.ve\/index.php\/2023\/01\/21\/vicepresidenta-ejecutiva-participo-en-presentacion-del-proyecto-de-zee-del-estado-la-guaira\/"]}]},{"@type":"ImageObject","inLanguage":"es","@id":"http:\/\/www.vuce.gob.ve\/index.php\/2023\/01\/21\/vicepresidenta-ejecutiva-participo-en-presentacion-del-proyecto-de-zee-del-estado-la-guaira\/#primaryimage","url":"http:\/\/www.vuce.gob.ve\/wp-content\/uploads\/2023\/01\/zee-la-guaira-delcy-rodriguez-johann-alvarez.jpg","contentUrl":"http:\/\/www.vuce.gob.ve\/wp-content\/uploads\/2023\/01\/zee-la-guaira-delcy-rodriguez-johann-alvarez.jpg","width":990,"height":556},{"@type":"BreadcrumbList","@id":"http:\/\/www.vuce.gob.ve\/index.php\/2023\/01\/21\/vicepresidenta-ejecutiva-participo-en-presentacion-del-proyecto-de-zee-del-estado-la-guaira\/#breadcrumb","itemListElement":[{"@type":"ListItem","position":1,"name":"Portada","item":"http:\/\/www.vuce.gob.ve\/"},{"@type":"ListItem","position":2,"name":"Vicepresidenta Ejecutiva particip\u00f3 en presentaci\u00f3n del proyecto de ZEE del estado La Guaira"}]},{"@type":"WebSite","@id":"http:\/\/www.vuce.gob.ve\/#website","url":"http:\/\/www.vuce.gob.ve\/","name":"Portal VUCE","description":"Ventanilla \u00danica de Comercio Exterior","publisher":{"@id":"http:\/\/www.vuce.gob.ve\/#organization"},"potentialAction":[{"@type":"SearchAction","target":{"@type":"EntryPoint","urlTemplate":"http:\/\/www.vuce.gob.ve\/?s={search_term_string}"},"query-input":{"@type":"PropertyValueSpecification","valueRequired":true,"valueName":"search_term_string"}}],"inLanguage":"es"},{"@type":"Organization","@id":"http:\/\/www.vuce.gob.ve\/#organization","name":"Portal VUCE","url":"http:\/\/www.vuce.gob.ve\/","logo":{"@type":"ImageObject","inLanguage":"es","@id":"http:\/\/www.vuce.gob.ve\/#\/schema\/logo\/image\/","url":"http:\/\/www.vuce.gob.ve\/wp-content\/uploads\/2022\/04\/logo-1.png","contentUrl":"http:\/\/www.vuce.gob.ve\/wp-content\/uploads\/2022\/04\/logo-1.png","width":625,"height":130,"caption":"Portal VUCE"},"image":{"@id":"http:\/\/www.vuce.gob.ve\/#\/schema\/logo\/image\/"},"sameAs":["https:\/\/www.instagram.com\/vucevzla\/"]},{"@type":"Person","@id":"http:\/\/www.vuce.gob.ve\/#\/schema\/person\/9948ccf612f79fdf2574612b10a3ed07","name":"prensaVuce","image":{"@type":"ImageObject","inLanguage":"es","@id":"http:\/\/www.vuce.gob.ve\/#\/schema\/person\/image\/","url":"http:\/\/www.vuce.gob.ve\/wp-content\/litespeed\/avatar\/aa32f7598b0f2a0b2a870e50d786d9f3.jpg?ver=1777417623","contentUrl":"http:\/\/www.vuce.gob.ve\/wp-content\/litespeed\/avatar\/aa32f7598b0f2a0b2a870e50d786d9f3.jpg?ver=1777417623","caption":"prensaVuce"},"sameAs":["http:\/\/172.30.211.18\/wordpress"]}]}},"_links":{"self":[{"href":"http:\/\/www.vuce.gob.ve\/index.php\/wp-json\/wp\/v2\/posts\/2272","targetHints":{"allow":["GET"]}}],"collection":[{"href":"http:\/\/www.vuce.gob.ve\/index.php\/wp-json\/wp\/v2\/posts"}],"about":[{"href":"http:\/\/www.vuce.gob.ve\/index.php\/wp-json\/wp\/v2\/types\/post"}],"author":[{"embeddable":true,"href":"http:\/\/www.vuce.gob.ve\/index.php\/wp-json\/wp\/v2\/users\/1"}],"replies":[{"embeddable":true,"href":"http:\/\/www.vuce.gob.ve\/index.php\/wp-json\/wp\/v2\/comments?post=2272"}],"version-history":[{"count":2,"href":"http:\/\/www.vuce.gob.ve\/index.php\/wp-json\/wp\/v2\/posts\/2272\/revisions"}],"predecessor-version":[{"id":2275,"href":"http:\/\/www.vuce.gob.ve\/index.php\/wp-json\/wp\/v2\/posts\/2272\/revisions\/2275"}],"wp:featuredmedia":[{"embeddable":true,"href":"http:\/\/www.vuce.gob.ve\/index.php\/wp-json\/wp\/v2\/media\/2273"}],"wp:attachment":[{"href":"http:\/\/www.vuce.gob.ve\/index.php\/wp-json\/wp\/v2\/media?parent=2272"}],"wp:term":[{"taxonomy":"category","embeddable":true,"href":"http:\/\/www.vuce.gob.ve\/index.php\/wp-json\/wp\/v2\/categories?post=2272"},{"taxonomy":"post_tag","embeddable":true,"href":"http:\/\/www.vuce.gob.ve\/index.php\/wp-json\/wp\/v2\/tags?post=2272"}],"curies":[{"name":"wp","href":"https:\/\/api.w.org\/{rel}","templated":true}]}}