{"id":2159,"date":"2022-12-28T15:10:26","date_gmt":"2022-12-28T15:10:26","guid":{"rendered":"http:\/\/www.vuce.gob.ve\/?p=2159"},"modified":"2025-04-18T11:24:42","modified_gmt":"2025-04-18T11:24:42","slug":"intercambio-comercial-entre-venezuela-y-colombia-aumento-a-600-millones","status":"publish","type":"post","link":"http:\/\/www.vuce.gob.ve\/index.php\/2022\/12\/28\/intercambio-comercial-entre-venezuela-y-colombia-aumento-a-600-millones\/","title":{"rendered":"Intercambio comercial entre Venezuela y Colombia aument\u00f3 a $600 millones"},"content":{"rendered":"\n<p>El intercambio comercial entre Colombia y Venezuela aument\u00f3 a 600 millones de d\u00f3lares durante el mes de diciembre, seg\u00fan Isabel Castillo, representante de la C\u00e1mara de Comercio del estado T\u00e1chira.<\/p>\n\n\n\n<p>El 26 de septiembre del 2022, el presidente de la Rep\u00fablica, Nicol\u00e1s Maduro, y su hom\u00f3logo de Colombia, Gustavo Petro, reabrieron la frontera com\u00fan para el comercio.<\/p>\n\n\n\n<p>Desde la apertura comercial de la frontera, aument\u00f3 la movilizaci\u00f3n comercial entre ambos pa\u00edses. El Jefe de Estado venezolano anunci\u00f3 que la apertura total, ser\u00e1 a partir del primero de enero de 2023.<\/p>\n\n\n\n<p>En este sentido, el ministro de Transporte de Colombia, Guillermo Reyes, public\u00f3 en su cuenta de Twitter (@MinistroReyes): \u201cHoy queremos informarle a todo el pa\u00eds, que despu\u00e9s de meses del trabajo junto con el gobierno de Venezuela, est\u00e1 todo listo para reabrir el puente internacional de Tienditas, una noticia que muestra la promesa que ten\u00edamos desde el Gobierno de Cambio\u201d.<\/p>\n\n\n\n<p>Tienditas se utilizar\u00e1 para el paso vehicular de intercambio comercial, y los puentes Sim\u00f3n Bol\u00edvar y Francisco de Paula Santander, quedar\u00e1n \u00fanicamente para el tr\u00e1nsito peatonal, de motos, y de transporte p\u00fablico y privado.<\/p>\n\n\n\n<p>La representante de la C\u00e1mara de Comercio del estado T\u00e1chira tiene muchas esperanzas tras la habilitaci\u00f3n del tercer puente Las Tienditas, que entrar\u00e1 en pleno funcionamiento, a partir del primero de enero de 2023.<\/p>\n\n\n\n<p><br>VTV<\/p>\n","protected":false},"excerpt":{"rendered":"<p>El intercambio comercial entre Colombia y Venezuela aument\u00f3 a 600 millones de d\u00f3lares durante el mes de diciembre, seg\u00fan Isabel Castillo, representante de la C\u00e1mara de Comercio del estado T\u00e1chira. El 26 de septiembre del 2022, el presidente de la Rep\u00fablica, Nicol\u00e1s Maduro, y su hom\u00f3logo de Colombia, Gustavo Petro, reabrieron la frontera com\u00fan para &hellip;<\/p>\n<p class=\"read-more\"> <a class=\"\" href=\"http:\/\/www.vuce.gob.ve\/index.php\/2022\/12\/28\/intercambio-comercial-entre-venezuela-y-colombia-aumento-a-600-millones\/\"> <span class=\"screen-reader-text\">Intercambio comercial entre Venezuela y Colombia aument\u00f3 a $600 millones<\/span> Leer m\u00e1s &raquo;<\/a><\/p>\n","protected":false},"author":1,"featured_media":2160,"comment_status":"closed","ping_status":"open","sticky":false,"template":"","format":"standard","meta":{"site-sidebar-layout":"default","site-content-layout":"default","ast-global-header-display":"","ast-main-header-display":"","ast-hfb-above-header-display":"","ast-hfb-below-header-display":"","ast-hfb-mobile-header-display":"","site-post-title":"","ast-breadcrumbs-content":"","ast-featured-img":"","footer-sml-layout":"","theme-transparent-header-meta":"","adv-header-id-meta":"","stick-header-meta":"","header-above-stick-meta":"","header-main-stick-meta":"","header-below-stick-meta":"","footnotes":""},"categories":[10],"tags":[],"class_list":["post-2159","post","type-post","status-publish","format-standard","has-post-thumbnail","hentry","category-noticias"],"yoast_head":"<!-- This site is optimized with the Yoast SEO plugin v25.7 - https:\/\/yoast.com\/wordpress\/plugins\/seo\/ -->\n<title>Intercambio comercial entre Venezuela y Colombia aument\u00f3 a $600 millones<\/title>\n<meta name=\"description\" content=\"El intercambio comercial entre Colombia y Venezuela aument\u00f3 a 600 millones de d\u00f3lares durante el mes de diciembre, seg\u00fan Isabel Castillo, representante de\" \/>\n<meta name=\"robots\" content=\"index, follow, max-snippet:-1, max-image-preview:large, max-video-preview:-1\" \/>\n<link rel=\"canonical\" href=\"http:\/\/www.vuce.gob.ve\/index.php\/2022\/12\/28\/intercambio-comercial-entre-venezuela-y-colombia-aumento-a-600-millones\/\" \/>\n<meta property=\"og:locale\" content=\"es_ES\" \/>\n<meta property=\"og:type\" content=\"article\" \/>\n<meta property=\"og:title\" content=\"Intercambio comercial entre Venezuela y Colombia aument\u00f3 a $600 millones\" \/>\n<meta property=\"og:description\" content=\"El intercambio comercial entre Colombia y Venezuela aument\u00f3 a 600 millones de d\u00f3lares durante el mes de diciembre, seg\u00fan Isabel Castillo, representante de\" \/>\n<meta property=\"og:url\" content=\"http:\/\/www.vuce.gob.ve\/index.php\/2022\/12\/28\/intercambio-comercial-entre-venezuela-y-colombia-aumento-a-600-millones\/\" \/>\n<meta property=\"og:site_name\" content=\"Portal VUCE\" \/>\n<meta property=\"article:publisher\" content=\"https:\/\/www.instagram.com\/vucevzla\/\" \/>\n<meta property=\"article:published_time\" content=\"2022-12-28T15:10:26+00:00\" \/>\n<meta property=\"article:modified_time\" content=\"2025-04-18T11:24:42+00:00\" \/>\n<meta property=\"og:image\" content=\"http:\/\/www.vuce.gob.ve\/wp-content\/uploads\/2022\/12\/Frontera.jpeg\" \/>\n\t<meta property=\"og:image:width\" content=\"800\" \/>\n\t<meta property=\"og:image:height\" content=\"445\" \/>\n\t<meta property=\"og:image:type\" content=\"image\/jpeg\" \/>\n<meta name=\"author\" content=\"prensaVuce\" \/>\n<meta name=\"twitter:card\" content=\"summary_large_image\" \/>\n<meta name=\"twitter:label1\" content=\"Escrito por\" \/>\n\t<meta name=\"twitter:data1\" content=\"prensaVuce\" \/>\n\t<meta name=\"twitter:label2\" content=\"Tiempo de lectura\" \/>\n\t<meta name=\"twitter:data2\" content=\"1 minuto\" \/>\n<script type=\"application\/ld+json\" class=\"yoast-schema-graph\">{\"@context\":\"https:\/\/schema.org\",\"@graph\":[{\"@type\":\"Article\",\"@id\":\"http:\/\/www.vuce.gob.ve\/index.php\/2022\/12\/28\/intercambio-comercial-entre-venezuela-y-colombia-aumento-a-600-millones\/#article\",\"isPartOf\":{\"@id\":\"http:\/\/www.vuce.gob.ve\/index.php\/2022\/12\/28\/intercambio-comercial-entre-venezuela-y-colombia-aumento-a-600-millones\/\"},\"author\":{\"name\":\"prensaVuce\",\"@id\":\"http:\/\/www.vuce.gob.ve\/#\/schema\/person\/9948ccf612f79fdf2574612b10a3ed07\"},\"headline\":\"Intercambio comercial entre Venezuela y Colombia aument\u00f3 a $600 millones\",\"datePublished\":\"2022-12-28T15:10:26+00:00\",\"dateModified\":\"2025-04-18T11:24:42+00:00\",\"mainEntityOfPage\":{\"@id\":\"http:\/\/www.vuce.gob.ve\/index.php\/2022\/12\/28\/intercambio-comercial-entre-venezuela-y-colombia-aumento-a-600-millones\/\"},\"wordCount\":244,\"publisher\":{\"@id\":\"http:\/\/www.vuce.gob.ve\/#organization\"},\"image\":{\"@id\":\"http:\/\/www.vuce.gob.ve\/index.php\/2022\/12\/28\/intercambio-comercial-entre-venezuela-y-colombia-aumento-a-600-millones\/#primaryimage\"},\"thumbnailUrl\":\"http:\/\/www.vuce.gob.ve\/wp-content\/uploads\/2022\/12\/Frontera.jpeg\",\"articleSection\":[\"Noticias\"],\"inLanguage\":\"es\"},{\"@type\":\"WebPage\",\"@id\":\"http:\/\/www.vuce.gob.ve\/index.php\/2022\/12\/28\/intercambio-comercial-entre-venezuela-y-colombia-aumento-a-600-millones\/\",\"url\":\"http:\/\/www.vuce.gob.ve\/index.php\/2022\/12\/28\/intercambio-comercial-entre-venezuela-y-colombia-aumento-a-600-millones\/\",\"name\":\"Intercambio comercial entre Venezuela y Colombia aument\u00f3 a $600 millones\",\"isPartOf\":{\"@id\":\"http:\/\/www.vuce.gob.ve\/#website\"},\"primaryImageOfPage\":{\"@id\":\"http:\/\/www.vuce.gob.ve\/index.php\/2022\/12\/28\/intercambio-comercial-entre-venezuela-y-colombia-aumento-a-600-millones\/#primaryimage\"},\"image\":{\"@id\":\"http:\/\/www.vuce.gob.ve\/index.php\/2022\/12\/28\/intercambio-comercial-entre-venezuela-y-colombia-aumento-a-600-millones\/#primaryimage\"},\"thumbnailUrl\":\"http:\/\/www.vuce.gob.ve\/wp-content\/uploads\/2022\/12\/Frontera.jpeg\",\"datePublished\":\"2022-12-28T15:10:26+00:00\",\"dateModified\":\"2025-04-18T11:24:42+00:00\",\"description\":\"El intercambio comercial entre Colombia y Venezuela aument\u00f3 a 600 millones de d\u00f3lares durante el mes de diciembre, seg\u00fan Isabel Castillo, representante de\",\"breadcrumb\":{\"@id\":\"http:\/\/www.vuce.gob.ve\/index.php\/2022\/12\/28\/intercambio-comercial-entre-venezuela-y-colombia-aumento-a-600-millones\/#breadcrumb\"},\"inLanguage\":\"es\",\"potentialAction\":[{\"@type\":\"ReadAction\",\"target\":[\"http:\/\/www.vuce.gob.ve\/index.php\/2022\/12\/28\/intercambio-comercial-entre-venezuela-y-colombia-aumento-a-600-millones\/\"]}]},{\"@type\":\"ImageObject\",\"inLanguage\":\"es\",\"@id\":\"http:\/\/www.vuce.gob.ve\/index.php\/2022\/12\/28\/intercambio-comercial-entre-venezuela-y-colombia-aumento-a-600-millones\/#primaryimage\",\"url\":\"http:\/\/www.vuce.gob.ve\/wp-content\/uploads\/2022\/12\/Frontera.jpeg\",\"contentUrl\":\"http:\/\/www.vuce.gob.ve\/wp-content\/uploads\/2022\/12\/Frontera.jpeg\",\"width\":800,\"height\":445},{\"@type\":\"BreadcrumbList\",\"@id\":\"http:\/\/www.vuce.gob.ve\/index.php\/2022\/12\/28\/intercambio-comercial-entre-venezuela-y-colombia-aumento-a-600-millones\/#breadcrumb\",\"itemListElement\":[{\"@type\":\"ListItem\",\"position\":1,\"name\":\"Portada\",\"item\":\"http:\/\/www.vuce.gob.ve\/\"},{\"@type\":\"ListItem\",\"position\":2,\"name\":\"Intercambio comercial entre Venezuela y Colombia aument\u00f3 a $600 millones\"}]},{\"@type\":\"WebSite\",\"@id\":\"http:\/\/www.vuce.gob.ve\/#website\",\"url\":\"http:\/\/www.vuce.gob.ve\/\",\"name\":\"Portal VUCE\",\"description\":\"Ventanilla \u00danica de Comercio Exterior\",\"publisher\":{\"@id\":\"http:\/\/www.vuce.gob.ve\/#organization\"},\"potentialAction\":[{\"@type\":\"SearchAction\",\"target\":{\"@type\":\"EntryPoint\",\"urlTemplate\":\"http:\/\/www.vuce.gob.ve\/?s={search_term_string}\"},\"query-input\":{\"@type\":\"PropertyValueSpecification\",\"valueRequired\":true,\"valueName\":\"search_term_string\"}}],\"inLanguage\":\"es\"},{\"@type\":\"Organization\",\"@id\":\"http:\/\/www.vuce.gob.ve\/#organization\",\"name\":\"Portal VUCE\",\"url\":\"http:\/\/www.vuce.gob.ve\/\",\"logo\":{\"@type\":\"ImageObject\",\"inLanguage\":\"es\",\"@id\":\"http:\/\/www.vuce.gob.ve\/#\/schema\/logo\/image\/\",\"url\":\"http:\/\/www.vuce.gob.ve\/wp-content\/uploads\/2022\/04\/logo-1.png\",\"contentUrl\":\"http:\/\/www.vuce.gob.ve\/wp-content\/uploads\/2022\/04\/logo-1.png\",\"width\":625,\"height\":130,\"caption\":\"Portal VUCE\"},\"image\":{\"@id\":\"http:\/\/www.vuce.gob.ve\/#\/schema\/logo\/image\/\"},\"sameAs\":[\"https:\/\/www.instagram.com\/vucevzla\/\"]},{\"@type\":\"Person\",\"@id\":\"http:\/\/www.vuce.gob.ve\/#\/schema\/person\/9948ccf612f79fdf2574612b10a3ed07\",\"name\":\"prensaVuce\",\"image\":{\"@type\":\"ImageObject\",\"inLanguage\":\"es\",\"@id\":\"http:\/\/www.vuce.gob.ve\/#\/schema\/person\/image\/\",\"url\":\"http:\/\/www.vuce.gob.ve\/wp-content\/litespeed\/avatar\/aa32f7598b0f2a0b2a870e50d786d9f3.jpg?ver=1777417623\",\"contentUrl\":\"http:\/\/www.vuce.gob.ve\/wp-content\/litespeed\/avatar\/aa32f7598b0f2a0b2a870e50d786d9f3.jpg?ver=1777417623\",\"caption\":\"prensaVuce\"},\"sameAs\":[\"http:\/\/172.30.211.18\/wordpress\"]}]}<\/script>\n<!-- \/ Yoast SEO plugin. -->","yoast_head_json":{"title":"Intercambio comercial entre Venezuela y Colombia aument\u00f3 a $600 millones","description":"El intercambio comercial entre Colombia y Venezuela aument\u00f3 a 600 millones de d\u00f3lares durante el mes de diciembre, seg\u00fan Isabel Castillo, representante de","robots":{"index":"index","follow":"follow","max-snippet":"max-snippet:-1","max-image-preview":"max-image-preview:large","max-video-preview":"max-video-preview:-1"},"canonical":"http:\/\/www.vuce.gob.ve\/index.php\/2022\/12\/28\/intercambio-comercial-entre-venezuela-y-colombia-aumento-a-600-millones\/","og_locale":"es_ES","og_type":"article","og_title":"Intercambio comercial entre Venezuela y Colombia aument\u00f3 a $600 millones","og_description":"El intercambio comercial entre Colombia y Venezuela aument\u00f3 a 600 millones de d\u00f3lares durante el mes de diciembre, seg\u00fan Isabel Castillo, representante de","og_url":"http:\/\/www.vuce.gob.ve\/index.php\/2022\/12\/28\/intercambio-comercial-entre-venezuela-y-colombia-aumento-a-600-millones\/","og_site_name":"Portal VUCE","article_publisher":"https:\/\/www.instagram.com\/vucevzla\/","article_published_time":"2022-12-28T15:10:26+00:00","article_modified_time":"2025-04-18T11:24:42+00:00","og_image":[{"width":800,"height":445,"url":"http:\/\/www.vuce.gob.ve\/wp-content\/uploads\/2022\/12\/Frontera.jpeg","type":"image\/jpeg"}],"author":"prensaVuce","twitter_card":"summary_large_image","twitter_misc":{"Escrito por":"prensaVuce","Tiempo de lectura":"1 minuto"},"schema":{"@context":"https:\/\/schema.org","@graph":[{"@type":"Article","@id":"http:\/\/www.vuce.gob.ve\/index.php\/2022\/12\/28\/intercambio-comercial-entre-venezuela-y-colombia-aumento-a-600-millones\/#article","isPartOf":{"@id":"http:\/\/www.vuce.gob.ve\/index.php\/2022\/12\/28\/intercambio-comercial-entre-venezuela-y-colombia-aumento-a-600-millones\/"},"author":{"name":"prensaVuce","@id":"http:\/\/www.vuce.gob.ve\/#\/schema\/person\/9948ccf612f79fdf2574612b10a3ed07"},"headline":"Intercambio comercial entre Venezuela y Colombia aument\u00f3 a $600 millones","datePublished":"2022-12-28T15:10:26+00:00","dateModified":"2025-04-18T11:24:42+00:00","mainEntityOfPage":{"@id":"http:\/\/www.vuce.gob.ve\/index.php\/2022\/12\/28\/intercambio-comercial-entre-venezuela-y-colombia-aumento-a-600-millones\/"},"wordCount":244,"publisher":{"@id":"http:\/\/www.vuce.gob.ve\/#organization"},"image":{"@id":"http:\/\/www.vuce.gob.ve\/index.php\/2022\/12\/28\/intercambio-comercial-entre-venezuela-y-colombia-aumento-a-600-millones\/#primaryimage"},"thumbnailUrl":"http:\/\/www.vuce.gob.ve\/wp-content\/uploads\/2022\/12\/Frontera.jpeg","articleSection":["Noticias"],"inLanguage":"es"},{"@type":"WebPage","@id":"http:\/\/www.vuce.gob.ve\/index.php\/2022\/12\/28\/intercambio-comercial-entre-venezuela-y-colombia-aumento-a-600-millones\/","url":"http:\/\/www.vuce.gob.ve\/index.php\/2022\/12\/28\/intercambio-comercial-entre-venezuela-y-colombia-aumento-a-600-millones\/","name":"Intercambio comercial entre Venezuela y Colombia aument\u00f3 a $600 millones","isPartOf":{"@id":"http:\/\/www.vuce.gob.ve\/#website"},"primaryImageOfPage":{"@id":"http:\/\/www.vuce.gob.ve\/index.php\/2022\/12\/28\/intercambio-comercial-entre-venezuela-y-colombia-aumento-a-600-millones\/#primaryimage"},"image":{"@id":"http:\/\/www.vuce.gob.ve\/index.php\/2022\/12\/28\/intercambio-comercial-entre-venezuela-y-colombia-aumento-a-600-millones\/#primaryimage"},"thumbnailUrl":"http:\/\/www.vuce.gob.ve\/wp-content\/uploads\/2022\/12\/Frontera.jpeg","datePublished":"2022-12-28T15:10:26+00:00","dateModified":"2025-04-18T11:24:42+00:00","description":"El intercambio comercial entre Colombia y Venezuela aument\u00f3 a 600 millones de d\u00f3lares durante el mes de diciembre, seg\u00fan Isabel Castillo, representante de","breadcrumb":{"@id":"http:\/\/www.vuce.gob.ve\/index.php\/2022\/12\/28\/intercambio-comercial-entre-venezuela-y-colombia-aumento-a-600-millones\/#breadcrumb"},"inLanguage":"es","potentialAction":[{"@type":"ReadAction","target":["http:\/\/www.vuce.gob.ve\/index.php\/2022\/12\/28\/intercambio-comercial-entre-venezuela-y-colombia-aumento-a-600-millones\/"]}]},{"@type":"ImageObject","inLanguage":"es","@id":"http:\/\/www.vuce.gob.ve\/index.php\/2022\/12\/28\/intercambio-comercial-entre-venezuela-y-colombia-aumento-a-600-millones\/#primaryimage","url":"http:\/\/www.vuce.gob.ve\/wp-content\/uploads\/2022\/12\/Frontera.jpeg","contentUrl":"http:\/\/www.vuce.gob.ve\/wp-content\/uploads\/2022\/12\/Frontera.jpeg","width":800,"height":445},{"@type":"BreadcrumbList","@id":"http:\/\/www.vuce.gob.ve\/index.php\/2022\/12\/28\/intercambio-comercial-entre-venezuela-y-colombia-aumento-a-600-millones\/#breadcrumb","itemListElement":[{"@type":"ListItem","position":1,"name":"Portada","item":"http:\/\/www.vuce.gob.ve\/"},{"@type":"ListItem","position":2,"name":"Intercambio comercial entre Venezuela y Colombia aument\u00f3 a $600 millones"}]},{"@type":"WebSite","@id":"http:\/\/www.vuce.gob.ve\/#website","url":"http:\/\/www.vuce.gob.ve\/","name":"Portal VUCE","description":"Ventanilla \u00danica de Comercio Exterior","publisher":{"@id":"http:\/\/www.vuce.gob.ve\/#organization"},"potentialAction":[{"@type":"SearchAction","target":{"@type":"EntryPoint","urlTemplate":"http:\/\/www.vuce.gob.ve\/?s={search_term_string}"},"query-input":{"@type":"PropertyValueSpecification","valueRequired":true,"valueName":"search_term_string"}}],"inLanguage":"es"},{"@type":"Organization","@id":"http:\/\/www.vuce.gob.ve\/#organization","name":"Portal VUCE","url":"http:\/\/www.vuce.gob.ve\/","logo":{"@type":"ImageObject","inLanguage":"es","@id":"http:\/\/www.vuce.gob.ve\/#\/schema\/logo\/image\/","url":"http:\/\/www.vuce.gob.ve\/wp-content\/uploads\/2022\/04\/logo-1.png","contentUrl":"http:\/\/www.vuce.gob.ve\/wp-content\/uploads\/2022\/04\/logo-1.png","width":625,"height":130,"caption":"Portal VUCE"},"image":{"@id":"http:\/\/www.vuce.gob.ve\/#\/schema\/logo\/image\/"},"sameAs":["https:\/\/www.instagram.com\/vucevzla\/"]},{"@type":"Person","@id":"http:\/\/www.vuce.gob.ve\/#\/schema\/person\/9948ccf612f79fdf2574612b10a3ed07","name":"prensaVuce","image":{"@type":"ImageObject","inLanguage":"es","@id":"http:\/\/www.vuce.gob.ve\/#\/schema\/person\/image\/","url":"http:\/\/www.vuce.gob.ve\/wp-content\/litespeed\/avatar\/aa32f7598b0f2a0b2a870e50d786d9f3.jpg?ver=1777417623","contentUrl":"http:\/\/www.vuce.gob.ve\/wp-content\/litespeed\/avatar\/aa32f7598b0f2a0b2a870e50d786d9f3.jpg?ver=1777417623","caption":"prensaVuce"},"sameAs":["http:\/\/172.30.211.18\/wordpress"]}]}},"_links":{"self":[{"href":"http:\/\/www.vuce.gob.ve\/index.php\/wp-json\/wp\/v2\/posts\/2159","targetHints":{"allow":["GET"]}}],"collection":[{"href":"http:\/\/www.vuce.gob.ve\/index.php\/wp-json\/wp\/v2\/posts"}],"about":[{"href":"http:\/\/www.vuce.gob.ve\/index.php\/wp-json\/wp\/v2\/types\/post"}],"author":[{"embeddable":true,"href":"http:\/\/www.vuce.gob.ve\/index.php\/wp-json\/wp\/v2\/users\/1"}],"replies":[{"embeddable":true,"href":"http:\/\/www.vuce.gob.ve\/index.php\/wp-json\/wp\/v2\/comments?post=2159"}],"version-history":[{"count":1,"href":"http:\/\/www.vuce.gob.ve\/index.php\/wp-json\/wp\/v2\/posts\/2159\/revisions"}],"predecessor-version":[{"id":2161,"href":"http:\/\/www.vuce.gob.ve\/index.php\/wp-json\/wp\/v2\/posts\/2159\/revisions\/2161"}],"wp:featuredmedia":[{"embeddable":true,"href":"http:\/\/www.vuce.gob.ve\/index.php\/wp-json\/wp\/v2\/media\/2160"}],"wp:attachment":[{"href":"http:\/\/www.vuce.gob.ve\/index.php\/wp-json\/wp\/v2\/media?parent=2159"}],"wp:term":[{"taxonomy":"category","embeddable":true,"href":"http:\/\/www.vuce.gob.ve\/index.php\/wp-json\/wp\/v2\/categories?post=2159"},{"taxonomy":"post_tag","embeddable":true,"href":"http:\/\/www.vuce.gob.ve\/index.php\/wp-json\/wp\/v2\/tags?post=2159"}],"curies":[{"name":"wp","href":"https:\/\/api.w.org\/{rel}","templated":true}]}}