{"id":2052,"date":"2022-11-24T20:41:00","date_gmt":"2022-11-24T20:41:00","guid":{"rendered":"http:\/\/www.vuce.gob.ve\/?p=2052"},"modified":"2025-04-18T11:24:43","modified_gmt":"2025-04-18T11:24:43","slug":"gobierno-venezolano-agradece-labor-diplomatica-de-noruega-y-mexico","status":"publish","type":"post","link":"http:\/\/www.vuce.gob.ve\/index.php\/2022\/11\/24\/gobierno-venezolano-agradece-labor-diplomatica-de-noruega-y-mexico\/","title":{"rendered":"Gobierno venezolano agradece labor diplom\u00e1tica de Noruega y M\u00e9xico"},"content":{"rendered":"\n<p>El presidente de la Rep\u00fablica Bolivariana de Venezuela, Nicol\u00e1s Maduro, agradeci\u00f3 la labor diplom\u00e1tica del Reino de Noruega y de M\u00e9xico, en el proceso de di\u00e1logo entre el Gobierno leg\u00edtimo de Venezuela y la Plataforma Unitaria de oposici\u00f3n.<\/p>\n\n\n\n<p>\u201cAgradecemos al Reino de Noruega por su labor diplom\u00e1tica prudente, y lo propio expreso al gobierno del presidente Manuel L\u00f3pez Obrador, a su canciller, Marcelo Luis Ebrard, por la diplomacia positiva y prudente\u201d y que \u201csirve de base para que se pueda retomar en un nuevo nivel, en funci\u00f3n de recuperar los recursos secuestrados para invertirlos en el pueblo de Venezuela\u201d.<\/p>\n\n\n\n<p>El presidente Maduro subray\u00f3 que el gobierno leg\u00edtimo de Venezuela hoy le est\u00e1 tendiendo la mano a la oposici\u00f3n, para que regrese a la democracia, a la Constituci\u00f3n, \u201cnosotros estamos negociando con un sector que negoci\u00f3 la intervenci\u00f3n militar en Venezuela, que llam\u00f3 al gobierno de Donald Trump para que nos invadieran\u201d, asever\u00f3.<\/p>\n\n\n\n<p>Ratific\u00f3 que el m\u00e9todo del Gobierno Bolivariano es la paz. \u201cLa paz es nuestro puerto como dec\u00eda el Libertador Sim\u00f3n Bol\u00edvar, y vamos a buscar la paz por los caminos del di\u00e1logo, el entendimiento, la armon\u00eda, por lo<\/p>\n","protected":false},"excerpt":{"rendered":"<p>El presidente de la Rep\u00fablica Bolivariana de Venezuela, Nicol\u00e1s Maduro, agradeci\u00f3 la labor diplom\u00e1tica del Reino de Noruega y de M\u00e9xico, en el proceso de di\u00e1logo entre el Gobierno leg\u00edtimo de Venezuela y la Plataforma Unitaria de oposici\u00f3n. \u201cAgradecemos al Reino de Noruega por su labor diplom\u00e1tica prudente, y lo propio expreso al gobierno del &hellip;<\/p>\n<p class=\"read-more\"> <a class=\"\" href=\"http:\/\/www.vuce.gob.ve\/index.php\/2022\/11\/24\/gobierno-venezolano-agradece-labor-diplomatica-de-noruega-y-mexico\/\"> <span class=\"screen-reader-text\">Gobierno venezolano agradece labor diplom\u00e1tica de Noruega y M\u00e9xico<\/span> Leer m\u00e1s &raquo;<\/a><\/p>\n","protected":false},"author":1,"featured_media":2054,"comment_status":"closed","ping_status":"open","sticky":false,"template":"","format":"standard","meta":{"site-sidebar-layout":"default","site-content-layout":"default","ast-global-header-display":"","ast-main-header-display":"","ast-hfb-above-header-display":"","ast-hfb-below-header-display":"","ast-hfb-mobile-header-display":"","site-post-title":"","ast-breadcrumbs-content":"","ast-featured-img":"","footer-sml-layout":"","theme-transparent-header-meta":"","adv-header-id-meta":"","stick-header-meta":"","header-above-stick-meta":"","header-main-stick-meta":"","header-below-stick-meta":"","footnotes":""},"categories":[10],"tags":[],"class_list":["post-2052","post","type-post","status-publish","format-standard","has-post-thumbnail","hentry","category-noticias"],"yoast_head":"<!-- This site is optimized with the Yoast SEO plugin v25.7 - https:\/\/yoast.com\/wordpress\/plugins\/seo\/ -->\n<title>Gobierno venezolano agradece labor diplom\u00e1tica de Noruega y M\u00e9xico<\/title>\n<meta name=\"description\" content=\"El presidente de la Rep\u00fablica Bolivariana de Venezuela, Nicol\u00e1s Maduro, agradeci\u00f3 la labor diplom\u00e1tica del Reino de Noruega y de M\u00e9xico, en el proceso de\" \/>\n<meta name=\"robots\" content=\"index, follow, max-snippet:-1, max-image-preview:large, max-video-preview:-1\" \/>\n<link rel=\"canonical\" href=\"http:\/\/www.vuce.gob.ve\/index.php\/2022\/11\/24\/gobierno-venezolano-agradece-labor-diplomatica-de-noruega-y-mexico\/\" \/>\n<meta property=\"og:locale\" content=\"es_ES\" \/>\n<meta property=\"og:type\" content=\"article\" \/>\n<meta property=\"og:title\" content=\"Gobierno venezolano agradece labor diplom\u00e1tica de Noruega y M\u00e9xico\" \/>\n<meta property=\"og:description\" content=\"El presidente de la Rep\u00fablica Bolivariana de Venezuela, Nicol\u00e1s Maduro, agradeci\u00f3 la labor diplom\u00e1tica del Reino de Noruega y de M\u00e9xico, en el proceso de\" \/>\n<meta property=\"og:url\" content=\"http:\/\/www.vuce.gob.ve\/index.php\/2022\/11\/24\/gobierno-venezolano-agradece-labor-diplomatica-de-noruega-y-mexico\/\" \/>\n<meta property=\"og:site_name\" content=\"Portal VUCE\" \/>\n<meta property=\"article:publisher\" content=\"https:\/\/www.instagram.com\/vucevzla\/\" \/>\n<meta property=\"article:published_time\" content=\"2022-11-24T20:41:00+00:00\" \/>\n<meta property=\"article:modified_time\" content=\"2025-04-18T11:24:43+00:00\" \/>\n<meta property=\"og:image\" content=\"http:\/\/www.vuce.gob.ve\/wp-content\/uploads\/2022\/12\/nicolas_maduro_diplomacia_noruega_mexico2.webp\" \/>\n\t<meta property=\"og:image:width\" content=\"780\" \/>\n\t<meta property=\"og:image:height\" content=\"405\" \/>\n\t<meta property=\"og:image:type\" content=\"image\/webp\" \/>\n<meta name=\"author\" content=\"prensaVuce\" \/>\n<meta name=\"twitter:card\" content=\"summary_large_image\" \/>\n<meta name=\"twitter:label1\" content=\"Escrito por\" \/>\n\t<meta name=\"twitter:data1\" content=\"prensaVuce\" \/>\n\t<meta name=\"twitter:label2\" content=\"Tiempo de lectura\" \/>\n\t<meta name=\"twitter:data2\" content=\"1 minuto\" \/>\n<script type=\"application\/ld+json\" class=\"yoast-schema-graph\">{\"@context\":\"https:\/\/schema.org\",\"@graph\":[{\"@type\":\"Article\",\"@id\":\"http:\/\/www.vuce.gob.ve\/index.php\/2022\/11\/24\/gobierno-venezolano-agradece-labor-diplomatica-de-noruega-y-mexico\/#article\",\"isPartOf\":{\"@id\":\"http:\/\/www.vuce.gob.ve\/index.php\/2022\/11\/24\/gobierno-venezolano-agradece-labor-diplomatica-de-noruega-y-mexico\/\"},\"author\":{\"name\":\"prensaVuce\",\"@id\":\"http:\/\/www.vuce.gob.ve\/#\/schema\/person\/9948ccf612f79fdf2574612b10a3ed07\"},\"headline\":\"Gobierno venezolano agradece labor diplom\u00e1tica de Noruega y M\u00e9xico\",\"datePublished\":\"2022-11-24T20:41:00+00:00\",\"dateModified\":\"2025-04-18T11:24:43+00:00\",\"mainEntityOfPage\":{\"@id\":\"http:\/\/www.vuce.gob.ve\/index.php\/2022\/11\/24\/gobierno-venezolano-agradece-labor-diplomatica-de-noruega-y-mexico\/\"},\"wordCount\":221,\"publisher\":{\"@id\":\"http:\/\/www.vuce.gob.ve\/#organization\"},\"image\":{\"@id\":\"http:\/\/www.vuce.gob.ve\/index.php\/2022\/11\/24\/gobierno-venezolano-agradece-labor-diplomatica-de-noruega-y-mexico\/#primaryimage\"},\"thumbnailUrl\":\"http:\/\/www.vuce.gob.ve\/wp-content\/uploads\/2022\/12\/nicolas_maduro_diplomacia_noruega_mexico2.webp\",\"articleSection\":[\"Noticias\"],\"inLanguage\":\"es\"},{\"@type\":\"WebPage\",\"@id\":\"http:\/\/www.vuce.gob.ve\/index.php\/2022\/11\/24\/gobierno-venezolano-agradece-labor-diplomatica-de-noruega-y-mexico\/\",\"url\":\"http:\/\/www.vuce.gob.ve\/index.php\/2022\/11\/24\/gobierno-venezolano-agradece-labor-diplomatica-de-noruega-y-mexico\/\",\"name\":\"Gobierno venezolano agradece labor diplom\u00e1tica de Noruega y M\u00e9xico\",\"isPartOf\":{\"@id\":\"http:\/\/www.vuce.gob.ve\/#website\"},\"primaryImageOfPage\":{\"@id\":\"http:\/\/www.vuce.gob.ve\/index.php\/2022\/11\/24\/gobierno-venezolano-agradece-labor-diplomatica-de-noruega-y-mexico\/#primaryimage\"},\"image\":{\"@id\":\"http:\/\/www.vuce.gob.ve\/index.php\/2022\/11\/24\/gobierno-venezolano-agradece-labor-diplomatica-de-noruega-y-mexico\/#primaryimage\"},\"thumbnailUrl\":\"http:\/\/www.vuce.gob.ve\/wp-content\/uploads\/2022\/12\/nicolas_maduro_diplomacia_noruega_mexico2.webp\",\"datePublished\":\"2022-11-24T20:41:00+00:00\",\"dateModified\":\"2025-04-18T11:24:43+00:00\",\"description\":\"El presidente de la Rep\u00fablica Bolivariana de Venezuela, Nicol\u00e1s Maduro, agradeci\u00f3 la labor diplom\u00e1tica del Reino de Noruega y de M\u00e9xico, en el proceso de\",\"breadcrumb\":{\"@id\":\"http:\/\/www.vuce.gob.ve\/index.php\/2022\/11\/24\/gobierno-venezolano-agradece-labor-diplomatica-de-noruega-y-mexico\/#breadcrumb\"},\"inLanguage\":\"es\",\"potentialAction\":[{\"@type\":\"ReadAction\",\"target\":[\"http:\/\/www.vuce.gob.ve\/index.php\/2022\/11\/24\/gobierno-venezolano-agradece-labor-diplomatica-de-noruega-y-mexico\/\"]}]},{\"@type\":\"ImageObject\",\"inLanguage\":\"es\",\"@id\":\"http:\/\/www.vuce.gob.ve\/index.php\/2022\/11\/24\/gobierno-venezolano-agradece-labor-diplomatica-de-noruega-y-mexico\/#primaryimage\",\"url\":\"http:\/\/www.vuce.gob.ve\/wp-content\/uploads\/2022\/12\/nicolas_maduro_diplomacia_noruega_mexico2.webp\",\"contentUrl\":\"http:\/\/www.vuce.gob.ve\/wp-content\/uploads\/2022\/12\/nicolas_maduro_diplomacia_noruega_mexico2.webp\",\"width\":780,\"height\":405},{\"@type\":\"BreadcrumbList\",\"@id\":\"http:\/\/www.vuce.gob.ve\/index.php\/2022\/11\/24\/gobierno-venezolano-agradece-labor-diplomatica-de-noruega-y-mexico\/#breadcrumb\",\"itemListElement\":[{\"@type\":\"ListItem\",\"position\":1,\"name\":\"Portada\",\"item\":\"http:\/\/www.vuce.gob.ve\/\"},{\"@type\":\"ListItem\",\"position\":2,\"name\":\"Gobierno venezolano agradece labor diplom\u00e1tica de Noruega y M\u00e9xico\"}]},{\"@type\":\"WebSite\",\"@id\":\"http:\/\/www.vuce.gob.ve\/#website\",\"url\":\"http:\/\/www.vuce.gob.ve\/\",\"name\":\"Portal VUCE\",\"description\":\"Ventanilla \u00danica de Comercio Exterior\",\"publisher\":{\"@id\":\"http:\/\/www.vuce.gob.ve\/#organization\"},\"potentialAction\":[{\"@type\":\"SearchAction\",\"target\":{\"@type\":\"EntryPoint\",\"urlTemplate\":\"http:\/\/www.vuce.gob.ve\/?s={search_term_string}\"},\"query-input\":{\"@type\":\"PropertyValueSpecification\",\"valueRequired\":true,\"valueName\":\"search_term_string\"}}],\"inLanguage\":\"es\"},{\"@type\":\"Organization\",\"@id\":\"http:\/\/www.vuce.gob.ve\/#organization\",\"name\":\"Portal VUCE\",\"url\":\"http:\/\/www.vuce.gob.ve\/\",\"logo\":{\"@type\":\"ImageObject\",\"inLanguage\":\"es\",\"@id\":\"http:\/\/www.vuce.gob.ve\/#\/schema\/logo\/image\/\",\"url\":\"http:\/\/www.vuce.gob.ve\/wp-content\/uploads\/2022\/04\/logo-1.png\",\"contentUrl\":\"http:\/\/www.vuce.gob.ve\/wp-content\/uploads\/2022\/04\/logo-1.png\",\"width\":625,\"height\":130,\"caption\":\"Portal VUCE\"},\"image\":{\"@id\":\"http:\/\/www.vuce.gob.ve\/#\/schema\/logo\/image\/\"},\"sameAs\":[\"https:\/\/www.instagram.com\/vucevzla\/\"]},{\"@type\":\"Person\",\"@id\":\"http:\/\/www.vuce.gob.ve\/#\/schema\/person\/9948ccf612f79fdf2574612b10a3ed07\",\"name\":\"prensaVuce\",\"image\":{\"@type\":\"ImageObject\",\"inLanguage\":\"es\",\"@id\":\"http:\/\/www.vuce.gob.ve\/#\/schema\/person\/image\/\",\"url\":\"http:\/\/www.vuce.gob.ve\/wp-content\/litespeed\/avatar\/aa32f7598b0f2a0b2a870e50d786d9f3.jpg?ver=1777417623\",\"contentUrl\":\"http:\/\/www.vuce.gob.ve\/wp-content\/litespeed\/avatar\/aa32f7598b0f2a0b2a870e50d786d9f3.jpg?ver=1777417623\",\"caption\":\"prensaVuce\"},\"sameAs\":[\"http:\/\/172.30.211.18\/wordpress\"]}]}<\/script>\n<!-- \/ Yoast SEO plugin. -->","yoast_head_json":{"title":"Gobierno venezolano agradece labor diplom\u00e1tica de Noruega y M\u00e9xico","description":"El presidente de la Rep\u00fablica Bolivariana de Venezuela, Nicol\u00e1s Maduro, agradeci\u00f3 la labor diplom\u00e1tica del Reino de Noruega y de M\u00e9xico, en el proceso de","robots":{"index":"index","follow":"follow","max-snippet":"max-snippet:-1","max-image-preview":"max-image-preview:large","max-video-preview":"max-video-preview:-1"},"canonical":"http:\/\/www.vuce.gob.ve\/index.php\/2022\/11\/24\/gobierno-venezolano-agradece-labor-diplomatica-de-noruega-y-mexico\/","og_locale":"es_ES","og_type":"article","og_title":"Gobierno venezolano agradece labor diplom\u00e1tica de Noruega y M\u00e9xico","og_description":"El presidente de la Rep\u00fablica Bolivariana de Venezuela, Nicol\u00e1s Maduro, agradeci\u00f3 la labor diplom\u00e1tica del Reino de Noruega y de M\u00e9xico, en el proceso de","og_url":"http:\/\/www.vuce.gob.ve\/index.php\/2022\/11\/24\/gobierno-venezolano-agradece-labor-diplomatica-de-noruega-y-mexico\/","og_site_name":"Portal VUCE","article_publisher":"https:\/\/www.instagram.com\/vucevzla\/","article_published_time":"2022-11-24T20:41:00+00:00","article_modified_time":"2025-04-18T11:24:43+00:00","og_image":[{"width":780,"height":405,"url":"http:\/\/www.vuce.gob.ve\/wp-content\/uploads\/2022\/12\/nicolas_maduro_diplomacia_noruega_mexico2.webp","type":"image\/webp"}],"author":"prensaVuce","twitter_card":"summary_large_image","twitter_misc":{"Escrito por":"prensaVuce","Tiempo de lectura":"1 minuto"},"schema":{"@context":"https:\/\/schema.org","@graph":[{"@type":"Article","@id":"http:\/\/www.vuce.gob.ve\/index.php\/2022\/11\/24\/gobierno-venezolano-agradece-labor-diplomatica-de-noruega-y-mexico\/#article","isPartOf":{"@id":"http:\/\/www.vuce.gob.ve\/index.php\/2022\/11\/24\/gobierno-venezolano-agradece-labor-diplomatica-de-noruega-y-mexico\/"},"author":{"name":"prensaVuce","@id":"http:\/\/www.vuce.gob.ve\/#\/schema\/person\/9948ccf612f79fdf2574612b10a3ed07"},"headline":"Gobierno venezolano agradece labor diplom\u00e1tica de Noruega y M\u00e9xico","datePublished":"2022-11-24T20:41:00+00:00","dateModified":"2025-04-18T11:24:43+00:00","mainEntityOfPage":{"@id":"http:\/\/www.vuce.gob.ve\/index.php\/2022\/11\/24\/gobierno-venezolano-agradece-labor-diplomatica-de-noruega-y-mexico\/"},"wordCount":221,"publisher":{"@id":"http:\/\/www.vuce.gob.ve\/#organization"},"image":{"@id":"http:\/\/www.vuce.gob.ve\/index.php\/2022\/11\/24\/gobierno-venezolano-agradece-labor-diplomatica-de-noruega-y-mexico\/#primaryimage"},"thumbnailUrl":"http:\/\/www.vuce.gob.ve\/wp-content\/uploads\/2022\/12\/nicolas_maduro_diplomacia_noruega_mexico2.webp","articleSection":["Noticias"],"inLanguage":"es"},{"@type":"WebPage","@id":"http:\/\/www.vuce.gob.ve\/index.php\/2022\/11\/24\/gobierno-venezolano-agradece-labor-diplomatica-de-noruega-y-mexico\/","url":"http:\/\/www.vuce.gob.ve\/index.php\/2022\/11\/24\/gobierno-venezolano-agradece-labor-diplomatica-de-noruega-y-mexico\/","name":"Gobierno venezolano agradece labor diplom\u00e1tica de Noruega y M\u00e9xico","isPartOf":{"@id":"http:\/\/www.vuce.gob.ve\/#website"},"primaryImageOfPage":{"@id":"http:\/\/www.vuce.gob.ve\/index.php\/2022\/11\/24\/gobierno-venezolano-agradece-labor-diplomatica-de-noruega-y-mexico\/#primaryimage"},"image":{"@id":"http:\/\/www.vuce.gob.ve\/index.php\/2022\/11\/24\/gobierno-venezolano-agradece-labor-diplomatica-de-noruega-y-mexico\/#primaryimage"},"thumbnailUrl":"http:\/\/www.vuce.gob.ve\/wp-content\/uploads\/2022\/12\/nicolas_maduro_diplomacia_noruega_mexico2.webp","datePublished":"2022-11-24T20:41:00+00:00","dateModified":"2025-04-18T11:24:43+00:00","description":"El presidente de la Rep\u00fablica Bolivariana de Venezuela, Nicol\u00e1s Maduro, agradeci\u00f3 la labor diplom\u00e1tica del Reino de Noruega y de M\u00e9xico, en el proceso de","breadcrumb":{"@id":"http:\/\/www.vuce.gob.ve\/index.php\/2022\/11\/24\/gobierno-venezolano-agradece-labor-diplomatica-de-noruega-y-mexico\/#breadcrumb"},"inLanguage":"es","potentialAction":[{"@type":"ReadAction","target":["http:\/\/www.vuce.gob.ve\/index.php\/2022\/11\/24\/gobierno-venezolano-agradece-labor-diplomatica-de-noruega-y-mexico\/"]}]},{"@type":"ImageObject","inLanguage":"es","@id":"http:\/\/www.vuce.gob.ve\/index.php\/2022\/11\/24\/gobierno-venezolano-agradece-labor-diplomatica-de-noruega-y-mexico\/#primaryimage","url":"http:\/\/www.vuce.gob.ve\/wp-content\/uploads\/2022\/12\/nicolas_maduro_diplomacia_noruega_mexico2.webp","contentUrl":"http:\/\/www.vuce.gob.ve\/wp-content\/uploads\/2022\/12\/nicolas_maduro_diplomacia_noruega_mexico2.webp","width":780,"height":405},{"@type":"BreadcrumbList","@id":"http:\/\/www.vuce.gob.ve\/index.php\/2022\/11\/24\/gobierno-venezolano-agradece-labor-diplomatica-de-noruega-y-mexico\/#breadcrumb","itemListElement":[{"@type":"ListItem","position":1,"name":"Portada","item":"http:\/\/www.vuce.gob.ve\/"},{"@type":"ListItem","position":2,"name":"Gobierno venezolano agradece labor diplom\u00e1tica de Noruega y M\u00e9xico"}]},{"@type":"WebSite","@id":"http:\/\/www.vuce.gob.ve\/#website","url":"http:\/\/www.vuce.gob.ve\/","name":"Portal VUCE","description":"Ventanilla \u00danica de Comercio Exterior","publisher":{"@id":"http:\/\/www.vuce.gob.ve\/#organization"},"potentialAction":[{"@type":"SearchAction","target":{"@type":"EntryPoint","urlTemplate":"http:\/\/www.vuce.gob.ve\/?s={search_term_string}"},"query-input":{"@type":"PropertyValueSpecification","valueRequired":true,"valueName":"search_term_string"}}],"inLanguage":"es"},{"@type":"Organization","@id":"http:\/\/www.vuce.gob.ve\/#organization","name":"Portal VUCE","url":"http:\/\/www.vuce.gob.ve\/","logo":{"@type":"ImageObject","inLanguage":"es","@id":"http:\/\/www.vuce.gob.ve\/#\/schema\/logo\/image\/","url":"http:\/\/www.vuce.gob.ve\/wp-content\/uploads\/2022\/04\/logo-1.png","contentUrl":"http:\/\/www.vuce.gob.ve\/wp-content\/uploads\/2022\/04\/logo-1.png","width":625,"height":130,"caption":"Portal VUCE"},"image":{"@id":"http:\/\/www.vuce.gob.ve\/#\/schema\/logo\/image\/"},"sameAs":["https:\/\/www.instagram.com\/vucevzla\/"]},{"@type":"Person","@id":"http:\/\/www.vuce.gob.ve\/#\/schema\/person\/9948ccf612f79fdf2574612b10a3ed07","name":"prensaVuce","image":{"@type":"ImageObject","inLanguage":"es","@id":"http:\/\/www.vuce.gob.ve\/#\/schema\/person\/image\/","url":"http:\/\/www.vuce.gob.ve\/wp-content\/litespeed\/avatar\/aa32f7598b0f2a0b2a870e50d786d9f3.jpg?ver=1777417623","contentUrl":"http:\/\/www.vuce.gob.ve\/wp-content\/litespeed\/avatar\/aa32f7598b0f2a0b2a870e50d786d9f3.jpg?ver=1777417623","caption":"prensaVuce"},"sameAs":["http:\/\/172.30.211.18\/wordpress"]}]}},"_links":{"self":[{"href":"http:\/\/www.vuce.gob.ve\/index.php\/wp-json\/wp\/v2\/posts\/2052","targetHints":{"allow":["GET"]}}],"collection":[{"href":"http:\/\/www.vuce.gob.ve\/index.php\/wp-json\/wp\/v2\/posts"}],"about":[{"href":"http:\/\/www.vuce.gob.ve\/index.php\/wp-json\/wp\/v2\/types\/post"}],"author":[{"embeddable":true,"href":"http:\/\/www.vuce.gob.ve\/index.php\/wp-json\/wp\/v2\/users\/1"}],"replies":[{"embeddable":true,"href":"http:\/\/www.vuce.gob.ve\/index.php\/wp-json\/wp\/v2\/comments?post=2052"}],"version-history":[{"count":1,"href":"http:\/\/www.vuce.gob.ve\/index.php\/wp-json\/wp\/v2\/posts\/2052\/revisions"}],"predecessor-version":[{"id":2059,"href":"http:\/\/www.vuce.gob.ve\/index.php\/wp-json\/wp\/v2\/posts\/2052\/revisions\/2059"}],"wp:featuredmedia":[{"embeddable":true,"href":"http:\/\/www.vuce.gob.ve\/index.php\/wp-json\/wp\/v2\/media\/2054"}],"wp:attachment":[{"href":"http:\/\/www.vuce.gob.ve\/index.php\/wp-json\/wp\/v2\/media?parent=2052"}],"wp:term":[{"taxonomy":"category","embeddable":true,"href":"http:\/\/www.vuce.gob.ve\/index.php\/wp-json\/wp\/v2\/categories?post=2052"},{"taxonomy":"post_tag","embeddable":true,"href":"http:\/\/www.vuce.gob.ve\/index.php\/wp-json\/wp\/v2\/tags?post=2052"}],"curies":[{"name":"wp","href":"https:\/\/api.w.org\/{rel}","templated":true}]}}