{"id":2046,"date":"2022-11-24T13:38:00","date_gmt":"2022-11-24T13:38:00","guid":{"rendered":"http:\/\/www.vuce.gob.ve\/?p=2046"},"modified":"2025-04-18T11:24:44","modified_gmt":"2025-04-18T11:24:44","slug":"presidente-maduro-saludo-instalacion-de-la-fitven-2022","status":"publish","type":"post","link":"http:\/\/www.vuce.gob.ve\/index.php\/2022\/11\/24\/presidente-maduro-saludo-instalacion-de-la-fitven-2022\/","title":{"rendered":"Presidente Maduro salud\u00f3 instalaci\u00f3n de la FITVEN 2022"},"content":{"rendered":"\n<p>El presidente de la Rep\u00fablica Bolivariana de Venezuela, Nicol\u00e1s Maduro Moros, salud\u00f3 la instalaci\u00f3n de la Feria Internacional de Turismo de Venezuela (Fitven), que se realizar\u00e1 en el estado Anzo\u00e1tegui hasta el domingo 28 de noviembre.<\/p>\n\n\n\n<p>\u201cHoy se instal\u00f3 y se inaugur\u00f3 en Puerto la Cruz, la edici\u00f3n n\u00famero 15 de la Feria Internacional del Turismo de Venezuela. Es uno de los motores, el arma secreta del crecimiento y el desarrollo econ\u00f3mico presente, pero sobre todo del futuro. Venezuela es una potencia tur\u00edstica\u201d, expres\u00f3.<\/p>\n\n\n\n<p>El pa\u00eds invitado es la Federaci\u00f3n de Rusia y est\u00e1n participando 14 naciones y nueve representaciones diplom\u00e1ticas. El Jefe de Estado detall\u00f3, que en la Fitven, se desarrollar\u00e1n 23 simposios, 186 ruedas de negocios y 230 operadores tur\u00edsticos del mundo estar\u00e1n presentes.<\/p>\n\n\n\n<p>Expres\u00f3 el Presidente que Venezuela es el destino que quiere la gente porque es un pa\u00eds con extraordinarias bellezas naturales.<\/p>\n\n\n\n<p>Prensa Presidencial<\/p>\n","protected":false},"excerpt":{"rendered":"<p>El presidente de la Rep\u00fablica Bolivariana de Venezuela, Nicol\u00e1s Maduro Moros, salud\u00f3 la instalaci\u00f3n de la Feria Internacional de Turismo de Venezuela (Fitven), que se realizar\u00e1 en el estado Anzo\u00e1tegui hasta el domingo 28 de noviembre. \u201cHoy se instal\u00f3 y se inaugur\u00f3 en Puerto la Cruz, la edici\u00f3n n\u00famero 15 de la Feria Internacional del &hellip;<\/p>\n<p class=\"read-more\"> <a class=\"\" href=\"http:\/\/www.vuce.gob.ve\/index.php\/2022\/11\/24\/presidente-maduro-saludo-instalacion-de-la-fitven-2022\/\"> <span class=\"screen-reader-text\">Presidente Maduro salud\u00f3 instalaci\u00f3n de la FITVEN 2022<\/span> Leer m\u00e1s &raquo;<\/a><\/p>\n","protected":false},"author":1,"featured_media":2053,"comment_status":"closed","ping_status":"open","sticky":false,"template":"","format":"standard","meta":{"site-sidebar-layout":"default","site-content-layout":"default","ast-global-header-display":"","ast-main-header-display":"","ast-hfb-above-header-display":"","ast-hfb-below-header-display":"","ast-hfb-mobile-header-display":"","site-post-title":"","ast-breadcrumbs-content":"","ast-featured-img":"","footer-sml-layout":"","theme-transparent-header-meta":"","adv-header-id-meta":"","stick-header-meta":"","header-above-stick-meta":"","header-main-stick-meta":"","header-below-stick-meta":"","footnotes":""},"categories":[10],"tags":[],"class_list":["post-2046","post","type-post","status-publish","format-standard","has-post-thumbnail","hentry","category-noticias"],"yoast_head":"<!-- This site is optimized with the Yoast SEO plugin v25.7 - https:\/\/yoast.com\/wordpress\/plugins\/seo\/ -->\n<title>Presidente Maduro salud\u00f3 instalaci\u00f3n de la FITVEN 2022<\/title>\n<meta name=\"description\" content=\"El presidente de la Rep\u00fablica Bolivariana de Venezuela, Nicol\u00e1s Maduro Moros, salud\u00f3 la instalaci\u00f3n de la Feria Internacional de Turismo de Venezuela\" \/>\n<meta name=\"robots\" content=\"index, follow, max-snippet:-1, max-image-preview:large, max-video-preview:-1\" \/>\n<link rel=\"canonical\" href=\"http:\/\/www.vuce.gob.ve\/index.php\/2022\/11\/24\/presidente-maduro-saludo-instalacion-de-la-fitven-2022\/\" \/>\n<meta property=\"og:locale\" content=\"es_ES\" \/>\n<meta property=\"og:type\" content=\"article\" \/>\n<meta property=\"og:title\" content=\"Presidente Maduro salud\u00f3 instalaci\u00f3n de la FITVEN 2022\" \/>\n<meta property=\"og:description\" content=\"El presidente de la Rep\u00fablica Bolivariana de Venezuela, Nicol\u00e1s Maduro Moros, salud\u00f3 la instalaci\u00f3n de la Feria Internacional de Turismo de Venezuela\" \/>\n<meta property=\"og:url\" content=\"http:\/\/www.vuce.gob.ve\/index.php\/2022\/11\/24\/presidente-maduro-saludo-instalacion-de-la-fitven-2022\/\" \/>\n<meta property=\"og:site_name\" content=\"Portal VUCE\" \/>\n<meta property=\"article:publisher\" content=\"https:\/\/www.instagram.com\/vucevzla\/\" \/>\n<meta property=\"article:published_time\" content=\"2022-11-24T13:38:00+00:00\" \/>\n<meta property=\"article:modified_time\" content=\"2025-04-18T11:24:44+00:00\" \/>\n<meta property=\"og:image\" content=\"http:\/\/www.vuce.gob.ve\/wp-content\/uploads\/2022\/12\/Nicolas_Maduro_fitven_anzoategui_venezuela_turismo2.webp\" \/>\n\t<meta property=\"og:image:width\" content=\"780\" \/>\n\t<meta property=\"og:image:height\" content=\"405\" \/>\n\t<meta property=\"og:image:type\" content=\"image\/webp\" \/>\n<meta name=\"author\" content=\"prensaVuce\" \/>\n<meta name=\"twitter:card\" content=\"summary_large_image\" \/>\n<meta name=\"twitter:label1\" content=\"Escrito por\" \/>\n\t<meta name=\"twitter:data1\" content=\"prensaVuce\" \/>\n\t<meta name=\"twitter:label2\" content=\"Tiempo de lectura\" \/>\n\t<meta name=\"twitter:data2\" content=\"1 minuto\" \/>\n<script type=\"application\/ld+json\" class=\"yoast-schema-graph\">{\"@context\":\"https:\/\/schema.org\",\"@graph\":[{\"@type\":\"Article\",\"@id\":\"http:\/\/www.vuce.gob.ve\/index.php\/2022\/11\/24\/presidente-maduro-saludo-instalacion-de-la-fitven-2022\/#article\",\"isPartOf\":{\"@id\":\"http:\/\/www.vuce.gob.ve\/index.php\/2022\/11\/24\/presidente-maduro-saludo-instalacion-de-la-fitven-2022\/\"},\"author\":{\"name\":\"prensaVuce\",\"@id\":\"http:\/\/www.vuce.gob.ve\/#\/schema\/person\/9948ccf612f79fdf2574612b10a3ed07\"},\"headline\":\"Presidente Maduro salud\u00f3 instalaci\u00f3n de la FITVEN 2022\",\"datePublished\":\"2022-11-24T13:38:00+00:00\",\"dateModified\":\"2025-04-18T11:24:44+00:00\",\"mainEntityOfPage\":{\"@id\":\"http:\/\/www.vuce.gob.ve\/index.php\/2022\/11\/24\/presidente-maduro-saludo-instalacion-de-la-fitven-2022\/\"},\"wordCount\":166,\"publisher\":{\"@id\":\"http:\/\/www.vuce.gob.ve\/#organization\"},\"image\":{\"@id\":\"http:\/\/www.vuce.gob.ve\/index.php\/2022\/11\/24\/presidente-maduro-saludo-instalacion-de-la-fitven-2022\/#primaryimage\"},\"thumbnailUrl\":\"http:\/\/www.vuce.gob.ve\/wp-content\/uploads\/2022\/12\/Nicolas_Maduro_fitven_anzoategui_venezuela_turismo2.webp\",\"articleSection\":[\"Noticias\"],\"inLanguage\":\"es\"},{\"@type\":\"WebPage\",\"@id\":\"http:\/\/www.vuce.gob.ve\/index.php\/2022\/11\/24\/presidente-maduro-saludo-instalacion-de-la-fitven-2022\/\",\"url\":\"http:\/\/www.vuce.gob.ve\/index.php\/2022\/11\/24\/presidente-maduro-saludo-instalacion-de-la-fitven-2022\/\",\"name\":\"Presidente Maduro salud\u00f3 instalaci\u00f3n de la FITVEN 2022\",\"isPartOf\":{\"@id\":\"http:\/\/www.vuce.gob.ve\/#website\"},\"primaryImageOfPage\":{\"@id\":\"http:\/\/www.vuce.gob.ve\/index.php\/2022\/11\/24\/presidente-maduro-saludo-instalacion-de-la-fitven-2022\/#primaryimage\"},\"image\":{\"@id\":\"http:\/\/www.vuce.gob.ve\/index.php\/2022\/11\/24\/presidente-maduro-saludo-instalacion-de-la-fitven-2022\/#primaryimage\"},\"thumbnailUrl\":\"http:\/\/www.vuce.gob.ve\/wp-content\/uploads\/2022\/12\/Nicolas_Maduro_fitven_anzoategui_venezuela_turismo2.webp\",\"datePublished\":\"2022-11-24T13:38:00+00:00\",\"dateModified\":\"2025-04-18T11:24:44+00:00\",\"description\":\"El presidente de la Rep\u00fablica Bolivariana de Venezuela, Nicol\u00e1s Maduro Moros, salud\u00f3 la instalaci\u00f3n de la Feria Internacional de Turismo de Venezuela\",\"breadcrumb\":{\"@id\":\"http:\/\/www.vuce.gob.ve\/index.php\/2022\/11\/24\/presidente-maduro-saludo-instalacion-de-la-fitven-2022\/#breadcrumb\"},\"inLanguage\":\"es\",\"potentialAction\":[{\"@type\":\"ReadAction\",\"target\":[\"http:\/\/www.vuce.gob.ve\/index.php\/2022\/11\/24\/presidente-maduro-saludo-instalacion-de-la-fitven-2022\/\"]}]},{\"@type\":\"ImageObject\",\"inLanguage\":\"es\",\"@id\":\"http:\/\/www.vuce.gob.ve\/index.php\/2022\/11\/24\/presidente-maduro-saludo-instalacion-de-la-fitven-2022\/#primaryimage\",\"url\":\"http:\/\/www.vuce.gob.ve\/wp-content\/uploads\/2022\/12\/Nicolas_Maduro_fitven_anzoategui_venezuela_turismo2.webp\",\"contentUrl\":\"http:\/\/www.vuce.gob.ve\/wp-content\/uploads\/2022\/12\/Nicolas_Maduro_fitven_anzoategui_venezuela_turismo2.webp\",\"width\":780,\"height\":405},{\"@type\":\"BreadcrumbList\",\"@id\":\"http:\/\/www.vuce.gob.ve\/index.php\/2022\/11\/24\/presidente-maduro-saludo-instalacion-de-la-fitven-2022\/#breadcrumb\",\"itemListElement\":[{\"@type\":\"ListItem\",\"position\":1,\"name\":\"Portada\",\"item\":\"http:\/\/www.vuce.gob.ve\/\"},{\"@type\":\"ListItem\",\"position\":2,\"name\":\"Presidente Maduro salud\u00f3 instalaci\u00f3n de la FITVEN 2022\"}]},{\"@type\":\"WebSite\",\"@id\":\"http:\/\/www.vuce.gob.ve\/#website\",\"url\":\"http:\/\/www.vuce.gob.ve\/\",\"name\":\"Portal VUCE\",\"description\":\"Ventanilla \u00danica de Comercio Exterior\",\"publisher\":{\"@id\":\"http:\/\/www.vuce.gob.ve\/#organization\"},\"potentialAction\":[{\"@type\":\"SearchAction\",\"target\":{\"@type\":\"EntryPoint\",\"urlTemplate\":\"http:\/\/www.vuce.gob.ve\/?s={search_term_string}\"},\"query-input\":{\"@type\":\"PropertyValueSpecification\",\"valueRequired\":true,\"valueName\":\"search_term_string\"}}],\"inLanguage\":\"es\"},{\"@type\":\"Organization\",\"@id\":\"http:\/\/www.vuce.gob.ve\/#organization\",\"name\":\"Portal VUCE\",\"url\":\"http:\/\/www.vuce.gob.ve\/\",\"logo\":{\"@type\":\"ImageObject\",\"inLanguage\":\"es\",\"@id\":\"http:\/\/www.vuce.gob.ve\/#\/schema\/logo\/image\/\",\"url\":\"http:\/\/www.vuce.gob.ve\/wp-content\/uploads\/2022\/04\/logo-1.png\",\"contentUrl\":\"http:\/\/www.vuce.gob.ve\/wp-content\/uploads\/2022\/04\/logo-1.png\",\"width\":625,\"height\":130,\"caption\":\"Portal VUCE\"},\"image\":{\"@id\":\"http:\/\/www.vuce.gob.ve\/#\/schema\/logo\/image\/\"},\"sameAs\":[\"https:\/\/www.instagram.com\/vucevzla\/\"]},{\"@type\":\"Person\",\"@id\":\"http:\/\/www.vuce.gob.ve\/#\/schema\/person\/9948ccf612f79fdf2574612b10a3ed07\",\"name\":\"prensaVuce\",\"image\":{\"@type\":\"ImageObject\",\"inLanguage\":\"es\",\"@id\":\"http:\/\/www.vuce.gob.ve\/#\/schema\/person\/image\/\",\"url\":\"http:\/\/www.vuce.gob.ve\/wp-content\/litespeed\/avatar\/aa32f7598b0f2a0b2a870e50d786d9f3.jpg?ver=1777417623\",\"contentUrl\":\"http:\/\/www.vuce.gob.ve\/wp-content\/litespeed\/avatar\/aa32f7598b0f2a0b2a870e50d786d9f3.jpg?ver=1777417623\",\"caption\":\"prensaVuce\"},\"sameAs\":[\"http:\/\/172.30.211.18\/wordpress\"]}]}<\/script>\n<!-- \/ Yoast SEO plugin. -->","yoast_head_json":{"title":"Presidente Maduro salud\u00f3 instalaci\u00f3n de la FITVEN 2022","description":"El presidente de la Rep\u00fablica Bolivariana de Venezuela, Nicol\u00e1s Maduro Moros, salud\u00f3 la instalaci\u00f3n de la Feria Internacional de Turismo de Venezuela","robots":{"index":"index","follow":"follow","max-snippet":"max-snippet:-1","max-image-preview":"max-image-preview:large","max-video-preview":"max-video-preview:-1"},"canonical":"http:\/\/www.vuce.gob.ve\/index.php\/2022\/11\/24\/presidente-maduro-saludo-instalacion-de-la-fitven-2022\/","og_locale":"es_ES","og_type":"article","og_title":"Presidente Maduro salud\u00f3 instalaci\u00f3n de la FITVEN 2022","og_description":"El presidente de la Rep\u00fablica Bolivariana de Venezuela, Nicol\u00e1s Maduro Moros, salud\u00f3 la instalaci\u00f3n de la Feria Internacional de Turismo de Venezuela","og_url":"http:\/\/www.vuce.gob.ve\/index.php\/2022\/11\/24\/presidente-maduro-saludo-instalacion-de-la-fitven-2022\/","og_site_name":"Portal VUCE","article_publisher":"https:\/\/www.instagram.com\/vucevzla\/","article_published_time":"2022-11-24T13:38:00+00:00","article_modified_time":"2025-04-18T11:24:44+00:00","og_image":[{"width":780,"height":405,"url":"http:\/\/www.vuce.gob.ve\/wp-content\/uploads\/2022\/12\/Nicolas_Maduro_fitven_anzoategui_venezuela_turismo2.webp","type":"image\/webp"}],"author":"prensaVuce","twitter_card":"summary_large_image","twitter_misc":{"Escrito por":"prensaVuce","Tiempo de lectura":"1 minuto"},"schema":{"@context":"https:\/\/schema.org","@graph":[{"@type":"Article","@id":"http:\/\/www.vuce.gob.ve\/index.php\/2022\/11\/24\/presidente-maduro-saludo-instalacion-de-la-fitven-2022\/#article","isPartOf":{"@id":"http:\/\/www.vuce.gob.ve\/index.php\/2022\/11\/24\/presidente-maduro-saludo-instalacion-de-la-fitven-2022\/"},"author":{"name":"prensaVuce","@id":"http:\/\/www.vuce.gob.ve\/#\/schema\/person\/9948ccf612f79fdf2574612b10a3ed07"},"headline":"Presidente Maduro salud\u00f3 instalaci\u00f3n de la FITVEN 2022","datePublished":"2022-11-24T13:38:00+00:00","dateModified":"2025-04-18T11:24:44+00:00","mainEntityOfPage":{"@id":"http:\/\/www.vuce.gob.ve\/index.php\/2022\/11\/24\/presidente-maduro-saludo-instalacion-de-la-fitven-2022\/"},"wordCount":166,"publisher":{"@id":"http:\/\/www.vuce.gob.ve\/#organization"},"image":{"@id":"http:\/\/www.vuce.gob.ve\/index.php\/2022\/11\/24\/presidente-maduro-saludo-instalacion-de-la-fitven-2022\/#primaryimage"},"thumbnailUrl":"http:\/\/www.vuce.gob.ve\/wp-content\/uploads\/2022\/12\/Nicolas_Maduro_fitven_anzoategui_venezuela_turismo2.webp","articleSection":["Noticias"],"inLanguage":"es"},{"@type":"WebPage","@id":"http:\/\/www.vuce.gob.ve\/index.php\/2022\/11\/24\/presidente-maduro-saludo-instalacion-de-la-fitven-2022\/","url":"http:\/\/www.vuce.gob.ve\/index.php\/2022\/11\/24\/presidente-maduro-saludo-instalacion-de-la-fitven-2022\/","name":"Presidente Maduro salud\u00f3 instalaci\u00f3n de la FITVEN 2022","isPartOf":{"@id":"http:\/\/www.vuce.gob.ve\/#website"},"primaryImageOfPage":{"@id":"http:\/\/www.vuce.gob.ve\/index.php\/2022\/11\/24\/presidente-maduro-saludo-instalacion-de-la-fitven-2022\/#primaryimage"},"image":{"@id":"http:\/\/www.vuce.gob.ve\/index.php\/2022\/11\/24\/presidente-maduro-saludo-instalacion-de-la-fitven-2022\/#primaryimage"},"thumbnailUrl":"http:\/\/www.vuce.gob.ve\/wp-content\/uploads\/2022\/12\/Nicolas_Maduro_fitven_anzoategui_venezuela_turismo2.webp","datePublished":"2022-11-24T13:38:00+00:00","dateModified":"2025-04-18T11:24:44+00:00","description":"El presidente de la Rep\u00fablica Bolivariana de Venezuela, Nicol\u00e1s Maduro Moros, salud\u00f3 la instalaci\u00f3n de la Feria Internacional de Turismo de Venezuela","breadcrumb":{"@id":"http:\/\/www.vuce.gob.ve\/index.php\/2022\/11\/24\/presidente-maduro-saludo-instalacion-de-la-fitven-2022\/#breadcrumb"},"inLanguage":"es","potentialAction":[{"@type":"ReadAction","target":["http:\/\/www.vuce.gob.ve\/index.php\/2022\/11\/24\/presidente-maduro-saludo-instalacion-de-la-fitven-2022\/"]}]},{"@type":"ImageObject","inLanguage":"es","@id":"http:\/\/www.vuce.gob.ve\/index.php\/2022\/11\/24\/presidente-maduro-saludo-instalacion-de-la-fitven-2022\/#primaryimage","url":"http:\/\/www.vuce.gob.ve\/wp-content\/uploads\/2022\/12\/Nicolas_Maduro_fitven_anzoategui_venezuela_turismo2.webp","contentUrl":"http:\/\/www.vuce.gob.ve\/wp-content\/uploads\/2022\/12\/Nicolas_Maduro_fitven_anzoategui_venezuela_turismo2.webp","width":780,"height":405},{"@type":"BreadcrumbList","@id":"http:\/\/www.vuce.gob.ve\/index.php\/2022\/11\/24\/presidente-maduro-saludo-instalacion-de-la-fitven-2022\/#breadcrumb","itemListElement":[{"@type":"ListItem","position":1,"name":"Portada","item":"http:\/\/www.vuce.gob.ve\/"},{"@type":"ListItem","position":2,"name":"Presidente Maduro salud\u00f3 instalaci\u00f3n de la FITVEN 2022"}]},{"@type":"WebSite","@id":"http:\/\/www.vuce.gob.ve\/#website","url":"http:\/\/www.vuce.gob.ve\/","name":"Portal VUCE","description":"Ventanilla \u00danica de Comercio Exterior","publisher":{"@id":"http:\/\/www.vuce.gob.ve\/#organization"},"potentialAction":[{"@type":"SearchAction","target":{"@type":"EntryPoint","urlTemplate":"http:\/\/www.vuce.gob.ve\/?s={search_term_string}"},"query-input":{"@type":"PropertyValueSpecification","valueRequired":true,"valueName":"search_term_string"}}],"inLanguage":"es"},{"@type":"Organization","@id":"http:\/\/www.vuce.gob.ve\/#organization","name":"Portal VUCE","url":"http:\/\/www.vuce.gob.ve\/","logo":{"@type":"ImageObject","inLanguage":"es","@id":"http:\/\/www.vuce.gob.ve\/#\/schema\/logo\/image\/","url":"http:\/\/www.vuce.gob.ve\/wp-content\/uploads\/2022\/04\/logo-1.png","contentUrl":"http:\/\/www.vuce.gob.ve\/wp-content\/uploads\/2022\/04\/logo-1.png","width":625,"height":130,"caption":"Portal VUCE"},"image":{"@id":"http:\/\/www.vuce.gob.ve\/#\/schema\/logo\/image\/"},"sameAs":["https:\/\/www.instagram.com\/vucevzla\/"]},{"@type":"Person","@id":"http:\/\/www.vuce.gob.ve\/#\/schema\/person\/9948ccf612f79fdf2574612b10a3ed07","name":"prensaVuce","image":{"@type":"ImageObject","inLanguage":"es","@id":"http:\/\/www.vuce.gob.ve\/#\/schema\/person\/image\/","url":"http:\/\/www.vuce.gob.ve\/wp-content\/litespeed\/avatar\/aa32f7598b0f2a0b2a870e50d786d9f3.jpg?ver=1777417623","contentUrl":"http:\/\/www.vuce.gob.ve\/wp-content\/litespeed\/avatar\/aa32f7598b0f2a0b2a870e50d786d9f3.jpg?ver=1777417623","caption":"prensaVuce"},"sameAs":["http:\/\/172.30.211.18\/wordpress"]}]}},"_links":{"self":[{"href":"http:\/\/www.vuce.gob.ve\/index.php\/wp-json\/wp\/v2\/posts\/2046","targetHints":{"allow":["GET"]}}],"collection":[{"href":"http:\/\/www.vuce.gob.ve\/index.php\/wp-json\/wp\/v2\/posts"}],"about":[{"href":"http:\/\/www.vuce.gob.ve\/index.php\/wp-json\/wp\/v2\/types\/post"}],"author":[{"embeddable":true,"href":"http:\/\/www.vuce.gob.ve\/index.php\/wp-json\/wp\/v2\/users\/1"}],"replies":[{"embeddable":true,"href":"http:\/\/www.vuce.gob.ve\/index.php\/wp-json\/wp\/v2\/comments?post=2046"}],"version-history":[{"count":1,"href":"http:\/\/www.vuce.gob.ve\/index.php\/wp-json\/wp\/v2\/posts\/2046\/revisions"}],"predecessor-version":[{"id":2056,"href":"http:\/\/www.vuce.gob.ve\/index.php\/wp-json\/wp\/v2\/posts\/2046\/revisions\/2056"}],"wp:featuredmedia":[{"embeddable":true,"href":"http:\/\/www.vuce.gob.ve\/index.php\/wp-json\/wp\/v2\/media\/2053"}],"wp:attachment":[{"href":"http:\/\/www.vuce.gob.ve\/index.php\/wp-json\/wp\/v2\/media?parent=2046"}],"wp:term":[{"taxonomy":"category","embeddable":true,"href":"http:\/\/www.vuce.gob.ve\/index.php\/wp-json\/wp\/v2\/categories?post=2046"},{"taxonomy":"post_tag","embeddable":true,"href":"http:\/\/www.vuce.gob.ve\/index.php\/wp-json\/wp\/v2\/tags?post=2046"}],"curies":[{"name":"wp","href":"https:\/\/api.w.org\/{rel}","templated":true}]}}