{"id":1947,"date":"2022-11-07T12:41:02","date_gmt":"2022-11-07T12:41:02","guid":{"rendered":"http:\/\/www.vuce.gob.ve\/?p=1947"},"modified":"2025-04-18T11:24:44","modified_gmt":"2025-04-18T11:24:44","slug":"venezuela-presentara-politicas-publicas-para-resguardo-del-clima-en-segmento-de-alto-nivel-cop27","status":"publish","type":"post","link":"http:\/\/www.vuce.gob.ve\/index.php\/2022\/11\/07\/venezuela-presentara-politicas-publicas-para-resguardo-del-clima-en-segmento-de-alto-nivel-cop27\/","title":{"rendered":"Venezuela presentar\u00e1 pol\u00edticas p\u00fablicas para resguardo del clima en Segmento de Alto Nivel COP27"},"content":{"rendered":"\n<p>El presidente de la Rep\u00fablica Bolivariana de Venezuela, Nicol\u00e1s Maduro, participa en las mesas de trabajo: Seguridad Alimentaria y Cambio Clim\u00e1tico, durante el Segmento de Alto Nivel de la XXVII Conferencia de la Convenci\u00f3n Marco de las Naciones Unidas sobre el Cambio Clim\u00e1tico (COP27), en Sharm El Sheikh, Rep\u00fablica \u00c1rabe de Egipto, los d\u00edas 7 y 8 de noviembre.<\/p>\n\n\n\n<p><em>\u201cLa tarea de preservar la vida en el planeta tierra es responsabilidad de todos y todas. Llegar acuerdos y comprometernos por el bienestar de la humanidad, es el camino correcto. \u00a1Trabajemos en eso!<\/em> Escribi\u00f3 el Jefe de Estado en su cuenta en Twitter.<\/p>\n\n\n\n<p>Previo a su participaci\u00f3n en la mesa Seguridad Alimentaria, el Presidente venezolano lleg\u00f3 al Centro Internacional de Convenciones de Sharm El Sheikh, donde fue recibido por el presidente de Egipto, su Excelencia, Se\u00f1or Abdel Fattah El \u2013 Sisi.<\/p>\n\n\n\n<p>Posteriormente, se realiz\u00f3 la foto oficial de la Cumbre de Implementaci\u00f3n Clim\u00e1tica de Sharm El Sheikh, y continu\u00f3 con el acto de inicio de la cumbre clim\u00e1tica. Durante los d\u00edas 7 y 8 tambi\u00e9n se debatir\u00e1n temas como: Transici\u00f3n Justa, Finanzas Innovadoras para el Clima y el Desarrollo, Invertir en el Futuro de la Energ\u00eda y Seguridad H\u00eddrica. Prensa Presidencial<\/p>\n","protected":false},"excerpt":{"rendered":"<p>El presidente de la Rep\u00fablica Bolivariana de Venezuela, Nicol\u00e1s Maduro, participa en las mesas de trabajo: Seguridad Alimentaria y Cambio Clim\u00e1tico, durante el Segmento de Alto Nivel de la XXVII Conferencia de la Convenci\u00f3n Marco de las Naciones Unidas sobre el Cambio Clim\u00e1tico (COP27), en Sharm El Sheikh, Rep\u00fablica \u00c1rabe de Egipto, los d\u00edas 7 &hellip;<\/p>\n<p class=\"read-more\"> <a class=\"\" href=\"http:\/\/www.vuce.gob.ve\/index.php\/2022\/11\/07\/venezuela-presentara-politicas-publicas-para-resguardo-del-clima-en-segmento-de-alto-nivel-cop27\/\"> <span class=\"screen-reader-text\">Venezuela presentar\u00e1 pol\u00edticas p\u00fablicas para resguardo del clima en Segmento de Alto Nivel COP27<\/span> Leer m\u00e1s &raquo;<\/a><\/p>\n","protected":false},"author":1,"featured_media":1948,"comment_status":"closed","ping_status":"open","sticky":false,"template":"","format":"standard","meta":{"site-sidebar-layout":"default","site-content-layout":"default","ast-global-header-display":"","ast-main-header-display":"","ast-hfb-above-header-display":"","ast-hfb-below-header-display":"","ast-hfb-mobile-header-display":"","site-post-title":"","ast-breadcrumbs-content":"","ast-featured-img":"","footer-sml-layout":"","theme-transparent-header-meta":"","adv-header-id-meta":"","stick-header-meta":"","header-above-stick-meta":"","header-main-stick-meta":"","header-below-stick-meta":"","footnotes":""},"categories":[10],"tags":[43,39,21,44,12],"class_list":["post-1947","post","type-post","status-publish","format-standard","has-post-thumbnail","hentry","category-noticias","tag-cop27","tag-egipto","tag-nicolas-maduro","tag-seguridad-alimentaria","tag-venezuela"],"yoast_head":"<!-- This site is optimized with the Yoast SEO plugin v25.7 - https:\/\/yoast.com\/wordpress\/plugins\/seo\/ -->\n<title>Venezuela presentar\u00e1 pol\u00edticas p\u00fablicas para resguardo del clima en Segmento de Alto Nivel COP27<\/title>\n<meta name=\"description\" content=\"El presidente de la Rep\u00fablica Bolivariana de Venezuela, Nicol\u00e1s Maduro, participa en las mesas de trabajo: Seguridad Alimentaria y Cambio Clim\u00e1tico,\" \/>\n<meta name=\"robots\" content=\"index, follow, max-snippet:-1, max-image-preview:large, max-video-preview:-1\" \/>\n<link rel=\"canonical\" href=\"http:\/\/www.vuce.gob.ve\/index.php\/2022\/11\/07\/venezuela-presentara-politicas-publicas-para-resguardo-del-clima-en-segmento-de-alto-nivel-cop27\/\" \/>\n<meta property=\"og:locale\" content=\"es_ES\" \/>\n<meta property=\"og:type\" content=\"article\" \/>\n<meta property=\"og:title\" content=\"Venezuela presentar\u00e1 pol\u00edticas p\u00fablicas para resguardo del clima en Segmento de Alto Nivel COP27\" \/>\n<meta property=\"og:description\" content=\"El presidente de la Rep\u00fablica Bolivariana de Venezuela, Nicol\u00e1s Maduro, participa en las mesas de trabajo: Seguridad Alimentaria y Cambio Clim\u00e1tico,\" \/>\n<meta property=\"og:url\" content=\"http:\/\/www.vuce.gob.ve\/index.php\/2022\/11\/07\/venezuela-presentara-politicas-publicas-para-resguardo-del-clima-en-segmento-de-alto-nivel-cop27\/\" \/>\n<meta property=\"og:site_name\" content=\"Portal VUCE\" \/>\n<meta property=\"article:publisher\" content=\"https:\/\/www.instagram.com\/vucevzla\/\" \/>\n<meta property=\"article:published_time\" content=\"2022-11-07T12:41:02+00:00\" \/>\n<meta property=\"article:modified_time\" content=\"2025-04-18T11:24:44+00:00\" \/>\n<meta property=\"og:image\" content=\"http:\/\/www.vuce.gob.ve\/wp-content\/uploads\/2022\/11\/photo_5136416067655151580_y.jpg\" \/>\n\t<meta property=\"og:image:width\" content=\"1080\" \/>\n\t<meta property=\"og:image:height\" content=\"720\" \/>\n\t<meta property=\"og:image:type\" content=\"image\/jpeg\" \/>\n<meta name=\"author\" content=\"prensaVuce\" \/>\n<meta name=\"twitter:card\" content=\"summary_large_image\" \/>\n<meta name=\"twitter:label1\" content=\"Escrito por\" \/>\n\t<meta name=\"twitter:data1\" content=\"prensaVuce\" \/>\n\t<meta name=\"twitter:label2\" content=\"Tiempo de lectura\" \/>\n\t<meta name=\"twitter:data2\" content=\"1 minuto\" \/>\n<script type=\"application\/ld+json\" class=\"yoast-schema-graph\">{\"@context\":\"https:\/\/schema.org\",\"@graph\":[{\"@type\":\"Article\",\"@id\":\"http:\/\/www.vuce.gob.ve\/index.php\/2022\/11\/07\/venezuela-presentara-politicas-publicas-para-resguardo-del-clima-en-segmento-de-alto-nivel-cop27\/#article\",\"isPartOf\":{\"@id\":\"http:\/\/www.vuce.gob.ve\/index.php\/2022\/11\/07\/venezuela-presentara-politicas-publicas-para-resguardo-del-clima-en-segmento-de-alto-nivel-cop27\/\"},\"author\":{\"name\":\"prensaVuce\",\"@id\":\"http:\/\/www.vuce.gob.ve\/#\/schema\/person\/9948ccf612f79fdf2574612b10a3ed07\"},\"headline\":\"Venezuela presentar\u00e1 pol\u00edticas p\u00fablicas para resguardo del clima en Segmento de Alto Nivel COP27\",\"datePublished\":\"2022-11-07T12:41:02+00:00\",\"dateModified\":\"2025-04-18T11:24:44+00:00\",\"mainEntityOfPage\":{\"@id\":\"http:\/\/www.vuce.gob.ve\/index.php\/2022\/11\/07\/venezuela-presentara-politicas-publicas-para-resguardo-del-clima-en-segmento-de-alto-nivel-cop27\/\"},\"wordCount\":229,\"publisher\":{\"@id\":\"http:\/\/www.vuce.gob.ve\/#organization\"},\"image\":{\"@id\":\"http:\/\/www.vuce.gob.ve\/index.php\/2022\/11\/07\/venezuela-presentara-politicas-publicas-para-resguardo-del-clima-en-segmento-de-alto-nivel-cop27\/#primaryimage\"},\"thumbnailUrl\":\"http:\/\/www.vuce.gob.ve\/wp-content\/uploads\/2022\/11\/photo_5136416067655151580_y.jpg\",\"keywords\":[\"cop27\",\"egipto\",\"Nicolas Maduro\",\"seguridad alimentaria\",\"venezuela\"],\"articleSection\":[\"Noticias\"],\"inLanguage\":\"es\"},{\"@type\":\"WebPage\",\"@id\":\"http:\/\/www.vuce.gob.ve\/index.php\/2022\/11\/07\/venezuela-presentara-politicas-publicas-para-resguardo-del-clima-en-segmento-de-alto-nivel-cop27\/\",\"url\":\"http:\/\/www.vuce.gob.ve\/index.php\/2022\/11\/07\/venezuela-presentara-politicas-publicas-para-resguardo-del-clima-en-segmento-de-alto-nivel-cop27\/\",\"name\":\"Venezuela presentar\u00e1 pol\u00edticas p\u00fablicas para resguardo del clima en Segmento de Alto Nivel COP27\",\"isPartOf\":{\"@id\":\"http:\/\/www.vuce.gob.ve\/#website\"},\"primaryImageOfPage\":{\"@id\":\"http:\/\/www.vuce.gob.ve\/index.php\/2022\/11\/07\/venezuela-presentara-politicas-publicas-para-resguardo-del-clima-en-segmento-de-alto-nivel-cop27\/#primaryimage\"},\"image\":{\"@id\":\"http:\/\/www.vuce.gob.ve\/index.php\/2022\/11\/07\/venezuela-presentara-politicas-publicas-para-resguardo-del-clima-en-segmento-de-alto-nivel-cop27\/#primaryimage\"},\"thumbnailUrl\":\"http:\/\/www.vuce.gob.ve\/wp-content\/uploads\/2022\/11\/photo_5136416067655151580_y.jpg\",\"datePublished\":\"2022-11-07T12:41:02+00:00\",\"dateModified\":\"2025-04-18T11:24:44+00:00\",\"description\":\"El presidente de la Rep\u00fablica Bolivariana de Venezuela, Nicol\u00e1s Maduro, participa en las mesas de trabajo: Seguridad Alimentaria y Cambio Clim\u00e1tico,\",\"breadcrumb\":{\"@id\":\"http:\/\/www.vuce.gob.ve\/index.php\/2022\/11\/07\/venezuela-presentara-politicas-publicas-para-resguardo-del-clima-en-segmento-de-alto-nivel-cop27\/#breadcrumb\"},\"inLanguage\":\"es\",\"potentialAction\":[{\"@type\":\"ReadAction\",\"target\":[\"http:\/\/www.vuce.gob.ve\/index.php\/2022\/11\/07\/venezuela-presentara-politicas-publicas-para-resguardo-del-clima-en-segmento-de-alto-nivel-cop27\/\"]}]},{\"@type\":\"ImageObject\",\"inLanguage\":\"es\",\"@id\":\"http:\/\/www.vuce.gob.ve\/index.php\/2022\/11\/07\/venezuela-presentara-politicas-publicas-para-resguardo-del-clima-en-segmento-de-alto-nivel-cop27\/#primaryimage\",\"url\":\"http:\/\/www.vuce.gob.ve\/wp-content\/uploads\/2022\/11\/photo_5136416067655151580_y.jpg\",\"contentUrl\":\"http:\/\/www.vuce.gob.ve\/wp-content\/uploads\/2022\/11\/photo_5136416067655151580_y.jpg\",\"width\":1080,\"height\":720},{\"@type\":\"BreadcrumbList\",\"@id\":\"http:\/\/www.vuce.gob.ve\/index.php\/2022\/11\/07\/venezuela-presentara-politicas-publicas-para-resguardo-del-clima-en-segmento-de-alto-nivel-cop27\/#breadcrumb\",\"itemListElement\":[{\"@type\":\"ListItem\",\"position\":1,\"name\":\"Portada\",\"item\":\"http:\/\/www.vuce.gob.ve\/\"},{\"@type\":\"ListItem\",\"position\":2,\"name\":\"Venezuela presentar\u00e1 pol\u00edticas p\u00fablicas para resguardo del clima en Segmento de Alto Nivel COP27\"}]},{\"@type\":\"WebSite\",\"@id\":\"http:\/\/www.vuce.gob.ve\/#website\",\"url\":\"http:\/\/www.vuce.gob.ve\/\",\"name\":\"Portal VUCE\",\"description\":\"Ventanilla \u00danica de Comercio Exterior\",\"publisher\":{\"@id\":\"http:\/\/www.vuce.gob.ve\/#organization\"},\"potentialAction\":[{\"@type\":\"SearchAction\",\"target\":{\"@type\":\"EntryPoint\",\"urlTemplate\":\"http:\/\/www.vuce.gob.ve\/?s={search_term_string}\"},\"query-input\":{\"@type\":\"PropertyValueSpecification\",\"valueRequired\":true,\"valueName\":\"search_term_string\"}}],\"inLanguage\":\"es\"},{\"@type\":\"Organization\",\"@id\":\"http:\/\/www.vuce.gob.ve\/#organization\",\"name\":\"Portal VUCE\",\"url\":\"http:\/\/www.vuce.gob.ve\/\",\"logo\":{\"@type\":\"ImageObject\",\"inLanguage\":\"es\",\"@id\":\"http:\/\/www.vuce.gob.ve\/#\/schema\/logo\/image\/\",\"url\":\"http:\/\/www.vuce.gob.ve\/wp-content\/uploads\/2022\/04\/logo-1.png\",\"contentUrl\":\"http:\/\/www.vuce.gob.ve\/wp-content\/uploads\/2022\/04\/logo-1.png\",\"width\":625,\"height\":130,\"caption\":\"Portal VUCE\"},\"image\":{\"@id\":\"http:\/\/www.vuce.gob.ve\/#\/schema\/logo\/image\/\"},\"sameAs\":[\"https:\/\/www.instagram.com\/vucevzla\/\"]},{\"@type\":\"Person\",\"@id\":\"http:\/\/www.vuce.gob.ve\/#\/schema\/person\/9948ccf612f79fdf2574612b10a3ed07\",\"name\":\"prensaVuce\",\"image\":{\"@type\":\"ImageObject\",\"inLanguage\":\"es\",\"@id\":\"http:\/\/www.vuce.gob.ve\/#\/schema\/person\/image\/\",\"url\":\"http:\/\/www.vuce.gob.ve\/wp-content\/litespeed\/avatar\/aa32f7598b0f2a0b2a870e50d786d9f3.jpg?ver=1777417623\",\"contentUrl\":\"http:\/\/www.vuce.gob.ve\/wp-content\/litespeed\/avatar\/aa32f7598b0f2a0b2a870e50d786d9f3.jpg?ver=1777417623\",\"caption\":\"prensaVuce\"},\"sameAs\":[\"http:\/\/172.30.211.18\/wordpress\"]}]}<\/script>\n<!-- \/ Yoast SEO plugin. -->","yoast_head_json":{"title":"Venezuela presentar\u00e1 pol\u00edticas p\u00fablicas para resguardo del clima en Segmento de Alto Nivel COP27","description":"El presidente de la Rep\u00fablica Bolivariana de Venezuela, Nicol\u00e1s Maduro, participa en las mesas de trabajo: Seguridad Alimentaria y Cambio Clim\u00e1tico,","robots":{"index":"index","follow":"follow","max-snippet":"max-snippet:-1","max-image-preview":"max-image-preview:large","max-video-preview":"max-video-preview:-1"},"canonical":"http:\/\/www.vuce.gob.ve\/index.php\/2022\/11\/07\/venezuela-presentara-politicas-publicas-para-resguardo-del-clima-en-segmento-de-alto-nivel-cop27\/","og_locale":"es_ES","og_type":"article","og_title":"Venezuela presentar\u00e1 pol\u00edticas p\u00fablicas para resguardo del clima en Segmento de Alto Nivel COP27","og_description":"El presidente de la Rep\u00fablica Bolivariana de Venezuela, Nicol\u00e1s Maduro, participa en las mesas de trabajo: Seguridad Alimentaria y Cambio Clim\u00e1tico,","og_url":"http:\/\/www.vuce.gob.ve\/index.php\/2022\/11\/07\/venezuela-presentara-politicas-publicas-para-resguardo-del-clima-en-segmento-de-alto-nivel-cop27\/","og_site_name":"Portal VUCE","article_publisher":"https:\/\/www.instagram.com\/vucevzla\/","article_published_time":"2022-11-07T12:41:02+00:00","article_modified_time":"2025-04-18T11:24:44+00:00","og_image":[{"width":1080,"height":720,"url":"http:\/\/www.vuce.gob.ve\/wp-content\/uploads\/2022\/11\/photo_5136416067655151580_y.jpg","type":"image\/jpeg"}],"author":"prensaVuce","twitter_card":"summary_large_image","twitter_misc":{"Escrito por":"prensaVuce","Tiempo de lectura":"1 minuto"},"schema":{"@context":"https:\/\/schema.org","@graph":[{"@type":"Article","@id":"http:\/\/www.vuce.gob.ve\/index.php\/2022\/11\/07\/venezuela-presentara-politicas-publicas-para-resguardo-del-clima-en-segmento-de-alto-nivel-cop27\/#article","isPartOf":{"@id":"http:\/\/www.vuce.gob.ve\/index.php\/2022\/11\/07\/venezuela-presentara-politicas-publicas-para-resguardo-del-clima-en-segmento-de-alto-nivel-cop27\/"},"author":{"name":"prensaVuce","@id":"http:\/\/www.vuce.gob.ve\/#\/schema\/person\/9948ccf612f79fdf2574612b10a3ed07"},"headline":"Venezuela presentar\u00e1 pol\u00edticas p\u00fablicas para resguardo del clima en Segmento de Alto Nivel COP27","datePublished":"2022-11-07T12:41:02+00:00","dateModified":"2025-04-18T11:24:44+00:00","mainEntityOfPage":{"@id":"http:\/\/www.vuce.gob.ve\/index.php\/2022\/11\/07\/venezuela-presentara-politicas-publicas-para-resguardo-del-clima-en-segmento-de-alto-nivel-cop27\/"},"wordCount":229,"publisher":{"@id":"http:\/\/www.vuce.gob.ve\/#organization"},"image":{"@id":"http:\/\/www.vuce.gob.ve\/index.php\/2022\/11\/07\/venezuela-presentara-politicas-publicas-para-resguardo-del-clima-en-segmento-de-alto-nivel-cop27\/#primaryimage"},"thumbnailUrl":"http:\/\/www.vuce.gob.ve\/wp-content\/uploads\/2022\/11\/photo_5136416067655151580_y.jpg","keywords":["cop27","egipto","Nicolas Maduro","seguridad alimentaria","venezuela"],"articleSection":["Noticias"],"inLanguage":"es"},{"@type":"WebPage","@id":"http:\/\/www.vuce.gob.ve\/index.php\/2022\/11\/07\/venezuela-presentara-politicas-publicas-para-resguardo-del-clima-en-segmento-de-alto-nivel-cop27\/","url":"http:\/\/www.vuce.gob.ve\/index.php\/2022\/11\/07\/venezuela-presentara-politicas-publicas-para-resguardo-del-clima-en-segmento-de-alto-nivel-cop27\/","name":"Venezuela presentar\u00e1 pol\u00edticas p\u00fablicas para resguardo del clima en Segmento de Alto Nivel COP27","isPartOf":{"@id":"http:\/\/www.vuce.gob.ve\/#website"},"primaryImageOfPage":{"@id":"http:\/\/www.vuce.gob.ve\/index.php\/2022\/11\/07\/venezuela-presentara-politicas-publicas-para-resguardo-del-clima-en-segmento-de-alto-nivel-cop27\/#primaryimage"},"image":{"@id":"http:\/\/www.vuce.gob.ve\/index.php\/2022\/11\/07\/venezuela-presentara-politicas-publicas-para-resguardo-del-clima-en-segmento-de-alto-nivel-cop27\/#primaryimage"},"thumbnailUrl":"http:\/\/www.vuce.gob.ve\/wp-content\/uploads\/2022\/11\/photo_5136416067655151580_y.jpg","datePublished":"2022-11-07T12:41:02+00:00","dateModified":"2025-04-18T11:24:44+00:00","description":"El presidente de la Rep\u00fablica Bolivariana de Venezuela, Nicol\u00e1s Maduro, participa en las mesas de trabajo: Seguridad Alimentaria y Cambio Clim\u00e1tico,","breadcrumb":{"@id":"http:\/\/www.vuce.gob.ve\/index.php\/2022\/11\/07\/venezuela-presentara-politicas-publicas-para-resguardo-del-clima-en-segmento-de-alto-nivel-cop27\/#breadcrumb"},"inLanguage":"es","potentialAction":[{"@type":"ReadAction","target":["http:\/\/www.vuce.gob.ve\/index.php\/2022\/11\/07\/venezuela-presentara-politicas-publicas-para-resguardo-del-clima-en-segmento-de-alto-nivel-cop27\/"]}]},{"@type":"ImageObject","inLanguage":"es","@id":"http:\/\/www.vuce.gob.ve\/index.php\/2022\/11\/07\/venezuela-presentara-politicas-publicas-para-resguardo-del-clima-en-segmento-de-alto-nivel-cop27\/#primaryimage","url":"http:\/\/www.vuce.gob.ve\/wp-content\/uploads\/2022\/11\/photo_5136416067655151580_y.jpg","contentUrl":"http:\/\/www.vuce.gob.ve\/wp-content\/uploads\/2022\/11\/photo_5136416067655151580_y.jpg","width":1080,"height":720},{"@type":"BreadcrumbList","@id":"http:\/\/www.vuce.gob.ve\/index.php\/2022\/11\/07\/venezuela-presentara-politicas-publicas-para-resguardo-del-clima-en-segmento-de-alto-nivel-cop27\/#breadcrumb","itemListElement":[{"@type":"ListItem","position":1,"name":"Portada","item":"http:\/\/www.vuce.gob.ve\/"},{"@type":"ListItem","position":2,"name":"Venezuela presentar\u00e1 pol\u00edticas p\u00fablicas para resguardo del clima en Segmento de Alto Nivel COP27"}]},{"@type":"WebSite","@id":"http:\/\/www.vuce.gob.ve\/#website","url":"http:\/\/www.vuce.gob.ve\/","name":"Portal VUCE","description":"Ventanilla \u00danica de Comercio Exterior","publisher":{"@id":"http:\/\/www.vuce.gob.ve\/#organization"},"potentialAction":[{"@type":"SearchAction","target":{"@type":"EntryPoint","urlTemplate":"http:\/\/www.vuce.gob.ve\/?s={search_term_string}"},"query-input":{"@type":"PropertyValueSpecification","valueRequired":true,"valueName":"search_term_string"}}],"inLanguage":"es"},{"@type":"Organization","@id":"http:\/\/www.vuce.gob.ve\/#organization","name":"Portal VUCE","url":"http:\/\/www.vuce.gob.ve\/","logo":{"@type":"ImageObject","inLanguage":"es","@id":"http:\/\/www.vuce.gob.ve\/#\/schema\/logo\/image\/","url":"http:\/\/www.vuce.gob.ve\/wp-content\/uploads\/2022\/04\/logo-1.png","contentUrl":"http:\/\/www.vuce.gob.ve\/wp-content\/uploads\/2022\/04\/logo-1.png","width":625,"height":130,"caption":"Portal VUCE"},"image":{"@id":"http:\/\/www.vuce.gob.ve\/#\/schema\/logo\/image\/"},"sameAs":["https:\/\/www.instagram.com\/vucevzla\/"]},{"@type":"Person","@id":"http:\/\/www.vuce.gob.ve\/#\/schema\/person\/9948ccf612f79fdf2574612b10a3ed07","name":"prensaVuce","image":{"@type":"ImageObject","inLanguage":"es","@id":"http:\/\/www.vuce.gob.ve\/#\/schema\/person\/image\/","url":"http:\/\/www.vuce.gob.ve\/wp-content\/litespeed\/avatar\/aa32f7598b0f2a0b2a870e50d786d9f3.jpg?ver=1777417623","contentUrl":"http:\/\/www.vuce.gob.ve\/wp-content\/litespeed\/avatar\/aa32f7598b0f2a0b2a870e50d786d9f3.jpg?ver=1777417623","caption":"prensaVuce"},"sameAs":["http:\/\/172.30.211.18\/wordpress"]}]}},"_links":{"self":[{"href":"http:\/\/www.vuce.gob.ve\/index.php\/wp-json\/wp\/v2\/posts\/1947","targetHints":{"allow":["GET"]}}],"collection":[{"href":"http:\/\/www.vuce.gob.ve\/index.php\/wp-json\/wp\/v2\/posts"}],"about":[{"href":"http:\/\/www.vuce.gob.ve\/index.php\/wp-json\/wp\/v2\/types\/post"}],"author":[{"embeddable":true,"href":"http:\/\/www.vuce.gob.ve\/index.php\/wp-json\/wp\/v2\/users\/1"}],"replies":[{"embeddable":true,"href":"http:\/\/www.vuce.gob.ve\/index.php\/wp-json\/wp\/v2\/comments?post=1947"}],"version-history":[{"count":1,"href":"http:\/\/www.vuce.gob.ve\/index.php\/wp-json\/wp\/v2\/posts\/1947\/revisions"}],"predecessor-version":[{"id":1949,"href":"http:\/\/www.vuce.gob.ve\/index.php\/wp-json\/wp\/v2\/posts\/1947\/revisions\/1949"}],"wp:featuredmedia":[{"embeddable":true,"href":"http:\/\/www.vuce.gob.ve\/index.php\/wp-json\/wp\/v2\/media\/1948"}],"wp:attachment":[{"href":"http:\/\/www.vuce.gob.ve\/index.php\/wp-json\/wp\/v2\/media?parent=1947"}],"wp:term":[{"taxonomy":"category","embeddable":true,"href":"http:\/\/www.vuce.gob.ve\/index.php\/wp-json\/wp\/v2\/categories?post=1947"},{"taxonomy":"post_tag","embeddable":true,"href":"http:\/\/www.vuce.gob.ve\/index.php\/wp-json\/wp\/v2\/tags?post=1947"}],"curies":[{"name":"wp","href":"https:\/\/api.w.org\/{rel}","templated":true}]}}