{"id":1941,"date":"2022-11-06T23:18:32","date_gmt":"2022-11-06T23:18:32","guid":{"rendered":"http:\/\/www.vuce.gob.ve\/?p=1941"},"modified":"2025-04-18T11:24:45","modified_gmt":"2025-04-18T11:24:45","slug":"presidente-maduro-llego-a-sharm-el-sheikh-para-participar-en-la-cop27","status":"publish","type":"post","link":"http:\/\/www.vuce.gob.ve\/index.php\/2022\/11\/06\/presidente-maduro-llego-a-sharm-el-sheikh-para-participar-en-la-cop27\/","title":{"rendered":"Presidente Maduro lleg\u00f3 a Sharm El-Sheikh para participar en la COP27"},"content":{"rendered":"\n<p>El presidente de la Rep\u00fablica Bolivariana de Venezuela, Nicol\u00e1s Maduro, lleg\u00f3 a la ciudad de Sharm El-Sheikh, ubicada en Egipto, donde intervendr\u00e1 en la 27\u00b0 Conferencia de las Partes de la Convenci\u00f3n Marco de las Naciones Unidas sobre el Cambio Clim\u00e1tico (COP27).<\/p>\n\n\n\n<p>El Jefe de Estado alzar\u00e1 la voz de los pueblos del Sur, en defensa de un modelo humanista y respetuoso de la vida en el planeta. <\/p>\n\n\n\n<p>El mandatario venezolano, inform\u00f3 que sostendr\u00e1 una jornada extensa de trabajo; expondr\u00e1 la postura de Venezuela, contra los embates destructivos y contaminantes del sistema capitalista en toda la Tierra. <\/p>\n\n\n\n<p>Recientemente, el presidente Maduro puntualiz\u00f3 que el debate de la COP27, debe centrarse en qu\u00e9 puede hacer la humanidad, para dar un salto cualitativo en funci\u00f3n de revertir los efectos de la crisis clim\u00e1tica.<\/p>\n\n\n\n<figure class=\"wp-block-gallery alignfull has-nested-images columns-default is-cropped wp-block-gallery-1 is-layout-flex wp-block-gallery-is-layout-flex\">\n<figure class=\"wp-block-image size-large\"><img loading=\"lazy\" decoding=\"async\" width=\"1024\" height=\"857\" data-id=\"1943\" src=\"http:\/\/www.vuce.gob.ve\/wp-content\/uploads\/2022\/11\/photo_5136416067655151503_y-1024x857.jpg\" alt=\"\" class=\"wp-image-1943\" srcset=\"http:\/\/www.vuce.gob.ve\/wp-content\/uploads\/2022\/11\/photo_5136416067655151503_y-1024x857.jpg 1024w, http:\/\/www.vuce.gob.ve\/wp-content\/uploads\/2022\/11\/photo_5136416067655151503_y-300x251.jpg 300w, http:\/\/www.vuce.gob.ve\/wp-content\/uploads\/2022\/11\/photo_5136416067655151503_y-768x643.jpg 768w, http:\/\/www.vuce.gob.ve\/wp-content\/uploads\/2022\/11\/photo_5136416067655151503_y.jpg 1195w\" sizes=\"auto, (max-width: 1024px) 100vw, 1024px\" \/><\/figure>\n\n\n\n<figure class=\"wp-block-image size-large\"><img loading=\"lazy\" decoding=\"async\" width=\"1024\" height=\"682\" data-id=\"1945\" src=\"http:\/\/www.vuce.gob.ve\/wp-content\/uploads\/2022\/11\/photo_5136416067655151501_y-1024x682.jpg\" alt=\"\" class=\"wp-image-1945\" srcset=\"http:\/\/www.vuce.gob.ve\/wp-content\/uploads\/2022\/11\/photo_5136416067655151501_y-1024x682.jpg 1024w, http:\/\/www.vuce.gob.ve\/wp-content\/uploads\/2022\/11\/photo_5136416067655151501_y-300x200.jpg 300w, http:\/\/www.vuce.gob.ve\/wp-content\/uploads\/2022\/11\/photo_5136416067655151501_y-768x512.jpg 768w, http:\/\/www.vuce.gob.ve\/wp-content\/uploads\/2022\/11\/photo_5136416067655151501_y.jpg 1280w\" sizes=\"auto, (max-width: 1024px) 100vw, 1024px\" \/><\/figure>\n\n\n\n<figure class=\"wp-block-image size-large\"><img loading=\"lazy\" decoding=\"async\" width=\"1024\" height=\"682\" data-id=\"1944\" src=\"http:\/\/www.vuce.gob.ve\/wp-content\/uploads\/2022\/11\/photo_5136416067655151502_y-1024x682.jpg\" alt=\"\" class=\"wp-image-1944\" srcset=\"http:\/\/www.vuce.gob.ve\/wp-content\/uploads\/2022\/11\/photo_5136416067655151502_y-1024x682.jpg 1024w, http:\/\/www.vuce.gob.ve\/wp-content\/uploads\/2022\/11\/photo_5136416067655151502_y-300x200.jpg 300w, http:\/\/www.vuce.gob.ve\/wp-content\/uploads\/2022\/11\/photo_5136416067655151502_y-768x512.jpg 768w, http:\/\/www.vuce.gob.ve\/wp-content\/uploads\/2022\/11\/photo_5136416067655151502_y.jpg 1280w\" sizes=\"auto, (max-width: 1024px) 100vw, 1024px\" \/><\/figure>\n<\/figure>\n","protected":false},"excerpt":{"rendered":"<p>El presidente de la Rep\u00fablica Bolivariana de Venezuela, Nicol\u00e1s Maduro, lleg\u00f3 a la ciudad de Sharm El-Sheikh, ubicada en Egipto, donde intervendr\u00e1 en la 27\u00b0 Conferencia de las Partes de la Convenci\u00f3n Marco de las Naciones Unidas sobre el Cambio Clim\u00e1tico (COP27). El Jefe de Estado alzar\u00e1 la voz de los pueblos del Sur, en &hellip;<\/p>\n<p class=\"read-more\"> <a class=\"\" href=\"http:\/\/www.vuce.gob.ve\/index.php\/2022\/11\/06\/presidente-maduro-llego-a-sharm-el-sheikh-para-participar-en-la-cop27\/\"> <span class=\"screen-reader-text\">Presidente Maduro lleg\u00f3 a Sharm El-Sheikh para participar en la COP27<\/span> Leer m\u00e1s &raquo;<\/a><\/p>\n","protected":false},"author":1,"featured_media":1942,"comment_status":"closed","ping_status":"open","sticky":false,"template":"","format":"standard","meta":{"site-sidebar-layout":"default","site-content-layout":"default","ast-global-header-display":"","ast-main-header-display":"","ast-hfb-above-header-display":"","ast-hfb-below-header-display":"","ast-hfb-mobile-header-display":"","site-post-title":"","ast-breadcrumbs-content":"","ast-featured-img":"","footer-sml-layout":"","theme-transparent-header-meta":"","adv-header-id-meta":"","stick-header-meta":"","header-above-stick-meta":"","header-main-stick-meta":"","header-below-stick-meta":"","footnotes":""},"categories":[10],"tags":[43,39,21,37,12],"class_list":["post-1941","post","type-post","status-publish","format-standard","has-post-thumbnail","hentry","category-noticias","tag-cop27","tag-egipto","tag-nicolas-maduro","tag-onu","tag-venezuela"],"yoast_head":"<!-- This site is optimized with the Yoast SEO plugin v25.7 - https:\/\/yoast.com\/wordpress\/plugins\/seo\/ -->\n<title>Presidente Maduro lleg\u00f3 a Sharm El-Sheikh para participar en la COP27<\/title>\n<meta name=\"description\" content=\"El presidente de la Rep\u00fablica Bolivariana de Venezuela, Nicol\u00e1s Maduro, lleg\u00f3 a la ciudad de Sharm El-Sheikh, ubicada en Egipto, donde intervendr\u00e1 en la\" \/>\n<meta name=\"robots\" content=\"index, follow, max-snippet:-1, max-image-preview:large, max-video-preview:-1\" \/>\n<link rel=\"canonical\" href=\"http:\/\/www.vuce.gob.ve\/index.php\/2022\/11\/06\/presidente-maduro-llego-a-sharm-el-sheikh-para-participar-en-la-cop27\/\" \/>\n<meta property=\"og:locale\" content=\"es_ES\" \/>\n<meta property=\"og:type\" content=\"article\" \/>\n<meta property=\"og:title\" content=\"Presidente Maduro lleg\u00f3 a Sharm El-Sheikh para participar en la COP27\" \/>\n<meta property=\"og:description\" content=\"El presidente de la Rep\u00fablica Bolivariana de Venezuela, Nicol\u00e1s Maduro, lleg\u00f3 a la ciudad de Sharm El-Sheikh, ubicada en Egipto, donde intervendr\u00e1 en la\" \/>\n<meta property=\"og:url\" content=\"http:\/\/www.vuce.gob.ve\/index.php\/2022\/11\/06\/presidente-maduro-llego-a-sharm-el-sheikh-para-participar-en-la-cop27\/\" \/>\n<meta property=\"og:site_name\" content=\"Portal VUCE\" \/>\n<meta property=\"article:publisher\" content=\"https:\/\/www.instagram.com\/vucevzla\/\" \/>\n<meta property=\"article:published_time\" content=\"2022-11-06T23:18:32+00:00\" \/>\n<meta property=\"article:modified_time\" content=\"2025-04-18T11:24:45+00:00\" \/>\n<meta property=\"og:image\" content=\"http:\/\/www.vuce.gob.ve\/wp-content\/uploads\/2022\/11\/photo_5136416067655151504_y.jpg\" \/>\n\t<meta property=\"og:image:width\" content=\"1280\" \/>\n\t<meta property=\"og:image:height\" content=\"853\" \/>\n\t<meta property=\"og:image:type\" content=\"image\/jpeg\" \/>\n<meta name=\"author\" content=\"prensaVuce\" \/>\n<meta name=\"twitter:card\" content=\"summary_large_image\" \/>\n<meta name=\"twitter:label1\" content=\"Escrito por\" \/>\n\t<meta name=\"twitter:data1\" content=\"prensaVuce\" \/>\n\t<meta name=\"twitter:label2\" content=\"Tiempo de lectura\" \/>\n\t<meta name=\"twitter:data2\" content=\"1 minuto\" \/>\n<script type=\"application\/ld+json\" class=\"yoast-schema-graph\">{\"@context\":\"https:\/\/schema.org\",\"@graph\":[{\"@type\":\"Article\",\"@id\":\"http:\/\/www.vuce.gob.ve\/index.php\/2022\/11\/06\/presidente-maduro-llego-a-sharm-el-sheikh-para-participar-en-la-cop27\/#article\",\"isPartOf\":{\"@id\":\"http:\/\/www.vuce.gob.ve\/index.php\/2022\/11\/06\/presidente-maduro-llego-a-sharm-el-sheikh-para-participar-en-la-cop27\/\"},\"author\":{\"name\":\"prensaVuce\",\"@id\":\"http:\/\/www.vuce.gob.ve\/#\/schema\/person\/9948ccf612f79fdf2574612b10a3ed07\"},\"headline\":\"Presidente Maduro lleg\u00f3 a Sharm El-Sheikh para participar en la COP27\",\"datePublished\":\"2022-11-06T23:18:32+00:00\",\"dateModified\":\"2025-04-18T11:24:45+00:00\",\"mainEntityOfPage\":{\"@id\":\"http:\/\/www.vuce.gob.ve\/index.php\/2022\/11\/06\/presidente-maduro-llego-a-sharm-el-sheikh-para-participar-en-la-cop27\/\"},\"wordCount\":147,\"publisher\":{\"@id\":\"http:\/\/www.vuce.gob.ve\/#organization\"},\"image\":{\"@id\":\"http:\/\/www.vuce.gob.ve\/index.php\/2022\/11\/06\/presidente-maduro-llego-a-sharm-el-sheikh-para-participar-en-la-cop27\/#primaryimage\"},\"thumbnailUrl\":\"http:\/\/www.vuce.gob.ve\/wp-content\/uploads\/2022\/11\/photo_5136416067655151504_y.jpg\",\"keywords\":[\"cop27\",\"egipto\",\"Nicolas Maduro\",\"onu\",\"venezuela\"],\"articleSection\":[\"Noticias\"],\"inLanguage\":\"es\"},{\"@type\":\"WebPage\",\"@id\":\"http:\/\/www.vuce.gob.ve\/index.php\/2022\/11\/06\/presidente-maduro-llego-a-sharm-el-sheikh-para-participar-en-la-cop27\/\",\"url\":\"http:\/\/www.vuce.gob.ve\/index.php\/2022\/11\/06\/presidente-maduro-llego-a-sharm-el-sheikh-para-participar-en-la-cop27\/\",\"name\":\"Presidente Maduro lleg\u00f3 a Sharm El-Sheikh para participar en la COP27\",\"isPartOf\":{\"@id\":\"http:\/\/www.vuce.gob.ve\/#website\"},\"primaryImageOfPage\":{\"@id\":\"http:\/\/www.vuce.gob.ve\/index.php\/2022\/11\/06\/presidente-maduro-llego-a-sharm-el-sheikh-para-participar-en-la-cop27\/#primaryimage\"},\"image\":{\"@id\":\"http:\/\/www.vuce.gob.ve\/index.php\/2022\/11\/06\/presidente-maduro-llego-a-sharm-el-sheikh-para-participar-en-la-cop27\/#primaryimage\"},\"thumbnailUrl\":\"http:\/\/www.vuce.gob.ve\/wp-content\/uploads\/2022\/11\/photo_5136416067655151504_y.jpg\",\"datePublished\":\"2022-11-06T23:18:32+00:00\",\"dateModified\":\"2025-04-18T11:24:45+00:00\",\"description\":\"El presidente de la Rep\u00fablica Bolivariana de Venezuela, Nicol\u00e1s Maduro, lleg\u00f3 a la ciudad de Sharm El-Sheikh, ubicada en Egipto, donde intervendr\u00e1 en la\",\"breadcrumb\":{\"@id\":\"http:\/\/www.vuce.gob.ve\/index.php\/2022\/11\/06\/presidente-maduro-llego-a-sharm-el-sheikh-para-participar-en-la-cop27\/#breadcrumb\"},\"inLanguage\":\"es\",\"potentialAction\":[{\"@type\":\"ReadAction\",\"target\":[\"http:\/\/www.vuce.gob.ve\/index.php\/2022\/11\/06\/presidente-maduro-llego-a-sharm-el-sheikh-para-participar-en-la-cop27\/\"]}]},{\"@type\":\"ImageObject\",\"inLanguage\":\"es\",\"@id\":\"http:\/\/www.vuce.gob.ve\/index.php\/2022\/11\/06\/presidente-maduro-llego-a-sharm-el-sheikh-para-participar-en-la-cop27\/#primaryimage\",\"url\":\"http:\/\/www.vuce.gob.ve\/wp-content\/uploads\/2022\/11\/photo_5136416067655151504_y.jpg\",\"contentUrl\":\"http:\/\/www.vuce.gob.ve\/wp-content\/uploads\/2022\/11\/photo_5136416067655151504_y.jpg\",\"width\":1280,\"height\":853},{\"@type\":\"BreadcrumbList\",\"@id\":\"http:\/\/www.vuce.gob.ve\/index.php\/2022\/11\/06\/presidente-maduro-llego-a-sharm-el-sheikh-para-participar-en-la-cop27\/#breadcrumb\",\"itemListElement\":[{\"@type\":\"ListItem\",\"position\":1,\"name\":\"Portada\",\"item\":\"http:\/\/www.vuce.gob.ve\/\"},{\"@type\":\"ListItem\",\"position\":2,\"name\":\"Presidente Maduro lleg\u00f3 a Sharm El-Sheikh para participar en la COP27\"}]},{\"@type\":\"WebSite\",\"@id\":\"http:\/\/www.vuce.gob.ve\/#website\",\"url\":\"http:\/\/www.vuce.gob.ve\/\",\"name\":\"Portal VUCE\",\"description\":\"Ventanilla \u00danica de Comercio Exterior\",\"publisher\":{\"@id\":\"http:\/\/www.vuce.gob.ve\/#organization\"},\"potentialAction\":[{\"@type\":\"SearchAction\",\"target\":{\"@type\":\"EntryPoint\",\"urlTemplate\":\"http:\/\/www.vuce.gob.ve\/?s={search_term_string}\"},\"query-input\":{\"@type\":\"PropertyValueSpecification\",\"valueRequired\":true,\"valueName\":\"search_term_string\"}}],\"inLanguage\":\"es\"},{\"@type\":\"Organization\",\"@id\":\"http:\/\/www.vuce.gob.ve\/#organization\",\"name\":\"Portal VUCE\",\"url\":\"http:\/\/www.vuce.gob.ve\/\",\"logo\":{\"@type\":\"ImageObject\",\"inLanguage\":\"es\",\"@id\":\"http:\/\/www.vuce.gob.ve\/#\/schema\/logo\/image\/\",\"url\":\"http:\/\/www.vuce.gob.ve\/wp-content\/uploads\/2022\/04\/logo-1.png\",\"contentUrl\":\"http:\/\/www.vuce.gob.ve\/wp-content\/uploads\/2022\/04\/logo-1.png\",\"width\":625,\"height\":130,\"caption\":\"Portal VUCE\"},\"image\":{\"@id\":\"http:\/\/www.vuce.gob.ve\/#\/schema\/logo\/image\/\"},\"sameAs\":[\"https:\/\/www.instagram.com\/vucevzla\/\"]},{\"@type\":\"Person\",\"@id\":\"http:\/\/www.vuce.gob.ve\/#\/schema\/person\/9948ccf612f79fdf2574612b10a3ed07\",\"name\":\"prensaVuce\",\"image\":{\"@type\":\"ImageObject\",\"inLanguage\":\"es\",\"@id\":\"http:\/\/www.vuce.gob.ve\/#\/schema\/person\/image\/\",\"url\":\"http:\/\/www.vuce.gob.ve\/wp-content\/litespeed\/avatar\/aa32f7598b0f2a0b2a870e50d786d9f3.jpg?ver=1776810912\",\"contentUrl\":\"http:\/\/www.vuce.gob.ve\/wp-content\/litespeed\/avatar\/aa32f7598b0f2a0b2a870e50d786d9f3.jpg?ver=1776810912\",\"caption\":\"prensaVuce\"},\"sameAs\":[\"http:\/\/172.30.211.18\/wordpress\"]}]}<\/script>\n<!-- \/ Yoast SEO plugin. -->","yoast_head_json":{"title":"Presidente Maduro lleg\u00f3 a Sharm El-Sheikh para participar en la COP27","description":"El presidente de la Rep\u00fablica Bolivariana de Venezuela, Nicol\u00e1s Maduro, lleg\u00f3 a la ciudad de Sharm El-Sheikh, ubicada en Egipto, donde intervendr\u00e1 en la","robots":{"index":"index","follow":"follow","max-snippet":"max-snippet:-1","max-image-preview":"max-image-preview:large","max-video-preview":"max-video-preview:-1"},"canonical":"http:\/\/www.vuce.gob.ve\/index.php\/2022\/11\/06\/presidente-maduro-llego-a-sharm-el-sheikh-para-participar-en-la-cop27\/","og_locale":"es_ES","og_type":"article","og_title":"Presidente Maduro lleg\u00f3 a Sharm El-Sheikh para participar en la COP27","og_description":"El presidente de la Rep\u00fablica Bolivariana de Venezuela, Nicol\u00e1s Maduro, lleg\u00f3 a la ciudad de Sharm El-Sheikh, ubicada en Egipto, donde intervendr\u00e1 en la","og_url":"http:\/\/www.vuce.gob.ve\/index.php\/2022\/11\/06\/presidente-maduro-llego-a-sharm-el-sheikh-para-participar-en-la-cop27\/","og_site_name":"Portal VUCE","article_publisher":"https:\/\/www.instagram.com\/vucevzla\/","article_published_time":"2022-11-06T23:18:32+00:00","article_modified_time":"2025-04-18T11:24:45+00:00","og_image":[{"width":1280,"height":853,"url":"http:\/\/www.vuce.gob.ve\/wp-content\/uploads\/2022\/11\/photo_5136416067655151504_y.jpg","type":"image\/jpeg"}],"author":"prensaVuce","twitter_card":"summary_large_image","twitter_misc":{"Escrito por":"prensaVuce","Tiempo de lectura":"1 minuto"},"schema":{"@context":"https:\/\/schema.org","@graph":[{"@type":"Article","@id":"http:\/\/www.vuce.gob.ve\/index.php\/2022\/11\/06\/presidente-maduro-llego-a-sharm-el-sheikh-para-participar-en-la-cop27\/#article","isPartOf":{"@id":"http:\/\/www.vuce.gob.ve\/index.php\/2022\/11\/06\/presidente-maduro-llego-a-sharm-el-sheikh-para-participar-en-la-cop27\/"},"author":{"name":"prensaVuce","@id":"http:\/\/www.vuce.gob.ve\/#\/schema\/person\/9948ccf612f79fdf2574612b10a3ed07"},"headline":"Presidente Maduro lleg\u00f3 a Sharm El-Sheikh para participar en la COP27","datePublished":"2022-11-06T23:18:32+00:00","dateModified":"2025-04-18T11:24:45+00:00","mainEntityOfPage":{"@id":"http:\/\/www.vuce.gob.ve\/index.php\/2022\/11\/06\/presidente-maduro-llego-a-sharm-el-sheikh-para-participar-en-la-cop27\/"},"wordCount":147,"publisher":{"@id":"http:\/\/www.vuce.gob.ve\/#organization"},"image":{"@id":"http:\/\/www.vuce.gob.ve\/index.php\/2022\/11\/06\/presidente-maduro-llego-a-sharm-el-sheikh-para-participar-en-la-cop27\/#primaryimage"},"thumbnailUrl":"http:\/\/www.vuce.gob.ve\/wp-content\/uploads\/2022\/11\/photo_5136416067655151504_y.jpg","keywords":["cop27","egipto","Nicolas Maduro","onu","venezuela"],"articleSection":["Noticias"],"inLanguage":"es"},{"@type":"WebPage","@id":"http:\/\/www.vuce.gob.ve\/index.php\/2022\/11\/06\/presidente-maduro-llego-a-sharm-el-sheikh-para-participar-en-la-cop27\/","url":"http:\/\/www.vuce.gob.ve\/index.php\/2022\/11\/06\/presidente-maduro-llego-a-sharm-el-sheikh-para-participar-en-la-cop27\/","name":"Presidente Maduro lleg\u00f3 a Sharm El-Sheikh para participar en la COP27","isPartOf":{"@id":"http:\/\/www.vuce.gob.ve\/#website"},"primaryImageOfPage":{"@id":"http:\/\/www.vuce.gob.ve\/index.php\/2022\/11\/06\/presidente-maduro-llego-a-sharm-el-sheikh-para-participar-en-la-cop27\/#primaryimage"},"image":{"@id":"http:\/\/www.vuce.gob.ve\/index.php\/2022\/11\/06\/presidente-maduro-llego-a-sharm-el-sheikh-para-participar-en-la-cop27\/#primaryimage"},"thumbnailUrl":"http:\/\/www.vuce.gob.ve\/wp-content\/uploads\/2022\/11\/photo_5136416067655151504_y.jpg","datePublished":"2022-11-06T23:18:32+00:00","dateModified":"2025-04-18T11:24:45+00:00","description":"El presidente de la Rep\u00fablica Bolivariana de Venezuela, Nicol\u00e1s Maduro, lleg\u00f3 a la ciudad de Sharm El-Sheikh, ubicada en Egipto, donde intervendr\u00e1 en la","breadcrumb":{"@id":"http:\/\/www.vuce.gob.ve\/index.php\/2022\/11\/06\/presidente-maduro-llego-a-sharm-el-sheikh-para-participar-en-la-cop27\/#breadcrumb"},"inLanguage":"es","potentialAction":[{"@type":"ReadAction","target":["http:\/\/www.vuce.gob.ve\/index.php\/2022\/11\/06\/presidente-maduro-llego-a-sharm-el-sheikh-para-participar-en-la-cop27\/"]}]},{"@type":"ImageObject","inLanguage":"es","@id":"http:\/\/www.vuce.gob.ve\/index.php\/2022\/11\/06\/presidente-maduro-llego-a-sharm-el-sheikh-para-participar-en-la-cop27\/#primaryimage","url":"http:\/\/www.vuce.gob.ve\/wp-content\/uploads\/2022\/11\/photo_5136416067655151504_y.jpg","contentUrl":"http:\/\/www.vuce.gob.ve\/wp-content\/uploads\/2022\/11\/photo_5136416067655151504_y.jpg","width":1280,"height":853},{"@type":"BreadcrumbList","@id":"http:\/\/www.vuce.gob.ve\/index.php\/2022\/11\/06\/presidente-maduro-llego-a-sharm-el-sheikh-para-participar-en-la-cop27\/#breadcrumb","itemListElement":[{"@type":"ListItem","position":1,"name":"Portada","item":"http:\/\/www.vuce.gob.ve\/"},{"@type":"ListItem","position":2,"name":"Presidente Maduro lleg\u00f3 a Sharm El-Sheikh para participar en la COP27"}]},{"@type":"WebSite","@id":"http:\/\/www.vuce.gob.ve\/#website","url":"http:\/\/www.vuce.gob.ve\/","name":"Portal VUCE","description":"Ventanilla \u00danica de Comercio Exterior","publisher":{"@id":"http:\/\/www.vuce.gob.ve\/#organization"},"potentialAction":[{"@type":"SearchAction","target":{"@type":"EntryPoint","urlTemplate":"http:\/\/www.vuce.gob.ve\/?s={search_term_string}"},"query-input":{"@type":"PropertyValueSpecification","valueRequired":true,"valueName":"search_term_string"}}],"inLanguage":"es"},{"@type":"Organization","@id":"http:\/\/www.vuce.gob.ve\/#organization","name":"Portal VUCE","url":"http:\/\/www.vuce.gob.ve\/","logo":{"@type":"ImageObject","inLanguage":"es","@id":"http:\/\/www.vuce.gob.ve\/#\/schema\/logo\/image\/","url":"http:\/\/www.vuce.gob.ve\/wp-content\/uploads\/2022\/04\/logo-1.png","contentUrl":"http:\/\/www.vuce.gob.ve\/wp-content\/uploads\/2022\/04\/logo-1.png","width":625,"height":130,"caption":"Portal VUCE"},"image":{"@id":"http:\/\/www.vuce.gob.ve\/#\/schema\/logo\/image\/"},"sameAs":["https:\/\/www.instagram.com\/vucevzla\/"]},{"@type":"Person","@id":"http:\/\/www.vuce.gob.ve\/#\/schema\/person\/9948ccf612f79fdf2574612b10a3ed07","name":"prensaVuce","image":{"@type":"ImageObject","inLanguage":"es","@id":"http:\/\/www.vuce.gob.ve\/#\/schema\/person\/image\/","url":"http:\/\/www.vuce.gob.ve\/wp-content\/litespeed\/avatar\/aa32f7598b0f2a0b2a870e50d786d9f3.jpg?ver=1776810912","contentUrl":"http:\/\/www.vuce.gob.ve\/wp-content\/litespeed\/avatar\/aa32f7598b0f2a0b2a870e50d786d9f3.jpg?ver=1776810912","caption":"prensaVuce"},"sameAs":["http:\/\/172.30.211.18\/wordpress"]}]}},"_links":{"self":[{"href":"http:\/\/www.vuce.gob.ve\/index.php\/wp-json\/wp\/v2\/posts\/1941","targetHints":{"allow":["GET"]}}],"collection":[{"href":"http:\/\/www.vuce.gob.ve\/index.php\/wp-json\/wp\/v2\/posts"}],"about":[{"href":"http:\/\/www.vuce.gob.ve\/index.php\/wp-json\/wp\/v2\/types\/post"}],"author":[{"embeddable":true,"href":"http:\/\/www.vuce.gob.ve\/index.php\/wp-json\/wp\/v2\/users\/1"}],"replies":[{"embeddable":true,"href":"http:\/\/www.vuce.gob.ve\/index.php\/wp-json\/wp\/v2\/comments?post=1941"}],"version-history":[{"count":1,"href":"http:\/\/www.vuce.gob.ve\/index.php\/wp-json\/wp\/v2\/posts\/1941\/revisions"}],"predecessor-version":[{"id":1946,"href":"http:\/\/www.vuce.gob.ve\/index.php\/wp-json\/wp\/v2\/posts\/1941\/revisions\/1946"}],"wp:featuredmedia":[{"embeddable":true,"href":"http:\/\/www.vuce.gob.ve\/index.php\/wp-json\/wp\/v2\/media\/1942"}],"wp:attachment":[{"href":"http:\/\/www.vuce.gob.ve\/index.php\/wp-json\/wp\/v2\/media?parent=1941"}],"wp:term":[{"taxonomy":"category","embeddable":true,"href":"http:\/\/www.vuce.gob.ve\/index.php\/wp-json\/wp\/v2\/categories?post=1941"},{"taxonomy":"post_tag","embeddable":true,"href":"http:\/\/www.vuce.gob.ve\/index.php\/wp-json\/wp\/v2\/tags?post=1941"}],"curies":[{"name":"wp","href":"https:\/\/api.w.org\/{rel}","templated":true}]}}