{"id":1928,"date":"2023-04-17T17:18:00","date_gmt":"2023-04-17T17:18:00","guid":{"rendered":"http:\/\/www.vuce.gob.ve\/?p=1928"},"modified":"2025-04-18T11:24:41","modified_gmt":"2025-04-18T11:24:41","slug":"venezuela-participo-en-inauguracion-de-la-v-exposicion-internacional-de-importaciones-de-china","status":"publish","type":"post","link":"http:\/\/www.vuce.gob.ve\/index.php\/2023\/04\/17\/venezuela-participo-en-inauguracion-de-la-v-exposicion-internacional-de-importaciones-de-china\/","title":{"rendered":"Venezuela particip\u00f3 en inauguraci\u00f3n de la V Exposici\u00f3n Internacional de Importaciones de China"},"content":{"rendered":"\n<p>El viceministro de Comercio Exterior y Promoci\u00f3n de Inversiones, Johann \u00c1lvarez M\u00e1rquez y el presidente del Banco de Desarrollo Econ\u00f3mico y Social de Venezuela (Bandes), H\u00e9ctor Obreg\u00f3n, participaron de forma virtual, en el acto inaugural de la V Exposici\u00f3n Internacional de Importaciones de China (CIIE por sus siglas en ingl\u00e9s), que cont\u00f3 con la intervenci\u00f3n del presidente Xi Jinping.<\/p>\n\n\n\n<p>El evento, que se celebr\u00f3 en el Centro Nacional de Exposiciones y Convenciones de Shangh\u00e0i en la Rep\u00fablica Popular de China, demostr\u00f3 ante el mundo su voluntad de compartir las oportunidades del mercado y la recuperaci\u00f3n econ\u00f3mica global.<\/p>\n\n\n\n<p>\u201cChina persiste en la pol\u00edtica estatal fundamental de apertura al exterior, de beneficios mutuos y ganancias compartidas (\u2026), y fomenta la construcci\u00f3n de una econom\u00eda mundial abierta\u201d, expres\u00f3 el presidente Xi Jinping.<\/p>\n\n\n\n<figure class=\"wp-block-gallery has-nested-images columns-default is-cropped wp-block-gallery-1 is-layout-flex wp-block-gallery-is-layout-flex\">\n<figure class=\"wp-block-image size-large\"><img loading=\"lazy\" decoding=\"async\" width=\"1024\" height=\"683\" data-id=\"1931\" src=\"http:\/\/www.vuce.gob.ve\/wp-content\/uploads\/2022\/11\/photo_5127600217783380648_y-1.jpg\" alt=\"\" class=\"wp-image-1931\" srcset=\"http:\/\/www.vuce.gob.ve\/wp-content\/uploads\/2022\/11\/photo_5127600217783380648_y-1.jpg 1024w, http:\/\/www.vuce.gob.ve\/wp-content\/uploads\/2022\/11\/photo_5127600217783380648_y-1-300x200.jpg 300w, http:\/\/www.vuce.gob.ve\/wp-content\/uploads\/2022\/11\/photo_5127600217783380648_y-1-768x512.jpg 768w\" sizes=\"auto, (max-width: 1024px) 100vw, 1024px\" \/><\/figure>\n\n\n\n<figure class=\"wp-block-image size-large\"><img loading=\"lazy\" decoding=\"async\" width=\"1080\" height=\"720\" data-id=\"1930\" src=\"http:\/\/www.vuce.gob.ve\/wp-content\/uploads\/2022\/11\/photo_5127600217783380650_y-1.jpg\" alt=\"\" class=\"wp-image-1930\" srcset=\"http:\/\/www.vuce.gob.ve\/wp-content\/uploads\/2022\/11\/photo_5127600217783380650_y-1.jpg 1080w, http:\/\/www.vuce.gob.ve\/wp-content\/uploads\/2022\/11\/photo_5127600217783380650_y-1-300x200.jpg 300w, http:\/\/www.vuce.gob.ve\/wp-content\/uploads\/2022\/11\/photo_5127600217783380650_y-1-1024x683.jpg 1024w, http:\/\/www.vuce.gob.ve\/wp-content\/uploads\/2022\/11\/photo_5127600217783380650_y-1-768x512.jpg 768w\" sizes=\"auto, (max-width: 1080px) 100vw, 1080px\" \/><\/figure>\n\n\n\n<figure class=\"wp-block-image size-large\"><img loading=\"lazy\" decoding=\"async\" width=\"1080\" height=\"720\" data-id=\"1929\" src=\"http:\/\/www.vuce.gob.ve\/wp-content\/uploads\/2022\/11\/photo_5127600217783380651_y-1.jpg\" alt=\"\" class=\"wp-image-1929\" srcset=\"http:\/\/www.vuce.gob.ve\/wp-content\/uploads\/2022\/11\/photo_5127600217783380651_y-1.jpg 1080w, http:\/\/www.vuce.gob.ve\/wp-content\/uploads\/2022\/11\/photo_5127600217783380651_y-1-300x200.jpg 300w, http:\/\/www.vuce.gob.ve\/wp-content\/uploads\/2022\/11\/photo_5127600217783380651_y-1-1024x683.jpg 1024w, http:\/\/www.vuce.gob.ve\/wp-content\/uploads\/2022\/11\/photo_5127600217783380651_y-1-768x512.jpg 768w\" sizes=\"auto, (max-width: 1080px) 100vw, 1080px\" \/><\/figure>\n<\/figure>\n\n\n\n<p>La V Exposici\u00f3n Internacional de Importaciones de China es una muestra centrada en las importaciones a escala mundial.<\/p>\n\n\n\n<p>Este a\u00f1o, Venezuela contar\u00e1 con un Pabell\u00f3n de Exposici\u00f3n Digital, donde exhibir\u00e1 su cultura y sus productos emblem\u00e1ticos.<\/p>\n\n\n\n<p>La CIIE es un espacio que proporciona canales para que los pa\u00edses de todas las regiones hagan negocios, fortalezcan la cooperaci\u00f3n, el intercambio cultural y promuevan la prosperidad com\u00fan de la econom\u00eda y el comercio mundial.<\/p>\n\n\n\n<p><strong>Prensa: VCEPI<\/strong><\/p>\n","protected":false},"excerpt":{"rendered":"<p>El viceministro de Comercio Exterior y Promoci\u00f3n de Inversiones, Johann \u00c1lvarez M\u00e1rquez y el presidente del Banco de Desarrollo Econ\u00f3mico y Social de Venezuela (Bandes), H\u00e9ctor Obreg\u00f3n, participaron de forma virtual, en el acto inaugural de la V Exposici\u00f3n Internacional de Importaciones de China (CIIE por sus siglas en ingl\u00e9s), que cont\u00f3 con la intervenci\u00f3n &hellip;<\/p>\n<p class=\"read-more\"> <a class=\"\" href=\"http:\/\/www.vuce.gob.ve\/index.php\/2023\/04\/17\/venezuela-participo-en-inauguracion-de-la-v-exposicion-internacional-de-importaciones-de-china\/\"> <span class=\"screen-reader-text\">Venezuela particip\u00f3 en inauguraci\u00f3n de la V Exposici\u00f3n Internacional de Importaciones de China<\/span> Leer m\u00e1s &raquo;<\/a><\/p>\n","protected":false},"author":1,"featured_media":1932,"comment_status":"closed","ping_status":"open","sticky":false,"template":"","format":"standard","meta":{"site-sidebar-layout":"default","site-content-layout":"default","ast-global-header-display":"","ast-main-header-display":"","ast-hfb-above-header-display":"","ast-hfb-below-header-display":"","ast-hfb-mobile-header-display":"","site-post-title":"","ast-breadcrumbs-content":"","ast-featured-img":"","footer-sml-layout":"","theme-transparent-header-meta":"","adv-header-id-meta":"","stick-header-meta":"","header-above-stick-meta":"","header-main-stick-meta":"","header-below-stick-meta":"","footnotes":""},"categories":[10],"tags":[38],"class_list":["post-1928","post","type-post","status-publish","format-standard","has-post-thumbnail","hentry","category-noticias","tag-china"],"yoast_head":"<!-- This site is optimized with the Yoast SEO plugin v25.7 - https:\/\/yoast.com\/wordpress\/plugins\/seo\/ -->\n<title>Venezuela particip\u00f3 en inauguraci\u00f3n de la V Exposici\u00f3n Internacional de Importaciones de China<\/title>\n<meta name=\"description\" content=\"El viceministro de Comercio Exterior y Promoci\u00f3n de Inversiones, Johann \u00c1lvarez M\u00e1rquez y el presidente del Banco de Desarrollo Econ\u00f3mico y Social de\" \/>\n<meta name=\"robots\" content=\"index, follow, max-snippet:-1, max-image-preview:large, max-video-preview:-1\" \/>\n<link rel=\"canonical\" href=\"http:\/\/www.vuce.gob.ve\/index.php\/2023\/04\/17\/venezuela-participo-en-inauguracion-de-la-v-exposicion-internacional-de-importaciones-de-china\/\" \/>\n<meta property=\"og:locale\" content=\"es_ES\" \/>\n<meta property=\"og:type\" content=\"article\" \/>\n<meta property=\"og:title\" content=\"Venezuela particip\u00f3 en inauguraci\u00f3n de la V Exposici\u00f3n Internacional de Importaciones de China\" \/>\n<meta property=\"og:description\" content=\"El viceministro de Comercio Exterior y Promoci\u00f3n de Inversiones, Johann \u00c1lvarez M\u00e1rquez y el presidente del Banco de Desarrollo Econ\u00f3mico y Social de\" \/>\n<meta property=\"og:url\" content=\"http:\/\/www.vuce.gob.ve\/index.php\/2023\/04\/17\/venezuela-participo-en-inauguracion-de-la-v-exposicion-internacional-de-importaciones-de-china\/\" \/>\n<meta property=\"og:site_name\" content=\"Portal VUCE\" \/>\n<meta property=\"article:publisher\" content=\"https:\/\/www.instagram.com\/vucevzla\/\" \/>\n<meta property=\"article:published_time\" content=\"2023-04-17T17:18:00+00:00\" \/>\n<meta property=\"article:modified_time\" content=\"2025-04-18T11:24:41+00:00\" \/>\n<meta property=\"og:image\" content=\"http:\/\/www.vuce.gob.ve\/wp-content\/uploads\/2022\/11\/photo_5127600217783380649_y-1.jpg\" \/>\n\t<meta property=\"og:image:width\" content=\"1024\" \/>\n\t<meta property=\"og:image:height\" content=\"683\" \/>\n\t<meta property=\"og:image:type\" content=\"image\/jpeg\" \/>\n<meta name=\"author\" content=\"prensaVuce\" \/>\n<meta name=\"twitter:card\" content=\"summary_large_image\" \/>\n<meta name=\"twitter:label1\" content=\"Escrito por\" \/>\n\t<meta name=\"twitter:data1\" content=\"prensaVuce\" \/>\n\t<meta name=\"twitter:label2\" content=\"Tiempo de lectura\" \/>\n\t<meta name=\"twitter:data2\" content=\"1 minuto\" \/>\n<script type=\"application\/ld+json\" class=\"yoast-schema-graph\">{\"@context\":\"https:\/\/schema.org\",\"@graph\":[{\"@type\":\"Article\",\"@id\":\"http:\/\/www.vuce.gob.ve\/index.php\/2023\/04\/17\/venezuela-participo-en-inauguracion-de-la-v-exposicion-internacional-de-importaciones-de-china\/#article\",\"isPartOf\":{\"@id\":\"http:\/\/www.vuce.gob.ve\/index.php\/2023\/04\/17\/venezuela-participo-en-inauguracion-de-la-v-exposicion-internacional-de-importaciones-de-china\/\"},\"author\":{\"name\":\"prensaVuce\",\"@id\":\"http:\/\/www.vuce.gob.ve\/#\/schema\/person\/9948ccf612f79fdf2574612b10a3ed07\"},\"headline\":\"Venezuela particip\u00f3 en inauguraci\u00f3n de la V Exposici\u00f3n Internacional de Importaciones de China\",\"datePublished\":\"2023-04-17T17:18:00+00:00\",\"dateModified\":\"2025-04-18T11:24:41+00:00\",\"mainEntityOfPage\":{\"@id\":\"http:\/\/www.vuce.gob.ve\/index.php\/2023\/04\/17\/venezuela-participo-en-inauguracion-de-la-v-exposicion-internacional-de-importaciones-de-china\/\"},\"wordCount\":241,\"publisher\":{\"@id\":\"http:\/\/www.vuce.gob.ve\/#organization\"},\"image\":{\"@id\":\"http:\/\/www.vuce.gob.ve\/index.php\/2023\/04\/17\/venezuela-participo-en-inauguracion-de-la-v-exposicion-internacional-de-importaciones-de-china\/#primaryimage\"},\"thumbnailUrl\":\"http:\/\/www.vuce.gob.ve\/wp-content\/uploads\/2022\/11\/photo_5127600217783380649_y-1.jpg\",\"keywords\":[\"china\"],\"articleSection\":[\"Noticias\"],\"inLanguage\":\"es\"},{\"@type\":\"WebPage\",\"@id\":\"http:\/\/www.vuce.gob.ve\/index.php\/2023\/04\/17\/venezuela-participo-en-inauguracion-de-la-v-exposicion-internacional-de-importaciones-de-china\/\",\"url\":\"http:\/\/www.vuce.gob.ve\/index.php\/2023\/04\/17\/venezuela-participo-en-inauguracion-de-la-v-exposicion-internacional-de-importaciones-de-china\/\",\"name\":\"Venezuela particip\u00f3 en inauguraci\u00f3n de la V Exposici\u00f3n Internacional de Importaciones de China\",\"isPartOf\":{\"@id\":\"http:\/\/www.vuce.gob.ve\/#website\"},\"primaryImageOfPage\":{\"@id\":\"http:\/\/www.vuce.gob.ve\/index.php\/2023\/04\/17\/venezuela-participo-en-inauguracion-de-la-v-exposicion-internacional-de-importaciones-de-china\/#primaryimage\"},\"image\":{\"@id\":\"http:\/\/www.vuce.gob.ve\/index.php\/2023\/04\/17\/venezuela-participo-en-inauguracion-de-la-v-exposicion-internacional-de-importaciones-de-china\/#primaryimage\"},\"thumbnailUrl\":\"http:\/\/www.vuce.gob.ve\/wp-content\/uploads\/2022\/11\/photo_5127600217783380649_y-1.jpg\",\"datePublished\":\"2023-04-17T17:18:00+00:00\",\"dateModified\":\"2025-04-18T11:24:41+00:00\",\"description\":\"El viceministro de Comercio Exterior y Promoci\u00f3n de Inversiones, Johann \u00c1lvarez M\u00e1rquez y el presidente del Banco de Desarrollo Econ\u00f3mico y Social de\",\"breadcrumb\":{\"@id\":\"http:\/\/www.vuce.gob.ve\/index.php\/2023\/04\/17\/venezuela-participo-en-inauguracion-de-la-v-exposicion-internacional-de-importaciones-de-china\/#breadcrumb\"},\"inLanguage\":\"es\",\"potentialAction\":[{\"@type\":\"ReadAction\",\"target\":[\"http:\/\/www.vuce.gob.ve\/index.php\/2023\/04\/17\/venezuela-participo-en-inauguracion-de-la-v-exposicion-internacional-de-importaciones-de-china\/\"]}]},{\"@type\":\"ImageObject\",\"inLanguage\":\"es\",\"@id\":\"http:\/\/www.vuce.gob.ve\/index.php\/2023\/04\/17\/venezuela-participo-en-inauguracion-de-la-v-exposicion-internacional-de-importaciones-de-china\/#primaryimage\",\"url\":\"http:\/\/www.vuce.gob.ve\/wp-content\/uploads\/2022\/11\/photo_5127600217783380649_y-1.jpg\",\"contentUrl\":\"http:\/\/www.vuce.gob.ve\/wp-content\/uploads\/2022\/11\/photo_5127600217783380649_y-1.jpg\",\"width\":1024,\"height\":683},{\"@type\":\"BreadcrumbList\",\"@id\":\"http:\/\/www.vuce.gob.ve\/index.php\/2023\/04\/17\/venezuela-participo-en-inauguracion-de-la-v-exposicion-internacional-de-importaciones-de-china\/#breadcrumb\",\"itemListElement\":[{\"@type\":\"ListItem\",\"position\":1,\"name\":\"Portada\",\"item\":\"http:\/\/www.vuce.gob.ve\/\"},{\"@type\":\"ListItem\",\"position\":2,\"name\":\"Venezuela particip\u00f3 en inauguraci\u00f3n de la V Exposici\u00f3n Internacional de Importaciones de China\"}]},{\"@type\":\"WebSite\",\"@id\":\"http:\/\/www.vuce.gob.ve\/#website\",\"url\":\"http:\/\/www.vuce.gob.ve\/\",\"name\":\"Portal VUCE\",\"description\":\"Ventanilla \u00danica de Comercio Exterior\",\"publisher\":{\"@id\":\"http:\/\/www.vuce.gob.ve\/#organization\"},\"potentialAction\":[{\"@type\":\"SearchAction\",\"target\":{\"@type\":\"EntryPoint\",\"urlTemplate\":\"http:\/\/www.vuce.gob.ve\/?s={search_term_string}\"},\"query-input\":{\"@type\":\"PropertyValueSpecification\",\"valueRequired\":true,\"valueName\":\"search_term_string\"}}],\"inLanguage\":\"es\"},{\"@type\":\"Organization\",\"@id\":\"http:\/\/www.vuce.gob.ve\/#organization\",\"name\":\"Portal VUCE\",\"url\":\"http:\/\/www.vuce.gob.ve\/\",\"logo\":{\"@type\":\"ImageObject\",\"inLanguage\":\"es\",\"@id\":\"http:\/\/www.vuce.gob.ve\/#\/schema\/logo\/image\/\",\"url\":\"http:\/\/www.vuce.gob.ve\/wp-content\/uploads\/2022\/04\/logo-1.png\",\"contentUrl\":\"http:\/\/www.vuce.gob.ve\/wp-content\/uploads\/2022\/04\/logo-1.png\",\"width\":625,\"height\":130,\"caption\":\"Portal VUCE\"},\"image\":{\"@id\":\"http:\/\/www.vuce.gob.ve\/#\/schema\/logo\/image\/\"},\"sameAs\":[\"https:\/\/www.instagram.com\/vucevzla\/\"]},{\"@type\":\"Person\",\"@id\":\"http:\/\/www.vuce.gob.ve\/#\/schema\/person\/9948ccf612f79fdf2574612b10a3ed07\",\"name\":\"prensaVuce\",\"image\":{\"@type\":\"ImageObject\",\"inLanguage\":\"es\",\"@id\":\"http:\/\/www.vuce.gob.ve\/#\/schema\/person\/image\/\",\"url\":\"http:\/\/www.vuce.gob.ve\/wp-content\/litespeed\/avatar\/aa32f7598b0f2a0b2a870e50d786d9f3.jpg?ver=1777417623\",\"contentUrl\":\"http:\/\/www.vuce.gob.ve\/wp-content\/litespeed\/avatar\/aa32f7598b0f2a0b2a870e50d786d9f3.jpg?ver=1777417623\",\"caption\":\"prensaVuce\"},\"sameAs\":[\"http:\/\/172.30.211.18\/wordpress\"]}]}<\/script>\n<!-- \/ Yoast SEO plugin. -->","yoast_head_json":{"title":"Venezuela particip\u00f3 en inauguraci\u00f3n de la V Exposici\u00f3n Internacional de Importaciones de China","description":"El viceministro de Comercio Exterior y Promoci\u00f3n de Inversiones, Johann \u00c1lvarez M\u00e1rquez y el presidente del Banco de Desarrollo Econ\u00f3mico y Social de","robots":{"index":"index","follow":"follow","max-snippet":"max-snippet:-1","max-image-preview":"max-image-preview:large","max-video-preview":"max-video-preview:-1"},"canonical":"http:\/\/www.vuce.gob.ve\/index.php\/2023\/04\/17\/venezuela-participo-en-inauguracion-de-la-v-exposicion-internacional-de-importaciones-de-china\/","og_locale":"es_ES","og_type":"article","og_title":"Venezuela particip\u00f3 en inauguraci\u00f3n de la V Exposici\u00f3n Internacional de Importaciones de China","og_description":"El viceministro de Comercio Exterior y Promoci\u00f3n de Inversiones, Johann \u00c1lvarez M\u00e1rquez y el presidente del Banco de Desarrollo Econ\u00f3mico y Social de","og_url":"http:\/\/www.vuce.gob.ve\/index.php\/2023\/04\/17\/venezuela-participo-en-inauguracion-de-la-v-exposicion-internacional-de-importaciones-de-china\/","og_site_name":"Portal VUCE","article_publisher":"https:\/\/www.instagram.com\/vucevzla\/","article_published_time":"2023-04-17T17:18:00+00:00","article_modified_time":"2025-04-18T11:24:41+00:00","og_image":[{"width":1024,"height":683,"url":"http:\/\/www.vuce.gob.ve\/wp-content\/uploads\/2022\/11\/photo_5127600217783380649_y-1.jpg","type":"image\/jpeg"}],"author":"prensaVuce","twitter_card":"summary_large_image","twitter_misc":{"Escrito por":"prensaVuce","Tiempo de lectura":"1 minuto"},"schema":{"@context":"https:\/\/schema.org","@graph":[{"@type":"Article","@id":"http:\/\/www.vuce.gob.ve\/index.php\/2023\/04\/17\/venezuela-participo-en-inauguracion-de-la-v-exposicion-internacional-de-importaciones-de-china\/#article","isPartOf":{"@id":"http:\/\/www.vuce.gob.ve\/index.php\/2023\/04\/17\/venezuela-participo-en-inauguracion-de-la-v-exposicion-internacional-de-importaciones-de-china\/"},"author":{"name":"prensaVuce","@id":"http:\/\/www.vuce.gob.ve\/#\/schema\/person\/9948ccf612f79fdf2574612b10a3ed07"},"headline":"Venezuela particip\u00f3 en inauguraci\u00f3n de la V Exposici\u00f3n Internacional de Importaciones de China","datePublished":"2023-04-17T17:18:00+00:00","dateModified":"2025-04-18T11:24:41+00:00","mainEntityOfPage":{"@id":"http:\/\/www.vuce.gob.ve\/index.php\/2023\/04\/17\/venezuela-participo-en-inauguracion-de-la-v-exposicion-internacional-de-importaciones-de-china\/"},"wordCount":241,"publisher":{"@id":"http:\/\/www.vuce.gob.ve\/#organization"},"image":{"@id":"http:\/\/www.vuce.gob.ve\/index.php\/2023\/04\/17\/venezuela-participo-en-inauguracion-de-la-v-exposicion-internacional-de-importaciones-de-china\/#primaryimage"},"thumbnailUrl":"http:\/\/www.vuce.gob.ve\/wp-content\/uploads\/2022\/11\/photo_5127600217783380649_y-1.jpg","keywords":["china"],"articleSection":["Noticias"],"inLanguage":"es"},{"@type":"WebPage","@id":"http:\/\/www.vuce.gob.ve\/index.php\/2023\/04\/17\/venezuela-participo-en-inauguracion-de-la-v-exposicion-internacional-de-importaciones-de-china\/","url":"http:\/\/www.vuce.gob.ve\/index.php\/2023\/04\/17\/venezuela-participo-en-inauguracion-de-la-v-exposicion-internacional-de-importaciones-de-china\/","name":"Venezuela particip\u00f3 en inauguraci\u00f3n de la V Exposici\u00f3n Internacional de Importaciones de China","isPartOf":{"@id":"http:\/\/www.vuce.gob.ve\/#website"},"primaryImageOfPage":{"@id":"http:\/\/www.vuce.gob.ve\/index.php\/2023\/04\/17\/venezuela-participo-en-inauguracion-de-la-v-exposicion-internacional-de-importaciones-de-china\/#primaryimage"},"image":{"@id":"http:\/\/www.vuce.gob.ve\/index.php\/2023\/04\/17\/venezuela-participo-en-inauguracion-de-la-v-exposicion-internacional-de-importaciones-de-china\/#primaryimage"},"thumbnailUrl":"http:\/\/www.vuce.gob.ve\/wp-content\/uploads\/2022\/11\/photo_5127600217783380649_y-1.jpg","datePublished":"2023-04-17T17:18:00+00:00","dateModified":"2025-04-18T11:24:41+00:00","description":"El viceministro de Comercio Exterior y Promoci\u00f3n de Inversiones, Johann \u00c1lvarez M\u00e1rquez y el presidente del Banco de Desarrollo Econ\u00f3mico y Social de","breadcrumb":{"@id":"http:\/\/www.vuce.gob.ve\/index.php\/2023\/04\/17\/venezuela-participo-en-inauguracion-de-la-v-exposicion-internacional-de-importaciones-de-china\/#breadcrumb"},"inLanguage":"es","potentialAction":[{"@type":"ReadAction","target":["http:\/\/www.vuce.gob.ve\/index.php\/2023\/04\/17\/venezuela-participo-en-inauguracion-de-la-v-exposicion-internacional-de-importaciones-de-china\/"]}]},{"@type":"ImageObject","inLanguage":"es","@id":"http:\/\/www.vuce.gob.ve\/index.php\/2023\/04\/17\/venezuela-participo-en-inauguracion-de-la-v-exposicion-internacional-de-importaciones-de-china\/#primaryimage","url":"http:\/\/www.vuce.gob.ve\/wp-content\/uploads\/2022\/11\/photo_5127600217783380649_y-1.jpg","contentUrl":"http:\/\/www.vuce.gob.ve\/wp-content\/uploads\/2022\/11\/photo_5127600217783380649_y-1.jpg","width":1024,"height":683},{"@type":"BreadcrumbList","@id":"http:\/\/www.vuce.gob.ve\/index.php\/2023\/04\/17\/venezuela-participo-en-inauguracion-de-la-v-exposicion-internacional-de-importaciones-de-china\/#breadcrumb","itemListElement":[{"@type":"ListItem","position":1,"name":"Portada","item":"http:\/\/www.vuce.gob.ve\/"},{"@type":"ListItem","position":2,"name":"Venezuela particip\u00f3 en inauguraci\u00f3n de la V Exposici\u00f3n Internacional de Importaciones de China"}]},{"@type":"WebSite","@id":"http:\/\/www.vuce.gob.ve\/#website","url":"http:\/\/www.vuce.gob.ve\/","name":"Portal VUCE","description":"Ventanilla \u00danica de Comercio Exterior","publisher":{"@id":"http:\/\/www.vuce.gob.ve\/#organization"},"potentialAction":[{"@type":"SearchAction","target":{"@type":"EntryPoint","urlTemplate":"http:\/\/www.vuce.gob.ve\/?s={search_term_string}"},"query-input":{"@type":"PropertyValueSpecification","valueRequired":true,"valueName":"search_term_string"}}],"inLanguage":"es"},{"@type":"Organization","@id":"http:\/\/www.vuce.gob.ve\/#organization","name":"Portal VUCE","url":"http:\/\/www.vuce.gob.ve\/","logo":{"@type":"ImageObject","inLanguage":"es","@id":"http:\/\/www.vuce.gob.ve\/#\/schema\/logo\/image\/","url":"http:\/\/www.vuce.gob.ve\/wp-content\/uploads\/2022\/04\/logo-1.png","contentUrl":"http:\/\/www.vuce.gob.ve\/wp-content\/uploads\/2022\/04\/logo-1.png","width":625,"height":130,"caption":"Portal VUCE"},"image":{"@id":"http:\/\/www.vuce.gob.ve\/#\/schema\/logo\/image\/"},"sameAs":["https:\/\/www.instagram.com\/vucevzla\/"]},{"@type":"Person","@id":"http:\/\/www.vuce.gob.ve\/#\/schema\/person\/9948ccf612f79fdf2574612b10a3ed07","name":"prensaVuce","image":{"@type":"ImageObject","inLanguage":"es","@id":"http:\/\/www.vuce.gob.ve\/#\/schema\/person\/image\/","url":"http:\/\/www.vuce.gob.ve\/wp-content\/litespeed\/avatar\/aa32f7598b0f2a0b2a870e50d786d9f3.jpg?ver=1777417623","contentUrl":"http:\/\/www.vuce.gob.ve\/wp-content\/litespeed\/avatar\/aa32f7598b0f2a0b2a870e50d786d9f3.jpg?ver=1777417623","caption":"prensaVuce"},"sameAs":["http:\/\/172.30.211.18\/wordpress"]}]}},"_links":{"self":[{"href":"http:\/\/www.vuce.gob.ve\/index.php\/wp-json\/wp\/v2\/posts\/1928","targetHints":{"allow":["GET"]}}],"collection":[{"href":"http:\/\/www.vuce.gob.ve\/index.php\/wp-json\/wp\/v2\/posts"}],"about":[{"href":"http:\/\/www.vuce.gob.ve\/index.php\/wp-json\/wp\/v2\/types\/post"}],"author":[{"embeddable":true,"href":"http:\/\/www.vuce.gob.ve\/index.php\/wp-json\/wp\/v2\/users\/1"}],"replies":[{"embeddable":true,"href":"http:\/\/www.vuce.gob.ve\/index.php\/wp-json\/wp\/v2\/comments?post=1928"}],"version-history":[{"count":1,"href":"http:\/\/www.vuce.gob.ve\/index.php\/wp-json\/wp\/v2\/posts\/1928\/revisions"}],"predecessor-version":[{"id":1933,"href":"http:\/\/www.vuce.gob.ve\/index.php\/wp-json\/wp\/v2\/posts\/1928\/revisions\/1933"}],"wp:featuredmedia":[{"embeddable":true,"href":"http:\/\/www.vuce.gob.ve\/index.php\/wp-json\/wp\/v2\/media\/1932"}],"wp:attachment":[{"href":"http:\/\/www.vuce.gob.ve\/index.php\/wp-json\/wp\/v2\/media?parent=1928"}],"wp:term":[{"taxonomy":"category","embeddable":true,"href":"http:\/\/www.vuce.gob.ve\/index.php\/wp-json\/wp\/v2\/categories?post=1928"},{"taxonomy":"post_tag","embeddable":true,"href":"http:\/\/www.vuce.gob.ve\/index.php\/wp-json\/wp\/v2\/tags?post=1928"}],"curies":[{"name":"wp","href":"https:\/\/api.w.org\/{rel}","templated":true}]}}